{"id":21541,"date":"2017-07-13T12:34:27","date_gmt":"2017-07-13T10:34:27","guid":{"rendered":"http:\/\/iuzb.de\/?p=21541"},"modified":"2017-07-13T12:45:13","modified_gmt":"2017-07-13T10:45:13","slug":"kv-berlin-akzeptiert-gerichtsurteil-vorstandsnachwahl-am-03-08-2017","status":"publish","type":"post","link":"https:\/\/iuzb.de\/?p=21541","title":{"rendered":"KV Berlin akzeptiert Gerichtsurteil &#8211; Vorstandsnachwahl am 03.08.2017"},"content":{"rendered":"<p><strong>Nach Anfechtung der Vorstandswahl der KV Berlin ist eine schnelle Nachwahl geplant<\/strong><\/p>\n<p style=\"text-align: justify;\">Mit <a href=\"https:\/\/iuzb.de\/?p=21460\" target=\"_blank\" rel=\"noopener\">Urteil vom 05. Juli 2017<\/a> hat das Sozialgericht Berlin entschieden, dass nur die Wahl des dritten Vorstandsmitglieds der Kassen\u00e4rztlichen Vereinigung (KV) Berlin vom 11. Februar 2017 ung\u00fcltig und zu wiederholen sei. Die Urteilsgr\u00fcnde dieser Entscheidung liegen noch nicht vor. Prozessbeobachter hatten berichtet, dass es sich um eine sehr knappe Entscheidung gehandelt habe. Auch wenn das Urteil noch nicht rechtskr\u00e4ftig ist, ist nun vorgesehen, das Urteil des Sozialgerichts Berlin zu akzeptieren und bereits am 03. August 2017 das dritte Vorstandsmitglied nachzuw\u00e4hlen.<\/p>\n<p style=\"text-align: justify;\">Dr. Christiane Wessel, Vorsitzende der Vertreterversammlung der KV Berlin, erkl\u00e4rte: \u201eBereits in der <a href=\"https:\/\/www.kvberlin.de\/40presse\/10pressemitteilung\/pe170705.html\" target=\"_blank\" rel=\"noopener\">Pressemitteilung vom 05. Juli 2017<\/a> hatte ich bekr\u00e4ftigt, dass das Urteil noch nicht rechtskr\u00e4ftig ist und Herr Scherer weiterhin Mitglied im Vorstand ist. Um die Handlungsf\u00e4higkeit des Vorstandes weiterhin sicherzustellen, will die KV Berlin die Entscheidung des Sozialgerichtes Berlin trotz allem akzeptieren und schnell eine Nachwahl f\u00fcr das dritte Vorstandsmitglied durchf\u00fchren. Hierzu habe ich kurzfristig zu einer Sitzung der Vertreterversammlung am 03. August 2017 eingeladen.\u201c<\/p>\n<p>Quelle: KV Berlin, <a href=\"https:\/\/www.kvberlin.de\/40presse\/10pressemitteilung\/pe170713.html\" target=\"_blank\" rel=\"noopener\">Pressemitteilung<\/a> vom 13.07.2017<em><br \/>\n<\/em><\/p>\n","protected":false},"excerpt":{"rendered":"<p>Nach Anfechtung der Vorstandswahl der KV Berlin ist eine schnelle Nachwahl geplant Mit Urteil vom 05. Juli 2017 hat das Sozialgericht Berlin entschieden, dass nur die Wahl des dritten Vorstandsmitglieds [&#8230;]<\/p>\n","protected":false},"author":13,"featured_media":0,"comment_status":"open","ping_status":"closed","sticky":false,"template":"","format":"standard","meta":{"ngg_post_thumbnail":0,"iawp_total_views":1,"footnotes":""},"categories":[120,68],"tags":[],"class_list":["post-21541","post","type-post","status-publish","format-standard","hentry","category-kv-berlin","category-recht"],"_links":{"self":[{"href":"https:\/\/iuzb.de\/index.php?rest_route=\/wp\/v2\/posts\/21541","targetHints":{"allow":["GET"]}}],"collection":[{"href":"https:\/\/iuzb.de\/index.php?rest_route=\/wp\/v2\/posts"}],"about":[{"href":"https:\/\/iuzb.de\/index.php?rest_route=\/wp\/v2\/types\/post"}],"author":[{"embeddable":true,"href":"https:\/\/iuzb.de\/index.php?rest_route=\/wp\/v2\/users\/13"}],"replies":[{"embeddable":true,"href":"https:\/\/iuzb.de\/index.php?rest_route=%2Fwp%2Fv2%2Fcomments&post=21541"}],"version-history":[{"count":5,"href":"https:\/\/iuzb.de\/index.php?rest_route=\/wp\/v2\/posts\/21541\/revisions"}],"predecessor-version":[{"id":21546,"href":"https:\/\/iuzb.de\/index.php?rest_route=\/wp\/v2\/posts\/21541\/revisions\/21546"}],"wp:attachment":[{"href":"https:\/\/iuzb.de\/index.php?rest_route=%2Fwp%2Fv2%2Fmedia&parent=21541"}],"wp:term":[{"taxonomy":"category","embeddable":true,"href":"https:\/\/iuzb.de\/index.php?rest_route=%2Fwp%2Fv2%2Fcategories&post=21541"},{"taxonomy":"post_tag","embeddable":true,"href":"https:\/\/iuzb.de\/index.php?rest_route=%2Fwp%2Fv2%2Ftags&post=21541"}],"curies":[{"name":"wp","href":"https:\/\/api.w.org\/{rel}","templated":true}]}}