{"id":21403,"date":"2017-07-03T16:57:10","date_gmt":"2017-07-03T14:57:10","guid":{"rendered":"http:\/\/iuzb.de\/?p=21403"},"modified":"2017-07-09T16:18:05","modified_gmt":"2017-07-09T14:18:05","slug":"bundeskanzleramt-muss-liste-zu-abendessen-veroeffentlichen","status":"publish","type":"post","link":"https:\/\/iuzb.de\/?p=21403","title":{"rendered":"VG Berlin: Bundeskanzleramt muss Liste zu Abendessen ver\u00f6ffentlichen"},"content":{"rendered":"<div class=\"html5-section block modul-text_bild\">\n<div class=\"html5-section body\">\n<div class=\"text \">\n<div class=\"textile\">\n<p style=\"text-align: justify;\">Das Bundeskanzleramt muss Auskunft dar\u00fcber erteilen, wann und aus welchem gesellschaftlichen Anlass nicht-private Abendessen der Bundeskanzlerin im Bundeskanzleramt stattfanden, an denen auch Personen teilnahmen, die weder ein politisches Amt oder Mandat innehatten.<\/p>\n<p style=\"text-align: justify;\">Der Antragsteller ist ein eingetragener Verein, der zu seinen Zielen die F\u00f6rderung des demokratischen Staatswesens und die Aufkl\u00e4rung \u00fcber die T\u00e4tigkeiten von Abgeordneten und die Information \u00fcber politische Entscheidungsprozesse z\u00e4hlt. Er betreibt eine Internetseite, auf der er \u00fcber die Ergebnisse seiner Recherchen berichtet. Vom Bundeskanzleramt begehrte er Auskunft \u00fcber die Abendessen der Bundeskanzlerin mit fachlichem\/dienstlichem Bezug. Das Bundeskanzleramt hatte es unter anderem unter Berufung auf den Kernbereich exekutiver Eigenverantwortung abgelehnt, die begehrte Auskunft zu erteilen. Der Antragsteller forsche den innersten Bereich der Willensbildung der Bundeskanzlerin aus. Die Auskunftserteilung f\u00fchre zu einer teilweisen Vorlage des Terminkalenders der Bundeskanzlerin und greife in das allgemeine Pers\u00f6nlichkeitsrecht der G\u00e4ste der Bundeskanzlerin ein.<\/p>\n<p style=\"text-align: justify;\">Die 27. Kammer des Gerichts verpflichtete das Bundeskanzleramt im Wege der einstweiligen Anordnung zur Auskunft, nachdem der Antragsteller klargestellt hatte, dass sein Begehren nur nicht-private, das hei\u00dft dienstliche Abendessen aus gesellschaftlichem Anlass erfasse. Der Antragsteller k\u00f6nne sich auf die Rundfunkfreiheit aus <a href=\"https:\/\/www.gesetze-im-internet.de\/gg\/art_5.html\" target=\"_blank\" rel=\"noopener\">Art. 5 Abs. 1 GG<\/a> berufen, da er auf seiner Internetseite ein Telemedium mit journalistisch-redaktionell gestaltetem Angebot zur Verf\u00fcgung stelle. Der Auskunftserteilung st\u00fcnden keine schutzw\u00fcrdigen Interessen im Einzelfall entgegen. Insbesondere sei der Kernbereich exekutiver Eigenverantwortung hier nicht ber\u00fchrt. Die Auskunft betreffe keine laufenden, sondern zwischenzeitlich abgeschlossene Vorg\u00e4nge. Die Informationen lie\u00dfen weder Schl\u00fcsse auf die Willensbildung der Bundeskanzlerin zu bestimmten Themen noch auf das Ergebnis einer solchen Willensbildung oder k\u00fcnftige Regierungsentscheidungen zu. Die Funktionsf\u00e4higkeit und Eigenverantwortung der Bundeskanzlerin w\u00fcrden durch die Bekanntgabe der Informationen nicht beeintr\u00e4chtigt. Eine Verletzung der Pers\u00f6nlichkeitsrechte der G\u00e4ste vermochte die Kammer nicht zu erkennen. Die Entscheidung im Eilrechtsschutz sei angesichts des Interesses des Antragstellers, vor der bevorstehenden Bundestagswahl zu berichten, gerechtfertigt.<\/p>\n<p style=\"text-align: justify;\">Gegen den Beschluss kann Beschwerde beim Oberverwaltungsgericht Berlin-Brandenburg eingelegt werden.<\/p>\n<p style=\"text-align: justify;\">Ein entsprechender Antrag des Antragstellers nach dem <a href=\"https:\/\/www.gesetze-im-internet.de\/ifg\/\" target=\"_blank\" rel=\"noopener\">Informationsfreiheitsgesetz des Bundes<\/a> hatte vor der 2. Kammer (VG 2 L 83.17) keinen Erfolg.<\/p>\n<ul>\n<li><strong><strong>Beschluss der 27. Kammer vom 23. Juni 2017 (VG 27 L 295.17)<\/strong><\/strong><\/li>\n<li><a href=\"http:\/\/www.berlin.de\/gerichte\/verwaltungsgericht\/presse\/pressemitteilungen\/2016\/27-l-0295-17-170623-beschluss-anonymisiert.pdf\" target=\"_blank\" rel=\"noopener\"><strong>Beschluss-anonymisiert<\/strong><\/a><\/li>\n<\/ul>\n<p>Quelle: Verwaltungsgericht Berlin Berlin, <a href=\"http:\/\/www.berlin.de\/gerichte\/verwaltungsgericht\/presse\/pressemitteilungen\/2017\/pressemitteilung.608086.php\" target=\"_blank\" rel=\"noopener\">Pressemitteilung Nummer 24\/2017<\/a> vom 03.07.2017<\/p>\n<p><span style=\"color: #ffffff;\">.<\/span><\/p>\n<p><span style=\"color: #ffffff;\">.<\/span><\/p>\n<\/div>\n<\/div>\n<\/div>\n<\/div>\n<p><strong><span style=\"text-decoration: underline;\">Hintergrund\/Weiterf\u00fchrend:<\/span><\/strong><\/p>\n<p><a href=\"https:\/\/www.abgeordnetenwatch.de\/blog\/2017-07-03\/gericht-kanzleramt-muss-abgeordnetenwatchde-auskunft-zu-lobbyisten-abendessen-der\" target=\"_blank\" rel=\"noopener\">Gericht: Kanzleramt muss abgeordnetenwatch.de Auskunft zu Lobbyisten-Abendessen der Kanzlerin erteilen<\/a><\/p>\n<p>&nbsp;<\/p>\n<div class=\"html5-section block modul-text_bild\">\n<div class=\"html5-section body\">\n<div class=\"text \">\n<div class=\"textile\">\n<p><span style=\"background-color: #ffffff; color: #ffffff;\">.<\/span><\/p>\n<\/div>\n<\/div>\n<\/div>\n<\/div>\n","protected":false},"excerpt":{"rendered":"<p>Das Bundeskanzleramt muss Auskunft dar\u00fcber erteilen, wann und aus welchem gesellschaftlichen Anlass nicht-private Abendessen der Bundeskanzlerin im Bundeskanzleramt stattfanden, an denen auch Personen teilnahmen, die weder ein politisches Amt oder [&#8230;]<\/p>\n","protected":false},"author":13,"featured_media":0,"comment_status":"open","ping_status":"closed","sticky":false,"template":"","format":"standard","meta":{"ngg_post_thumbnail":0,"iawp_total_views":0,"footnotes":""},"categories":[108,68],"tags":[],"class_list":["post-21403","post","type-post","status-publish","format-standard","hentry","category-datenschutz-und-informationsfreiheit","category-recht"],"_links":{"self":[{"href":"https:\/\/iuzb.de\/index.php?rest_route=\/wp\/v2\/posts\/21403","targetHints":{"allow":["GET"]}}],"collection":[{"href":"https:\/\/iuzb.de\/index.php?rest_route=\/wp\/v2\/posts"}],"about":[{"href":"https:\/\/iuzb.de\/index.php?rest_route=\/wp\/v2\/types\/post"}],"author":[{"embeddable":true,"href":"https:\/\/iuzb.de\/index.php?rest_route=\/wp\/v2\/users\/13"}],"replies":[{"embeddable":true,"href":"https:\/\/iuzb.de\/index.php?rest_route=%2Fwp%2Fv2%2Fcomments&post=21403"}],"version-history":[{"count":6,"href":"https:\/\/iuzb.de\/index.php?rest_route=\/wp\/v2\/posts\/21403\/revisions"}],"predecessor-version":[{"id":21476,"href":"https:\/\/iuzb.de\/index.php?rest_route=\/wp\/v2\/posts\/21403\/revisions\/21476"}],"wp:attachment":[{"href":"https:\/\/iuzb.de\/index.php?rest_route=%2Fwp%2Fv2%2Fmedia&parent=21403"}],"wp:term":[{"taxonomy":"category","embeddable":true,"href":"https:\/\/iuzb.de\/index.php?rest_route=%2Fwp%2Fv2%2Fcategories&post=21403"},{"taxonomy":"post_tag","embeddable":true,"href":"https:\/\/iuzb.de\/index.php?rest_route=%2Fwp%2Fv2%2Ftags&post=21403"}],"curies":[{"name":"wp","href":"https:\/\/api.w.org\/{rel}","templated":true}]}}