{"id":2103,"date":"2011-04-23T08:49:00","date_gmt":"2011-04-23T07:49:00","guid":{"rendered":"http:\/\/uwe-gerber.de\/wordpress\/?p=2103"},"modified":"2023-04-14T17:33:22","modified_gmt":"2023-04-14T15:33:22","slug":"berliner-verwaltungsgericht-starkt-partizipationsgerechtigkeit-zugunsten-von-minderheitenfraktionen-in-selbstverwaltungskorperschaften","status":"publish","type":"post","link":"https:\/\/iuzb.de\/?p=2103","title":{"rendered":"Berliner Verwaltungsgericht st\u00e4rkt Partizipationsgerechtigkeit zugunsten von Minderheitenfraktionen in Selbstverwaltungsk\u00f6rperschaften"},"content":{"rendered":"<p style=\"text-align: justify;\">In einem bemerkenswerten Urteil vom 09. Februar 2011 (<a href=\"https:\/\/iuzb.de\/wp-content\/uploads\/2011\/06\/Urteil_VG_Berlin_-_14_K_223.09_vom_09.02.2011-1.pdf\" target=\"_blank\" rel=\"noopener\">Az 14 K 223.09<\/a>) f\u00fchrt das Berliner Verwaltungsgericht begr\u00fcndet aus, dass der Spiegelbildlichkeitsgrundsatz, &#8222;<em>demzufolge Aussch\u00fcsse eines Parlamentes die Zusammensetzung des Plenums verkleinert abbilden m\u00fcssen<\/em> &#8222;, auch f\u00fcr Selbstverwaltungsk\u00f6rperschaften zur Anwendung kommen muss. Gleiches gilt f\u00fcr den Grundsatz der Diskontinuit\u00e4t, das also die Legitimation von Aussch\u00fcssen zeitlich nicht weiter reichen kann, als die eines Parlamentes selbst.<\/p>\n<p style=\"text-align: justify;\">Anlass ist ein Klageverfahren, welches die <a href=\"http:\/\/www.aerztekammer-berlin.de\/\" target=\"_blank\" rel=\"noopener\">Berliner \u00c4rztekammer<\/a> betreffend ihrer <a href=\"http:\/\/www.vw-baev.de\/\" target=\"_blank\" rel=\"noopener\">\u00c4rzteversorgung<\/a> gegen das Land Berlin, vertreten durch die <a href=\"http:\/\/www.berlin.de\/sen\/guv\/\" target=\"_blank\" rel=\"noopener\">Senatsverwaltung f\u00fcr Gesundheit, Umwelt und Verbraucherschutz<\/a> als ihre Staatsaufsicht gef\u00fchrt hat. Es geht hierbei um die Umsetzung von \u00c4nderungen aus dem Juni 2006 in Paragraf 4b des Berliner Kammergesetzes (Materialiendokumentation siehe BZF <a href=\"http:\/\/bzf.iphpbb3.com\/forum\/50055078nx23865\/berufs-und-gesundheitspolitik-land-berlin-f113\/berliner-kammergesetz--4-b-gesetzgebungs-erlaeuterung-t477.html\" target=\"_blank\" rel=\"noopener\">hier<\/a> und <a href=\"http:\/\/bzf.iphpbb3.com\/forum\/50055078nx23865\/berufs-und-gesundheitspolitik-land-berlin-f113\/baev-ueberleitung-in-selbststaendige-koerperschaft-t1429.html\" target=\"_blank\" rel=\"noopener\">hier<\/a>). Allerdings erscheint mir f\u00fcr die \u00fcbergreifende Bewertung des Urteils der eigentliche Verfahrensgegenstand weniger wichtig, als vielmehr der Umstand, dass sich die Berliner Verwaltungsrichter mit Systemfragen auseinandersetzen und diese nach dem Grundsatz &#8222;wie im Gro\u00dfen &#8211; so auch im Kleinen&#8220; durchargumentieren. Auch f\u00fcr Selbstverwaltungsk\u00f6rperschaften gelten demnach die gleichen Spielregeln, wie auch in \u00f6ffentlichen Parlamenten.<\/p>\n<p style=\"text-align: justify;\">Davon abgesehen, dass das Berliner Verwaltungsgericht dadurch einen Beitrag zum Anerkenntnis von Selbstverwaltungsk\u00f6rperschaften als &#8222;Demokratietr\u00e4ger&#8220; leistet (und nicht der Versuch einer Reduktion auf einen &#8222;Verwaltungstr\u00e4ger&#8220; erfolgt), leistet das Urteil au\u00dferdem einen Beitrag um sicherzustellen, dass auch Minderheitsfraktionen Zugang zu den Gremien in den Selbstverwaltungsk\u00f6rperschaften erhalten. Denn es ist kommt vor, dass Mehrheitsfraktionen genau dies zu verhindern versuchen.<\/p>\n<p style=\"text-align: justify;\">Eine wichtige Aussage macht das Gericht zur pers\u00f6nlichen Diskontinuit\u00e4t: &#8222;<em>Ebenso muss nach diesen Grunds\u00e4tzen die individuelle Position als Mitglied der Vertreterversammlung<\/em> [Anm.: Der \u00c4rzteversorgung] <em>an den Fortbestand der Mitgliedschaft in der Delegiertenversammlung<\/em> [Anm.: Der \u00c4rztekammer] <em>gekn\u00fcpft sein, denn die Beendigung der Legitimation in der Delegiertenversammlung beseitigt gleichzeitig die Legitimation des Betreffenden in der Vertreterversammlung<\/em>.&#8220;<\/p>\n<p style=\"text-align: justify;\">Das Urteil stammt zwar &#8222;nur&#8220; von einem erstinstanzliche Verwaltungsgericht und bezieht sich im konkreten Fall auf eine Landesgesetzgebung, es hat also keine bundesweite Bindungswirkung, dennoch lassen sich seine Feststellungen im Bereich der Selbstverwaltungsk\u00f6rperschaften der Heilberufe argumentativ l\u00e4nder\u00fcbergreifend auf alle Kammern, Versorgungswerke und Kassen\u00e4rztliche Vereinigungen \u00fcbertragen.<\/p>\n<blockquote>\n<p style=\"text-align: justify;\"><u>Leitsatz:<br \/>\n<\/u><br \/>\n&#8222;<strong><em>Die Zusammensetzung des Organs einer Selbstverwaltungsk\u00f6rperschaft, das Satzungsbefugnis besitzt, muss den aus dem Demokratieprinzip folgenden Grunds\u00e4tzen der Spiegelbildlichkeit und der Diskontinuit\u00e4t Rechnung tragen.<\/em><\/strong>&#8222;<\/p>\n<p>&nbsp;<\/p><\/blockquote>\n<p>Das Urteil ist seit dem 05. April 2011 rechtskr\u00e4ftig.<\/p>\n<p style=\"text-align: justify;\">Noch eine kleine Randnotiz:<br \/>\nUnter der selben Vorsitzenden Richterin hatte die 14. <a href=\"http:\/\/www.berlin.de\/sen\/justiz\/gerichte\/vg\/organisation\/kammern.html\" target=\"_blank\" rel=\"noopener\">Kammer<\/a> des Berliner Verwaltungsgerichts im Jahr 2007 die Wahl zur Delegiertenversammlung der Zahn\u00e4rztekammer Berlin 2006 f\u00fcr ung\u00fcltig <a href=\"https:\/\/iuzb.de\/?p=2758\" target=\"_blank\" rel=\"noopener\">erkl\u00e4rt<\/a>. Wie man sehen kann, verfasst die 14. Kammer sehr interessante Urteile.<\/p>\n<p>&nbsp;<\/p>\n<p>&nbsp;<\/p>\n<p><a href=\"https:\/\/iuzb.de\/wp-content\/uploads\/2011\/04\/2011-02-09-VG-Berlin-14K223.09-Urteil-Spiegelbildlichkeit.pdf\" target=\"_blank\" rel=\"noopener\"><img loading=\"lazy\" decoding=\"async\" class=\"alignleft wp-image-32426 size-full\" src=\"https:\/\/iuzb.de\/wp-content\/uploads\/2011\/04\/2011-02-09-VG-Berlin-14K223.09-Bild.jpg\" alt=\"\" width=\"350\" height=\"94\" srcset=\"https:\/\/iuzb.de\/wp-content\/uploads\/2011\/04\/2011-02-09-VG-Berlin-14K223.09-Bild.jpg 350w, https:\/\/iuzb.de\/wp-content\/uploads\/2011\/04\/2011-02-09-VG-Berlin-14K223.09-Bild-330x89.jpg 330w\" sizes=\"auto, (max-width: 350px) 100vw, 350px\" \/><\/a><\/p>\n<p><span style=\"color: white;\">.<\/span><\/p>\n","protected":false},"excerpt":{"rendered":"<p>In einem bemerkenswerten Urteil vom 09. Februar 2011 (Az 14 K 223.09) f\u00fchrt das Berliner Verwaltungsgericht begr\u00fcndet aus, dass der Spiegelbildlichkeitsgrundsatz, &#8222;demzufolge Aussch\u00fcsse eines Parlamentes die Zusammensetzung des Plenums verkleinert [&#8230;]<\/p>\n","protected":false},"author":13,"featured_media":0,"comment_status":"open","ping_status":"closed","sticky":false,"template":"","format":"standard","meta":{"ngg_post_thumbnail":0,"iawp_total_views":2,"footnotes":""},"categories":[217,81,94,93],"tags":[],"class_list":["post-2103","post","type-post","status-publish","format-standard","hentry","category-berliner-kammergesetz","category-spiegelbildlichkeit","category-spiegelbildlichkeit-versorgungswerk-vzb","category-spiegelbildlichkeit-zahnaerztekammer-berlin"],"_links":{"self":[{"href":"https:\/\/iuzb.de\/index.php?rest_route=\/wp\/v2\/posts\/2103","targetHints":{"allow":["GET"]}}],"collection":[{"href":"https:\/\/iuzb.de\/index.php?rest_route=\/wp\/v2\/posts"}],"about":[{"href":"https:\/\/iuzb.de\/index.php?rest_route=\/wp\/v2\/types\/post"}],"author":[{"embeddable":true,"href":"https:\/\/iuzb.de\/index.php?rest_route=\/wp\/v2\/users\/13"}],"replies":[{"embeddable":true,"href":"https:\/\/iuzb.de\/index.php?rest_route=%2Fwp%2Fv2%2Fcomments&post=2103"}],"version-history":[{"count":11,"href":"https:\/\/iuzb.de\/index.php?rest_route=\/wp\/v2\/posts\/2103\/revisions"}],"predecessor-version":[{"id":42013,"href":"https:\/\/iuzb.de\/index.php?rest_route=\/wp\/v2\/posts\/2103\/revisions\/42013"}],"wp:attachment":[{"href":"https:\/\/iuzb.de\/index.php?rest_route=%2Fwp%2Fv2%2Fmedia&parent=2103"}],"wp:term":[{"taxonomy":"category","embeddable":true,"href":"https:\/\/iuzb.de\/index.php?rest_route=%2Fwp%2Fv2%2Fcategories&post=2103"},{"taxonomy":"post_tag","embeddable":true,"href":"https:\/\/iuzb.de\/index.php?rest_route=%2Fwp%2Fv2%2Ftags&post=2103"}],"curies":[{"name":"wp","href":"https:\/\/api.w.org\/{rel}","templated":true}]}}