{"id":21027,"date":"2017-06-15T07:26:04","date_gmt":"2017-06-15T05:26:04","guid":{"rendered":"http:\/\/iuzb.de\/?p=21027"},"modified":"2017-06-15T07:27:03","modified_gmt":"2017-06-15T05:27:03","slug":"gesundheitskarte-bis-zum-1-juli-2018-sollten-aerzte-und-apotheken-lesegeraete-fuer-die-neuen-karten-anschaffen-doch-bei-den-geraeten-gibt-es-lieferschwierigkeiten","status":"publish","type":"post","link":"https:\/\/iuzb.de\/?p=21027","title":{"rendered":"Gesundheitskarte: Bis zum 1. Juli 2018 sollten \u00c4rzte und Apotheken Leseger\u00e4te f\u00fcr die neuen Karten anschaffen. Doch bei den Ger\u00e4ten gibt es Lieferschwierigkeiten."},"content":{"rendered":"<p>S\u00fcddeutsche Zeitung, 14.06.2017:<\/p>\n<ul>\n<li>Bis zum 1. Juli 2018 sollten \u00c4rzte und Apotheken Leseger\u00e4te f\u00fcr die neuen Karten anschaffen. Doch bei den Ger\u00e4ten gibt es Lieferschwierigkeiten.<\/li>\n<li>Eigentlich drohen den \u00c4rzten Strafen, wenn sie die Frist rei\u00dfen. Gesundheitsminister Gr\u00f6he will den Stichtag nun &#8222;sorgf\u00e4ltig pr\u00fcfen&#8220;.<\/li>\n<\/ul>\n<p>Die SZ beruft sich als Quelle auf ein Beschlusspapier detr Spitzenverb\u00e4nde der \u00c4rzte, der Krankenkassen, Kliniken und Apotheker\u00a0 &#8211; <a href=\"http:\/\/www.sueddeutsche.de\/wirtschaft\/krankenversicherung-gesundheitskarte-sorgt-fuer-neue-probleme-1.3544753\" target=\"_blank\" rel=\"noopener\">lesen<\/a><\/p>\n<p>&nbsp;<\/p>\n","protected":false},"excerpt":{"rendered":"<p>S\u00fcddeutsche Zeitung, 14.06.2017: Bis zum 1. Juli 2018 sollten \u00c4rzte und Apotheken Leseger\u00e4te f\u00fcr die neuen Karten anschaffen. Doch bei den Ger\u00e4ten gibt es Lieferschwierigkeiten. Eigentlich drohen den \u00c4rzten Strafen, [&#8230;]<\/p>\n","protected":false},"author":13,"featured_media":0,"comment_status":"open","ping_status":"closed","sticky":false,"template":"","format":"standard","meta":{"ngg_post_thumbnail":0,"iawp_total_views":0,"footnotes":""},"categories":[68],"tags":[],"class_list":["post-21027","post","type-post","status-publish","format-standard","hentry","category-recht"],"_links":{"self":[{"href":"https:\/\/iuzb.de\/index.php?rest_route=\/wp\/v2\/posts\/21027","targetHints":{"allow":["GET"]}}],"collection":[{"href":"https:\/\/iuzb.de\/index.php?rest_route=\/wp\/v2\/posts"}],"about":[{"href":"https:\/\/iuzb.de\/index.php?rest_route=\/wp\/v2\/types\/post"}],"author":[{"embeddable":true,"href":"https:\/\/iuzb.de\/index.php?rest_route=\/wp\/v2\/users\/13"}],"replies":[{"embeddable":true,"href":"https:\/\/iuzb.de\/index.php?rest_route=%2Fwp%2Fv2%2Fcomments&post=21027"}],"version-history":[{"count":3,"href":"https:\/\/iuzb.de\/index.php?rest_route=\/wp\/v2\/posts\/21027\/revisions"}],"predecessor-version":[{"id":21030,"href":"https:\/\/iuzb.de\/index.php?rest_route=\/wp\/v2\/posts\/21027\/revisions\/21030"}],"wp:attachment":[{"href":"https:\/\/iuzb.de\/index.php?rest_route=%2Fwp%2Fv2%2Fmedia&parent=21027"}],"wp:term":[{"taxonomy":"category","embeddable":true,"href":"https:\/\/iuzb.de\/index.php?rest_route=%2Fwp%2Fv2%2Fcategories&post=21027"},{"taxonomy":"post_tag","embeddable":true,"href":"https:\/\/iuzb.de\/index.php?rest_route=%2Fwp%2Fv2%2Ftags&post=21027"}],"curies":[{"name":"wp","href":"https:\/\/api.w.org\/{rel}","templated":true}]}}