{"id":20983,"date":"2017-06-01T07:54:17","date_gmt":"2017-06-01T05:54:17","guid":{"rendered":"http:\/\/iuzb.de\/?p=20983"},"modified":"2022-07-10T07:23:29","modified_gmt":"2022-07-10T05:23:29","slug":"verwaltungsgericht-bestaetigt-pflichtmitgliedschaft-in-landespflegekammer","status":"publish","type":"post","link":"https:\/\/iuzb.de\/?p=20983","title":{"rendered":"Verwaltungsgericht best\u00e4tigt Pflichtmitgliedschaft in Landespflegekammer"},"content":{"rendered":"<div class=\"row\">\n<div class=\"small-12 columns clearfix\">\n<div class=\"teaser-text\">\n<h6>Pflichtmitgliedschaft in rheinland-pf\u00e4lzischer Landespflegekammer gerichtlich best\u00e4tigt<\/h6>\n<\/div>\n<div class=\"news-text-wrap\">\n<p style=\"text-align: justify;\">Gegen die kraft Gesetzes bestehende Mitgliedschaft aller in Rheinland-Pfalz t\u00e4tigen Pflegekr\u00e4fte (Altenpfleger, Gesundheits- und Kinderkrankenpfleger, Gesundheits- und Krankenpfleger) in der seit dem 1. Januar 2016 neu eingerichteten Landespflegekammer Rheinland-Pfalz bestehen keine verfassungsrechtlichen Bedenken. Dies entschied das Verwaltungsgericht Mainz.<\/p>\n<p style=\"text-align: justify;\">Die Kl\u00e4gerin, eine examinierte Krankenpflegerin, verweigerte zun\u00e4chst die \u00dcbermittlung ihrer beruflichen Meldedaten an den Gr\u00fcndungsausschuss der Kammer, dessen Aufgabe es u.a. war, die beruflich Pflegenden zu registrieren. Mit einer Klage an das Verwaltungsgericht begehrte die Krankenpflegerin sodann die Feststellung, dass sie kein Mitglied der Pflegekammer sei. Sie machte geltend, die Vorschriften des Heilberufsgesetzes, mit denen die Verkammerung von Angestellten in Pflegeberufen geregelt worden seien, verstie\u00dfen gegen das Grundgesetz; allenfalls eine Mitgliedschaft in der Interessenvertretung auf freiwilliger Basis sei rechtlich hinnehmbar. Das Verwaltungsgericht wies die Klage ab.<\/p>\n<p style=\"text-align: justify;\">Der Landesgesetzgeber habe die Errichtung der Landespflegekammer mit Pflichtmitgliedschaft ohne Versto\u00df gegen Grundrechte geregelt. Die mit der verpflichtenden Kammerzugeh\u00f6rigkeit verbundenen Einschr\u00e4nkungen seien auch vor dem Hintergrund der demographischen Entwicklung gerechtfertigt.<\/p>\n<p style=\"text-align: justify;\">Mit der B\u00fcndelung aller Berufsangeh\u00f6rigen der Pflegeberufe in einer eigenen \u00f6ffentlich-rechtlichen Interessenvertretung solle der Berufsstand zur Sicherung des Fachkr\u00e4ftebedarfs und der Qualit\u00e4t in den Pflegefachberufen im \u00f6ffentlichen Interesse gest\u00e4rkt werden. <span style=\"background-color: #999999;\">Von einer Vereinigung mit freiwilliger Mitgliedschaft k\u00f6nne nicht in gleicher Weise eine sachgerechte Vertretung des Gesamtinteresses aller Berufsangeh\u00f6rigen gegen\u00fcber anderen Heilberufen, Krankenkassen und sonstigen Entscheidungstr\u00e4gern im Gesundheitsbereich erwartet werden.<\/span> Die Pflichtmitgliedschaft f\u00fchre auch hinsichtlich des zu leistenden Kammerbeitrags nicht zu einer erheblichen, die Grenze der Zumutbarkeit \u00fcberschreitenden Belastung.<\/p>\n<p style=\"text-align: justify;\">Das Urteil ist rechtskr\u00e4ftig.<\/p>\n<p>Die Entscheidung kann\u00a0<a class=\"download\" href=\"https:\/\/vgmz.justiz.rlp.de\/fileadmin\/justiz\/Gerichte\/Fachgerichte\/Verwaltungsgerichte\/Mainz\/Dokumente\/Entscheidungen\/4_K_438-16.MZ_Urteil_vom_06-04-2017_Rn.pdf\" target=\"_blank\" rel=\"noopener noreferrer\">hier<\/a> abgerufen werden.<\/p>\n<p>Quelle: Verwaltungsgericht Mainz, <a href=\"https:\/\/vgmz.justiz.rlp.de\/de\/startseite\/detail\/news\/detail\/News\/pressemitteilung-52017\/\" target=\"_blank\" rel=\"noopener noreferrer\">Pressemitteilung vom 30.05.2017<\/a> zum Urteil vom 6. April 2017, 4 K 438\/16.MZ<\/p>\n<\/div>\n<p>&nbsp;<\/p>\n<\/div>\n<\/div>\n","protected":false},"excerpt":{"rendered":"<p>Pflichtmitgliedschaft in rheinland-pf\u00e4lzischer Landespflegekammer gerichtlich best\u00e4tigt Gegen die kraft Gesetzes bestehende Mitgliedschaft aller in Rheinland-Pfalz t\u00e4tigen Pflegekr\u00e4fte (Altenpfleger, Gesundheits- und Kinderkrankenpfleger, Gesundheits- und Krankenpfleger) in der seit dem 1. Januar [&#8230;]<\/p>\n","protected":false},"author":13,"featured_media":0,"comment_status":"open","ping_status":"closed","sticky":false,"template":"","format":"standard","meta":{"ngg_post_thumbnail":0,"iawp_total_views":1,"footnotes":""},"categories":[69,68],"tags":[],"class_list":["post-20983","post","type-post","status-publish","format-standard","hentry","category-koerperschaften","category-recht"],"_links":{"self":[{"href":"https:\/\/iuzb.de\/index.php?rest_route=\/wp\/v2\/posts\/20983","targetHints":{"allow":["GET"]}}],"collection":[{"href":"https:\/\/iuzb.de\/index.php?rest_route=\/wp\/v2\/posts"}],"about":[{"href":"https:\/\/iuzb.de\/index.php?rest_route=\/wp\/v2\/types\/post"}],"author":[{"embeddable":true,"href":"https:\/\/iuzb.de\/index.php?rest_route=\/wp\/v2\/users\/13"}],"replies":[{"embeddable":true,"href":"https:\/\/iuzb.de\/index.php?rest_route=%2Fwp%2Fv2%2Fcomments&post=20983"}],"version-history":[{"count":4,"href":"https:\/\/iuzb.de\/index.php?rest_route=\/wp\/v2\/posts\/20983\/revisions"}],"predecessor-version":[{"id":20987,"href":"https:\/\/iuzb.de\/index.php?rest_route=\/wp\/v2\/posts\/20983\/revisions\/20987"}],"wp:attachment":[{"href":"https:\/\/iuzb.de\/index.php?rest_route=%2Fwp%2Fv2%2Fmedia&parent=20983"}],"wp:term":[{"taxonomy":"category","embeddable":true,"href":"https:\/\/iuzb.de\/index.php?rest_route=%2Fwp%2Fv2%2Fcategories&post=20983"},{"taxonomy":"post_tag","embeddable":true,"href":"https:\/\/iuzb.de\/index.php?rest_route=%2Fwp%2Fv2%2Ftags&post=20983"}],"curies":[{"name":"wp","href":"https:\/\/api.w.org\/{rel}","templated":true}]}}