{"id":20915,"date":"2017-05-24T22:54:00","date_gmt":"2017-05-24T20:54:00","guid":{"rendered":"http:\/\/iuzb.de\/?p=20915"},"modified":"2017-05-25T10:39:01","modified_gmt":"2017-05-25T08:39:01","slug":"kv-berlin-eilverfahren-gegen-kv-vorstand-vom-sozialgericht-abgewiesen","status":"publish","type":"post","link":"https:\/\/iuzb.de\/?p=20915","title":{"rendered":"KV Berlin: Eilverfahren gegen KV-Vorstandswahl vom 11.02.2017 vom Sozialgericht abgewiesen"},"content":{"rendered":"<p style=\"text-align: justify;\">Ein Mitglied der Vertreterversammlung der KV Berlin klagt gegen das Ergebnis der <a href=\"https:\/\/www.kvberlin.de\/40presse\/10pressemitteilung\/pe170211.html\" target=\"_blank\" rel=\"noopener noreferrer\">Vorstandswahl<\/a> vom 11. Februar 2017. Die \u00c4rzteZeitung berichtete in zwei Artikeln:<\/p>\n<ul>\n<li>\u00c4rzteZeitung 29.03.2017: <a href=\"http:\/\/www.aerztezeitung.de\/politik_gesellschaft\/berufspolitik\/article\/932676\/kv-berlin-vorstandswahl-eilverfahren-angefochten.html\" target=\"_blank\" rel=\"noopener noreferrer\">Vorstandswahl beim Sozialgericht Berlin im Eilverfahren angefochten<\/a><\/li>\n<li style=\"text-align: justify;\">\u00c4rzteZeitung 15.03.2017: <a href=\"http:\/\/www.aerztezeitung.de\/politik_gesellschaft\/berufspolitik\/article\/931666\/kv-berlin-neuwahl-des-vorstands-erforderlich.html?sh=1&amp;h=-143980841\" target=\"_blank\" rel=\"noopener noreferrer\">Neuwahl des Vorstands erforderlich?<br \/>\n<\/a><\/p>\n<blockquote><p><a href=\"https:\/\/www.kvberlin.de\/10kvberlin\/10aufbau\/20vertreterversammlung\/10mitglieder\/liste7_I.html\" target=\"_blank\" rel=\"noopener noreferrer\">Reinardys<\/a> Klage, die \u00fcber ein Anwaltsb\u00fcro bei Gericht eingegangen ist, wird mit zwei Kritikpunkten begr\u00fcndet: Die Einladungsfrist zur Vertreterversammlung sei zu kurz bemessen gewesen, und der Wahlvorgang selbst habe nicht den Vorgaben der Satzung entsprochen. Reinardy vertritt die Auffassung, dass die Vorstandswahl als Blockwahl durchgef\u00fchrt worden sei, obwohl die Satzung der KV Berlin getrennte Wahlg\u00e4nge vorschreibe. &#8222;Das entspricht nicht der Satzung&#8220;, sagt er. Er begr\u00fcndet diese Einsch\u00e4tzung vor allem damit, dass die gew\u00e4hlten Vorstandsmitglieder erst dann gefragt wurden, ob sie die Wahl annehmen, als alle drei Mitglieder gew\u00e4hlt waren.<\/p><\/blockquote>\n<\/li>\n<\/ul>\n<p style=\"text-align: justify;\">Auch das Sozialgericht Berlin informierte mittels eine <a href=\"http:\/\/www.berlin.de\/gerichte\/sozialgericht\/presse\/pressemitteilungen\/2017\/pressemitteilung.570852.php\" target=\"_blank\" rel=\"noopener noreferrer\">Pressemitteilung<\/a> vom 14. M\u00e4rz 2017 \u00fcber die Anfechtungsklage (Az S 22 KA 46\/17).<\/p>\n<p style=\"text-align: justify;\">Die KV Berlin teilt mit, dass das Sozialgericht Berlin am 23. Mai 2017 eine einstweilige Anordnung abgewiesen hat, da im Hinblick auf das am 11. Februar 2017 durchgef\u00fchrte Wahlprozedere der KV-Vorstandswahlen kein &#8222;offenkundiger mandatsrelevanter Fehler&#8220; festzustellen ist (Az S 22 KA 66\/17 ER).<\/p>\n<p>Weiterf\u00fchrend: KV Berlin, <a href=\"https:\/\/www.kvberlin.de\/40presse\/10pressemitteilung\/pe170524.html\" target=\"_blank\" rel=\"noopener noreferrer\">Pressemitteilung<\/a> vom 24.05.2017<\/p>\n<p>&nbsp;<\/p>\n<p><span style=\"color: #ffffff;\">.<\/span><\/p>\n<p>Auszug der <a href=\"https:\/\/www.kvberlin.de\/20praxis\/60vertrag\/30rechtsquellen\/archiv\/satzung_gesamt_160610.pdf\" target=\"_blank\" rel=\"noopener noreferrer\">Satzung der KV Berlin<\/a>:<\/p>\n<blockquote><p>\u00a7 7 &#8211; Der Vorstand (1): Der Vorstand besteht aus drei Mitgliedern. Sie werden von der Vertreterversammlung in unmittelbarer und geheimer Wahl gew\u00e4hlt (<a href=\"https:\/\/www.gesetze-im-internet.de\/sgb_5\/__80.html\" target=\"_blank\" rel=\"noopener noreferrer\">\u00a7 80 Abs. 2 SGB V<\/a>).<\/p>\n<p>\u00a7 7 &#8211; Der Vorstand\u00a0 (3): <strong>Die Wahl der Vorstandsmitglieder erfolgt<\/strong> unter Bezeichnung des von dem Mitglied auszu\u00fcbenden Vorstandsamtes geheim <strong>in getrennten Wahlg\u00e4ngen<\/strong>.<\/p>\n<p>\u00a7 7 &#8211; Der Vorstand (4): F\u00fcr die Wahl gilt einfache Stimmenmehrheit. Danach ist gew\u00e4hlt, wer die meisten der abgegebenen g\u00fcltigen Stimmen auf sich vereinigt.<\/p><\/blockquote>\n<p>&nbsp;<\/p>\n<p>&nbsp;<\/p>\n","protected":false},"excerpt":{"rendered":"<p>Ein Mitglied der Vertreterversammlung der KV Berlin klagt gegen das Ergebnis der Vorstandswahl vom 11. Februar 2017. Die \u00c4rzteZeitung berichtete in zwei Artikeln: \u00c4rzteZeitung 29.03.2017: Vorstandswahl beim Sozialgericht Berlin im [&#8230;]<\/p>\n","protected":false},"author":13,"featured_media":0,"comment_status":"open","ping_status":"closed","sticky":false,"template":"","format":"standard","meta":{"ngg_post_thumbnail":0,"iawp_total_views":0,"footnotes":""},"categories":[120],"tags":[],"class_list":["post-20915","post","type-post","status-publish","format-standard","hentry","category-kv-berlin"],"_links":{"self":[{"href":"https:\/\/iuzb.de\/index.php?rest_route=\/wp\/v2\/posts\/20915","targetHints":{"allow":["GET"]}}],"collection":[{"href":"https:\/\/iuzb.de\/index.php?rest_route=\/wp\/v2\/posts"}],"about":[{"href":"https:\/\/iuzb.de\/index.php?rest_route=\/wp\/v2\/types\/post"}],"author":[{"embeddable":true,"href":"https:\/\/iuzb.de\/index.php?rest_route=\/wp\/v2\/users\/13"}],"replies":[{"embeddable":true,"href":"https:\/\/iuzb.de\/index.php?rest_route=%2Fwp%2Fv2%2Fcomments&post=20915"}],"version-history":[{"count":18,"href":"https:\/\/iuzb.de\/index.php?rest_route=\/wp\/v2\/posts\/20915\/revisions"}],"predecessor-version":[{"id":20933,"href":"https:\/\/iuzb.de\/index.php?rest_route=\/wp\/v2\/posts\/20915\/revisions\/20933"}],"wp:attachment":[{"href":"https:\/\/iuzb.de\/index.php?rest_route=%2Fwp%2Fv2%2Fmedia&parent=20915"}],"wp:term":[{"taxonomy":"category","embeddable":true,"href":"https:\/\/iuzb.de\/index.php?rest_route=%2Fwp%2Fv2%2Fcategories&post=20915"},{"taxonomy":"post_tag","embeddable":true,"href":"https:\/\/iuzb.de\/index.php?rest_route=%2Fwp%2Fv2%2Ftags&post=20915"}],"curies":[{"name":"wp","href":"https:\/\/api.w.org\/{rel}","templated":true}]}}