{"id":2091,"date":"2010-09-16T00:02:00","date_gmt":"2010-09-15T22:02:00","guid":{"rendered":"http:\/\/www.iuzb.org\/wordpress\/?p=2091"},"modified":"2016-12-02T07:47:54","modified_gmt":"2016-12-02T06:47:54","slug":"kzv-berlin-wer-redet-denn-von-kuchen","status":"publish","type":"post","link":"https:\/\/iuzb.de\/?p=2091","title":{"rendered":"KZV Berlin: Wer redet denn von Kuchen&#8230;."},"content":{"rendered":"<p><span style=\"color: white;\">.<\/span><\/p>\n<p style=\"text-align: justify;\"><a href=\"https:\/\/iuzb.de\/wp-content\/uploads\/2010\/09\/verbandderzahnaerztevonberlin_1283969905385-1.jpg\" target=\"_blank\"><img loading=\"lazy\" decoding=\"async\" class=\"alignright size-full wp-image-17532\" src=\"https:\/\/iuzb.de\/wp-content\/uploads\/2010\/09\/verbandderzahnaerztevonberlin_1283969905385-1-small.jpg\" alt=\"verbandderzahnaerztevonberlin_1283969905385-1-small\" width=\"240\" height=\"315\" srcset=\"https:\/\/iuzb.de\/wp-content\/uploads\/2010\/09\/verbandderzahnaerztevonberlin_1283969905385-1-small.jpg 240w, https:\/\/iuzb.de\/wp-content\/uploads\/2010\/09\/verbandderzahnaerztevonberlin_1283969905385-1-small-229x300.jpg 229w\" sizes=\"auto, (max-width: 240px) 100vw, 240px\" \/><\/a>Ein Offener Brief hat regelm\u00e4\u00dfig einen Absender, einen Adressaten und viele Leser.<\/p>\n<p style=\"text-align: justify;\">Der Offene Brief von Herrn Gerhard Gneist an Herrn Dr. Husemann vom 07. September 2010 hatte bestimmt <a href=\"http:\/\/www.iuzb.de\/?p=2037\" target=\"_blank\">sehr viele<\/a> Leser.<\/p>\n<p style=\"text-align: justify;\">Auf Offene Briefe gibt es leider sehr selten eine erw\u00e4hnenswerte Antwort.<\/p>\n<p style=\"text-align: justify;\">Aber auf den Offenen Brief von Herrn Gneist gibt es eine, die zumindest am Rande erw\u00e4hnt werden soll.<\/p>\n<p style=\"text-align: justify;\">Nein, nicht Herr Dr. Husemann pers\u00f6nlich antwortet. Er l\u00e4sst antworten. Herr Dr. Kopp, Vorsitzender des Verbandes der Zahn\u00e4rzte von Berlin, wird <a href=\"http:\/\/www.zahnaerzteverband-berlin.de\/aktuelles.php?id=83\" target=\"_blank\">vorgeschickt<\/a> (Bild rechts).<\/p>\n<p style=\"text-align: justify;\">Hasserf\u00fcllt findet er den Brief von Herrn Gneist. &#8211; Nun, Herr Dr. Kopp, hasserf\u00fcllt ist ihr Verbandskollege Dr. Husemann, wenn er auf Kollegen losst\u00fcrmt, sie in den Schwitzkasten nimmt oder unfl\u00e4tig anp\u00f6belt. Sie wissen also eigentlich, was das ist, hasserf\u00fcllt.<\/p>\n<p style=\"text-align: justify;\">Das Schreiben von Herrn Gneist ist nicht so. Aber das bereitete Ihnen wahrscheinlich am meisten Schwierigkeiten.<\/p>\n<p style=\"text-align: justify;\">Und dann folgen Wortblasen:<\/p>\n<p style=\"text-align: justify;\">Was \u00e4ndert es, wenn in 2005 alle Paragraphen der Anstellungsvertr\u00e4ge mit den Vorstandsmitgliedern in der Vertreterversammlung durchdiskutiert wurden, wenn Mitglieder der Vertreterversammlung bis zum heutigen Tag nicht am Vertrag \u00fcberpr\u00fcfen konnten, ob das tats\u00e4chlich rechtswirksam unterzeichnete Vertragsexemplar dem Diskussionsstand entspricht. Welches M\u00e4ntelchen des Vergessens wird da einkalkuliert? Und das alles unter dem Vorwand des Datenschutzes&#8230;<\/p>\n<p>&nbsp;<\/p>\n<p style=\"text-align: justify;\"><a href=\"https:\/\/iuzb.de\/wp-content\/uploads\/2010\/09\/verbandderzahnaerztevonberlin_1284573587277-3.jpg\" target=\"_blank\"><img loading=\"lazy\" decoding=\"async\" class=\"alignleft size-full wp-image-17536\" src=\"https:\/\/iuzb.de\/wp-content\/uploads\/2010\/09\/verbandderzahnaerztevonberlin_1284573587277-3-small.jpg\" alt=\"verbandderzahnaerztevonberlin_1284573587277-3-small\" width=\"329\" height=\"316\" srcset=\"https:\/\/iuzb.de\/wp-content\/uploads\/2010\/09\/verbandderzahnaerztevonberlin_1284573587277-3-small.jpg 329w, https:\/\/iuzb.de\/wp-content\/uploads\/2010\/09\/verbandderzahnaerztevonberlin_1284573587277-3-small-300x288.jpg 300w\" sizes=\"auto, (max-width: 329px) 100vw, 329px\" \/><\/a>Das Ermittlungsverfahren gegen die Vorstandsmitglieder Husemann und Pochhammer wurde nicht etwa eingestellt, weil sie keinen Schaden angerichtet haben &#8211; und darauf bezieht sich der objektive LKA-Bericht. Das Verfahren wurde auch nicht eingestellt, weil die in dem Bericht formulierten Anschuldigungen Zitat &#8222;<a href=\"https:\/\/iuzb.de\/wp-content\/uploads\/2010\/09\/verbandderzahnaerztevonberlin_1284573587277-3.jpg\" target=\"_blank\">widerlegt<\/a>&#8220; wurden, wie der <a href=\"http:\/\/www.zahnaerzteverband-berlin.de\/dv.php\" target=\"_blank\">Vorstand<\/a> des &#8222;Berliner Verbandes&#8220; seit gestern auf seiner Website behauptet (Bild links).<\/p>\n<p style=\"text-align: justify;\">Es wurde eingestellt, weil die Staatsanwaltschaft &#8211; <a href=\"http:\/\/www.iuzb.de\/?p=1336\" target=\"_blank\">im Zweifel f\u00fcr den Beschuldigten<\/a> &#8211; einen Vorsatz, ein bewusstes Handeln, nicht annehmen wollte, obwohl diese Herrschaften sich nicht in einem Fall zu ihren Ungunsten verrechnet hatten, immer zu ihren Gunsten.<\/p>\n<p style=\"text-align: justify;\">Und dann noch einige Vermutungen und Verd\u00e4chtigungen zu <a href=\"http:\/\/www.iuzb.de\/?p=1845\" target=\"_blank\">Globudent<\/a> und <a href=\"http:\/\/www.gpz-in-berlin.de\/warum-lugt-herr-kopp-vom-verband-der-zahnarzte-von-berlin\/\" target=\"_blank\">Medeco&#8230;<\/a><\/p>\n<p style=\"text-align: justify;\">Haltlos, Herr Kollege Husemann, das reicht nicht. Da m\u00fcssen Sie selbst ran. Aber belassen Sie es lieber bei geschriebenen Worten. Sie verlieren so schnell die Kontrolle&#8230;<\/p>\n<p><span style=\"color: white;\">.<\/span><\/p>\n","protected":false},"excerpt":{"rendered":"<p>. Ein Offener Brief hat regelm\u00e4\u00dfig einen Absender, einen Adressaten und viele Leser. Der Offene Brief von Herrn Gerhard Gneist an Herrn Dr. Husemann vom 07. September 2010 hatte bestimmt [&#8230;]<\/p>\n","protected":false},"author":13,"featured_media":0,"comment_status":"closed","ping_status":"closed","sticky":false,"template":"","format":"standard","meta":{"ngg_post_thumbnail":0,"iawp_total_views":1,"footnotes":""},"categories":[98,129,95],"tags":[],"class_list":["post-2091","post","type-post","status-publish","format-standard","hentry","category-diaeten-kzv","category-rechnungspruefung","category-vdzvb"],"_links":{"self":[{"href":"https:\/\/iuzb.de\/index.php?rest_route=\/wp\/v2\/posts\/2091","targetHints":{"allow":["GET"]}}],"collection":[{"href":"https:\/\/iuzb.de\/index.php?rest_route=\/wp\/v2\/posts"}],"about":[{"href":"https:\/\/iuzb.de\/index.php?rest_route=\/wp\/v2\/types\/post"}],"author":[{"embeddable":true,"href":"https:\/\/iuzb.de\/index.php?rest_route=\/wp\/v2\/users\/13"}],"replies":[{"embeddable":true,"href":"https:\/\/iuzb.de\/index.php?rest_route=%2Fwp%2Fv2%2Fcomments&post=2091"}],"version-history":[{"count":5,"href":"https:\/\/iuzb.de\/index.php?rest_route=\/wp\/v2\/posts\/2091\/revisions"}],"predecessor-version":[{"id":17538,"href":"https:\/\/iuzb.de\/index.php?rest_route=\/wp\/v2\/posts\/2091\/revisions\/17538"}],"wp:attachment":[{"href":"https:\/\/iuzb.de\/index.php?rest_route=%2Fwp%2Fv2%2Fmedia&parent=2091"}],"wp:term":[{"taxonomy":"category","embeddable":true,"href":"https:\/\/iuzb.de\/index.php?rest_route=%2Fwp%2Fv2%2Fcategories&post=2091"},{"taxonomy":"post_tag","embeddable":true,"href":"https:\/\/iuzb.de\/index.php?rest_route=%2Fwp%2Fv2%2Ftags&post=2091"}],"curies":[{"name":"wp","href":"https:\/\/api.w.org\/{rel}","templated":true}]}}