{"id":2072,"date":"2010-09-15T14:39:00","date_gmt":"2010-09-15T12:39:00","guid":{"rendered":"http:\/\/www.iuzb.org\/wordpress\/?p=2072"},"modified":"2018-05-24T07:58:59","modified_gmt":"2018-05-24T05:58:59","slug":"rs-1610-kzv-wahlkampf-westfalen-lippe-fvdz-geht-gerichtlich-gegen-wahlliste-vor","status":"publish","type":"post","link":"https:\/\/iuzb.de\/?p=2072","title":{"rendered":"KZV Wahlkampf WL &#8211; FVDZ geht u.a. wegen eMail-Werbung gerichtlich gegen Wahlliste vor"},"content":{"rendered":"<p style=\"text-align: justify;\">Wie apd und DZW berichten, greift der Freie Verband Deutscher Zahn\u00e4rzte gerichtlich in den KZV-Wahlkampf in Westfalen-Lippe ein. Der FVDZ m\u00f6chte unter anderem erreichen, dass von Seiten der Wahlliste \u201eFreie Zahn\u00e4rzte in Westfalen-Lippe\u201c<\/p>\n<blockquote><p><em>im Rahmen der Wahlwerbung zuk\u00fcnftig kein elektronischer Kontakt mehr zu Zahn\u00e4rzten aufgenommen und dabei E-Mail-Adressen aus \u00f6ffentlich zug\u00e4nglichen Datenbanken ohne Einwilligung der E-Mail-Inhaber genutzt werden d\u00fcrften,<\/em><\/p>\n<p><em>im gesch\u00e4ftlichen Verkehr nicht mehr das Zeichen \u201eFZ\u201c, insbesondere in der Form \u201eFZ \u2013 Wir sind besser als das Original&#8220; verwendet werden d\u00fcrfe.<\/em><\/p><\/blockquote>\n<p style=\"text-align: justify;\">Die Wahl l\u00e4uft noch bis zum 01.\/04. Oktober 2010. Das Pikante, Kl\u00e4ger soll nicht etwa der FVDZ <a href=\"http:\/\/www.fvdz-wl.de\/impressum.php\" target=\"_blank\" rel=\"noopener\">Landesverband<\/a> in M\u00fcnster, oder aber die an der Wahl teilnehmenden FVDZ <a href=\"http:\/\/www.iuzb.org\/assets\/applets\/ZBWL_04-2010.pdf\" target=\"_blank\" rel=\"noopener\">Wahllisten<\/a> aus den Regierungsbezirken sein, sondern der <a href=\"http:\/\/www.fvdz.de\/fv\/wwwfvdz.nsf\/d\/impressum\" target=\"_blank\" rel=\"noopener\">Bundesverband<\/a> in Bonn.<\/p>\n<p style=\"text-align: justify;\">Weiterf\u00fchrend:<\/p>\n<ol style=\"text-align: justify;\">\n<li>dzw, 08.09.2016:<br \/>\n&#8222;<strong>FVDZ mahnt Wahlliste aus \u201eWettbewerbsgr\u00fcnden\u201c ab<\/strong>&#8220; &#8211; <a href=\"http:\/\/www.dzw.de\/politik\/artikel\/archive\/2010\/september\/article\/fvdz-mahnt-wahlliste-aus-wettbewerbsgruenden-ab.html\" target=\"_blank\" rel=\"noopener\">lesen<\/a><br \/>\n<span style=\"color: white;\">.<\/span><\/li>\n<li><a href=\"http:\/\/www.dzv-netz.de\/alte-website\/mitglieder\/adpaufdenpunkt\/adparchiv2010.php\" target=\"_blank\" rel=\"noopener\">adp<\/a>, <a href=\"http:\/\/www.dzv-netz.de\/alte-website\/downloads\/adp1610.pdf\" target=\"_blank\" rel=\"noopener\">06.09.2010<\/a>:<br \/>\n<strong>Freier Verband geht gerichtlich gegen konkurrierende Wahlliste vor<\/strong><br \/>\n<span style=\"color: #ffffff;\">.<\/span><\/li>\n<li><span style=\"color: white;\"><span style=\"color: black;\"><a href=\"http:\/\/www.dzv-netz.de\/alte-website\/mitglieder\/adpaufdenpunkt\/adparchiv2010.php\" target=\"_blank\" rel=\"noopener\">adp<\/a>, <a href=\"http:\/\/www.dzv-netz.de\/alte-website\/downloads\/adp1610.pdf\" target=\"_blank\" rel=\"noopener\">06.09.2010<\/a><\/span><span style=\"color: black;\">:<br \/>\n<strong>Wahl zur Vertreterversammlung der KZV-WL &#8211; Eine \u201eetwas andere\u201c Qualit\u00e4t der Auseinandersetzung mit dem politischen \u201eGegner<\/strong><\/span><span style=\"color: black;\"><strong>&#8222;<\/strong><br \/>\n<span style=\"color: #ffffff;\">.<\/span><br \/>\n<\/span><\/span><\/li>\n<li><a href=\"http:\/\/www.dzv-netz.de\/alte-website\/mitglieder\/adpaufdenpunkt\/adparchiv2010.php\" target=\"_blank\" rel=\"noopener\">adp<\/a>, <a href=\"http:\/\/www.dzv-netz.de\/alte-website\/downloads\/adp1710.pdf\" target=\"_blank\" rel=\"noopener\">26.09.2010<\/a>:<br \/>\n&#8222;<strong>Landgericht Bochum weist Eilantrag des Freien Verbandes zur\u00fcck<\/strong>&#8220;<br \/>\n<span style=\"color: #ffffff;\">.<\/span><\/li>\n<li><a href=\"http:\/\/www.dzv-netz.de\/alte-website\/mitglieder\/adpaufdenpunkt\/adparchiv2010.php\" target=\"_blank\" rel=\"noopener\">adp<\/a>, <a href=\"http:\/\/www.dzv-netz.de\/alte-website\/downloads\/adp1810.pdf\" target=\"_blank\" rel=\"noopener\">10.10.2010<\/a>:<br \/>\n<strong>Wahlwerbung per E-Mail unterliegt nicht dem Wettbewerbsrecht<br \/>\n<\/strong>mit Quellenangabe LG Bochum &#8211; Auszug -:<br \/>\nEine Entscheidung in der Hauptsache steht weiterhin aus. Zwischenzeitlich liegt jedoch die schriftliche Begr\u00fcndung zur Ablehnung des Eilantrages vor, die in ihren Aussagen durchaus bundesweite Relevanz hat. Denn<\/p>\n<blockquote><p>die 10. Zivilkammer Bochum unter Leitung des Pr\u00e4sidenten des Landgerichts Dr. Br\u00fcggemann vertritt bei ihren Ausf\u00fchrungen die Ansicht, dass die Zusendung von E-Mail-Werbung durch Listen und Verb\u00e4nden bei K\u00f6rperschaftswahlen zul\u00e4ssig sei, da dies eben nicht die vom Verf\u00fcgungskl\u00e4ger behauptete \u201egesch\u00e4ftliche Handlung\u201c im Sinne des \u00a7 2 UWG (Gesetz zur Bek\u00e4mpfung des unlauteren Wettbewerbs) darstelle. Das Werben um W\u00e4hler sei vielmehr einer Mitgliederwerbung von Verb\u00e4nden gleichzusetzen.<\/p><\/blockquote>\n<p>Dar\u00fcber hinaus seien die von der Liste \u201eFZ\u201c versendeten E-Mails \u201eweder in einem beleidigenden Ton geschrieben\u201c, noch w\u00fcrden \u201ein irgendeiner Weise bewusst falsche Vorstellungen geweckt\u201c. Auch die im Eilantrage vom FVDZ inkriminierte Verwechslungsgefahr der Bezeichnung \u201eFZ\u201c mit dem K\u00fcrzel \u201eFVDZ\u201c sei nicht nachvollziehbar, meint das LG Bochum. Dar\u00fcber hinaus sei die \u201evergleichende Aussage, dass man besser sei als der Konkurrent\u201c in einem Wahlkampf berufsst\u00e4ndischer Vereinigungen \u201edem Grunde nach nicht unlauter\u201c. Quelle: LG Bochum (Az.: I-10 O 35\/10).<\/li>\n<\/ol>\n<p>&nbsp;<\/p>\n<p><span style=\"font-size: 8pt;\">\u00dcberarbeitet: 24.11.2016<\/span><\/p>\n","protected":false},"excerpt":{"rendered":"<p>Wie apd und DZW berichten, greift der Freie Verband Deutscher Zahn\u00e4rzte gerichtlich in den KZV-Wahlkampf in Westfalen-Lippe ein. Der FVDZ m\u00f6chte unter anderem erreichen, dass von Seiten der Wahlliste \u201eFreie [&#8230;]<\/p>\n","protected":false},"author":13,"featured_media":0,"comment_status":"closed","ping_status":"closed","sticky":false,"template":"","format":"standard","meta":{"ngg_post_thumbnail":0,"iawp_total_views":5,"footnotes":""},"categories":[108,140,68],"tags":[],"class_list":["post-2072","post","type-post","status-publish","format-standard","hentry","category-datenschutz-und-informationsfreiheit","category-fvdz","category-recht"],"_links":{"self":[{"href":"https:\/\/iuzb.de\/index.php?rest_route=\/wp\/v2\/posts\/2072","targetHints":{"allow":["GET"]}}],"collection":[{"href":"https:\/\/iuzb.de\/index.php?rest_route=\/wp\/v2\/posts"}],"about":[{"href":"https:\/\/iuzb.de\/index.php?rest_route=\/wp\/v2\/types\/post"}],"author":[{"embeddable":true,"href":"https:\/\/iuzb.de\/index.php?rest_route=\/wp\/v2\/users\/13"}],"replies":[{"embeddable":true,"href":"https:\/\/iuzb.de\/index.php?rest_route=%2Fwp%2Fv2%2Fcomments&post=2072"}],"version-history":[{"count":17,"href":"https:\/\/iuzb.de\/index.php?rest_route=\/wp\/v2\/posts\/2072\/revisions"}],"predecessor-version":[{"id":23919,"href":"https:\/\/iuzb.de\/index.php?rest_route=\/wp\/v2\/posts\/2072\/revisions\/23919"}],"wp:attachment":[{"href":"https:\/\/iuzb.de\/index.php?rest_route=%2Fwp%2Fv2%2Fmedia&parent=2072"}],"wp:term":[{"taxonomy":"category","embeddable":true,"href":"https:\/\/iuzb.de\/index.php?rest_route=%2Fwp%2Fv2%2Fcategories&post=2072"},{"taxonomy":"post_tag","embeddable":true,"href":"https:\/\/iuzb.de\/index.php?rest_route=%2Fwp%2Fv2%2Ftags&post=2072"}],"curies":[{"name":"wp","href":"https:\/\/api.w.org\/{rel}","templated":true}]}}