{"id":20591,"date":"2017-04-27T22:11:10","date_gmt":"2017-04-27T20:11:10","guid":{"rendered":"http:\/\/iuzb.de\/?p=20591"},"modified":"2017-04-27T22:22:22","modified_gmt":"2017-04-27T20:22:22","slug":"kzv-berlin-einladung-zur-vertreterversammlung-am-15-05-2017","status":"publish","type":"post","link":"https:\/\/iuzb.de\/?p=20591","title":{"rendered":"KZV Berlin: Vorstands-Di\u00e4ten und Ausschussnachwahlen &#8211; Einladung zur Vertreterversammlung am 15.05.2017"},"content":{"rendered":"<ul>\n<li><strong>Montag, 15. Mai 2017<\/strong> um <strong>19:00 Uhr <\/strong>c.t.<\/li>\n<li><strong>Vertreterversammlung der Kassenzahn\u00e4rztlichen Vereinigung Berlin<\/strong><\/li>\n<li>im Zahn\u00e4rztehaus der KZV, 10711 Berlin, Georg-Wilhelm-Str. 16<\/li>\n<\/ul>\n<table style=\"width: 657.317px;\">\n<tbody>\n<tr style=\"height: 24px;\">\n<td style=\"vertical-align: top; height: 24px; width: 603.317px; text-align: left;\" colspan=\"2\"><span style=\"text-decoration: underline;\">Tagesordnungspunkte<\/span><\/td>\n<\/tr>\n<tr style=\"height: 24px;\">\n<td style=\"vertical-align: top; height: 24px; width: 35px; text-align: left;\">1.<\/td>\n<td style=\"vertical-align: top; height: 24px; width: 568.317px; text-align: left;\">Begr\u00fc\u00dfung, Feststellung der Anwesenheit, Totenehrung<\/td>\n<\/tr>\n<tr style=\"height: 24px;\">\n<td style=\"vertical-align: top; height: 24px; width: 35px; text-align: left;\">2.<\/td>\n<td style=\"vertical-align: top; height: 24px; width: 568.317px; text-align: left;\">Bericht des Vorsitzenden der VV<\/td>\n<\/tr>\n<tr style=\"height: 24px;\">\n<td style=\"vertical-align: top; height: 24px; width: 35px; text-align: left;\">3.<\/td>\n<td style=\"vertical-align: top; height: 24px; width: 568.317px; text-align: left;\">Bericht des Vorstandes<\/td>\n<\/tr>\n<tr style=\"height: 24px;\">\n<td style=\"vertical-align: top; height: 24px; width: 35px; text-align: left;\">4.<\/td>\n<td style=\"vertical-align: top; height: 24px; width: 568.317px; text-align: left;\">Vortrag \u201ePAR\u201c \/ Prof. Dommisch<\/td>\n<\/tr>\n<tr style=\"height: 24px;\">\n<td style=\"vertical-align: top; height: 24px; width: 35px; text-align: left;\">5.<\/td>\n<td style=\"vertical-align: top; height: 24px; width: 568.317px; text-align: left;\">Fragestunde<\/td>\n<\/tr>\n<tr style=\"height: 24px;\">\n<td style=\"vertical-align: top; height: 24px; width: 35px; text-align: left;\">6.<\/td>\n<td style=\"vertical-align: top; height: 24px; width: 568.317px; text-align: left;\">Antr\u00e4ge<\/td>\n<\/tr>\n<tr style=\"height: 24px;\">\n<td style=\"vertical-align: top; height: 24px; width: 35px; text-align: left;\">7.<\/td>\n<td style=\"vertical-align: top; height: 24px; width: 568.317px; text-align: left;\">Nachwahl eines Mitgliedes f\u00fcr den <a href=\"https:\/\/www.kzv-berlin.de\/kzv-berlin\/organe-und-struktur\/ausschuesse.html\" target=\"_blank\" rel=\"noopener noreferrer\">Hauptausschuss<\/a>*<\/td>\n<\/tr>\n<tr style=\"height: 24px;\">\n<td style=\"vertical-align: top; height: 24px; width: 35px; text-align: left;\">8.<\/td>\n<td style=\"vertical-align: top; height: 24px; width: 568.317px; text-align: left;\">Nachwahl eines Mitgliedes f\u00fcr den <a href=\"https:\/\/www.kzv-berlin.de\/kzv-berlin\/organe-und-struktur\/ausschuesse.html\" target=\"_blank\" rel=\"noopener noreferrer\">Haushaltsausschuss<\/a>*<\/td>\n<\/tr>\n<tr style=\"height: 24px;\">\n<td style=\"vertical-align: top; height: 24px; width: 35px; text-align: left;\">9.<\/td>\n<td style=\"vertical-align: top; height: 24px; width: 568.317px; text-align: left;\">Information und Diskussion \u2013 ggf. Beschlussfassung &#8211; zum Umgang mit der eingeschr\u00e4nkten Zustimmung der Senatsaufsicht zu den Dienstvertr\u00e4gen<\/td>\n<\/tr>\n<tr style=\"height: 24px;\">\n<td style=\"vertical-align: top; height: 24px; width: 35px; text-align: left;\">10.<\/td>\n<td style=\"vertical-align: top; height: 24px; width: 568.317px; text-align: left;\">Verschiedenes<\/td>\n<\/tr>\n<\/tbody>\n<\/table>\n<p><span style=\"color: #ffffff;\">.<\/span><\/p>\n<p><span style=\"color: #000000;\">* Nachwahlen f\u00fcr Herrn Dr. J\u00f6rg Meyer, da dieser bei der <a href=\"https:\/\/iuzb.de\/?p=20559\" target=\"_blank\" rel=\"noopener noreferrer\">Vertreterversammlung am 24.04.2017<\/a> in den Vorstand gew\u00e4hlt wurde.<\/span><\/p>\n<p><span style=\"text-decoration: underline;\">Weiterf\u00fchrend zu TOP 9:<\/span><\/p>\n<ul>\n<li><a href=\"https:\/\/iuzb.de\/?p=20420\" target=\"_blank\" rel=\"noopener noreferrer\">Die kleine Raupe Nimmersatt<\/a> <em>von Gerhard Gneist<\/em><\/li>\n<li>Senatsaufsicht &#8211; <a href=\"https:\/\/iuzb.de\/wp-content\/uploads\/2017\/04\/2017-03-23-Senatsverwaltung-an-KZV-Berlin.pdf\" target=\"_blank\" rel=\"noopener noreferrer\">Schreiben vom 23.03.2017<\/a> zu &#8222;Vorstandsdienstvertr\u00e4ge der KZV Berlin&#8220;<\/li>\n<\/ul>\n<p>&nbsp;<\/p>\n<p><span style=\"color: #ffffff;\">.<\/span><\/p>\n","protected":false},"excerpt":{"rendered":"<p>Montag, 15. Mai 2017 um 19:00 Uhr c.t. Vertreterversammlung der Kassenzahn\u00e4rztlichen Vereinigung Berlin im Zahn\u00e4rztehaus der KZV, 10711 Berlin, Georg-Wilhelm-Str. 16 Tagesordnungspunkte 1. Begr\u00fc\u00dfung, Feststellung der Anwesenheit, Totenehrung 2. Bericht [&#8230;]<\/p>\n","protected":false},"author":13,"featured_media":0,"comment_status":"open","ping_status":"closed","sticky":false,"template":"","format":"standard","meta":{"ngg_post_thumbnail":0,"iawp_total_views":2,"footnotes":""},"categories":[98,45,97],"tags":[],"class_list":["post-20591","post","type-post","status-publish","format-standard","hentry","category-diaeten-kzv","category-kzv-berlin","category-vertreterversammlung-kzv-berlin"],"_links":{"self":[{"href":"https:\/\/iuzb.de\/index.php?rest_route=\/wp\/v2\/posts\/20591","targetHints":{"allow":["GET"]}}],"collection":[{"href":"https:\/\/iuzb.de\/index.php?rest_route=\/wp\/v2\/posts"}],"about":[{"href":"https:\/\/iuzb.de\/index.php?rest_route=\/wp\/v2\/types\/post"}],"author":[{"embeddable":true,"href":"https:\/\/iuzb.de\/index.php?rest_route=\/wp\/v2\/users\/13"}],"replies":[{"embeddable":true,"href":"https:\/\/iuzb.de\/index.php?rest_route=%2Fwp%2Fv2%2Fcomments&post=20591"}],"version-history":[{"count":7,"href":"https:\/\/iuzb.de\/index.php?rest_route=\/wp\/v2\/posts\/20591\/revisions"}],"predecessor-version":[{"id":20598,"href":"https:\/\/iuzb.de\/index.php?rest_route=\/wp\/v2\/posts\/20591\/revisions\/20598"}],"wp:attachment":[{"href":"https:\/\/iuzb.de\/index.php?rest_route=%2Fwp%2Fv2%2Fmedia&parent=20591"}],"wp:term":[{"taxonomy":"category","embeddable":true,"href":"https:\/\/iuzb.de\/index.php?rest_route=%2Fwp%2Fv2%2Fcategories&post=20591"},{"taxonomy":"post_tag","embeddable":true,"href":"https:\/\/iuzb.de\/index.php?rest_route=%2Fwp%2Fv2%2Ftags&post=20591"}],"curies":[{"name":"wp","href":"https:\/\/api.w.org\/{rel}","templated":true}]}}