{"id":20559,"date":"2017-04-25T18:45:30","date_gmt":"2017-04-25T16:45:30","guid":{"rendered":"http:\/\/iuzb.de\/?p=20559"},"modified":"2018-05-29T22:25:54","modified_gmt":"2018-05-29T20:25:54","slug":"kzv-berlin-kurzbericht-ueber-die-vertreterversammlung-vom-24-042017","status":"publish","type":"post","link":"https:\/\/iuzb.de\/?p=20559","title":{"rendered":"KZV Berlin: Kurzbericht \u00fcber die Vertreterversammlung vom 24.04.2017"},"content":{"rendered":"<p style=\"text-align: justify;\">In einer bemerkenswert schlecht vorbereiteten <a href=\"https:\/\/iuzb.de\/?p=20167\" target=\"_blank\" rel=\"noopener noreferrer\">Vertreterversammlung<\/a>, wurde unter dem Top 2 beschlossen, den Vorstandsvorsitzenden der KZV Berlin, den Kollegen Dr. Karl-Georg Pochhammer, mit Wirkung ab dem 25. April 2017 von seinem Amt zu entbinden. Pochhammer wurde erst am 16. Januar 2017 in sein Amt gew\u00e4hlt und wird in den Vorstand der KZBV <a href=\"https:\/\/iuzb.de\/?p=19865\" target=\"_blank\" rel=\"noopener noreferrer\">wechseln<\/a>.<\/p>\n<p style=\"text-align: justify;\">Die Entbindung auf der Grundlage eines, den Vertretern vorab nicht zur Verf\u00fcgung gestellten Aufhebungsvertrages, wurde von den Vertretern der IUZB als nicht satzungskonform kritisiert, da sie nicht auf der Basis einer K\u00fcndigung bzw. eines Antrages auf Abwahl erfolgte.<\/p>\n<p style=\"text-align: justify;\">Mit der Zustimmung einer Mehrheit der Vertreter des Verbandes der Zahn\u00e4rzte von Berlin und des Freien Verbandes ist sichergestellt, dass der Kollege Pochhammer auch zuk\u00fcnftig weitere, von der <a href=\"https:\/\/iuzb.de\/?p=20420\" target=\"_blank\" rel=\"noopener noreferrer\">Aufsichtsbeh\u00f6rde<\/a> bisher nicht genehmigte, zus\u00e4tzliche Versorgungsbez\u00fcge beanspruchen kann.<\/p>\n<p style=\"text-align: justify;\">Bei der anschlie\u00dfenden Nachwahl eines neuen Mitglieds f\u00fcr den Vorstand der KZV Berlin kam es zu einer l\u00e4ngeren Diskussion \u00fcber die vorab erfolgte <a href=\"https:\/\/iuzb.de\/?p=20362\" target=\"_blank\" rel=\"noopener noreferrer\">Stellenausschreibung<\/a>. Hierbei wurde besonders kritisiert, dass die Ausschreibung weder auf der Webseite der KZV Berlin, noch auf der Internetseite KZBV ver\u00f6ffentlicht worden ist. Mit der praktisch \u201eversteckten\u201c Ver\u00f6ffentlichung der Stellenausschreibung im Bundesanzeiger unter der Rubrik \u201e<a href=\"https:\/\/iuzb.de\/wp-content\/uploads\/2017\/04\/2017-04-05-Bundesanzeiger-Stellenausschreibung-KZV-Berlin-vollst%C3%A4ndig-FS10.4.17.jpg\" target=\"_blank\" rel=\"noopener noreferrer\">Verschiedene Bekanntmachungen<\/a>\u201c, sowie der K\u00fcrze der Ausschreibungszeit, verf\u00fcgten weder m\u00f6gliche Bewerber, noch die Vertreter \u00fcber ausreichend Zeit und Gelegenheit, ihre Entscheidung zu treffen.<\/p>\n<p style=\"text-align: justify;\">Bei der anschlie\u00dfenden Nachwahl\u00a0 f\u00fcr den hauptamtlichen Vorstand, wurde der Kollege Dr. J\u00f6rg Meyer von der Mehrheit der Vertreter des Verbandes der Zahn\u00e4rzte von Berlin und des Freien Verbandes als neues Mitglied des Vorstandes der KZV Berlin gew\u00e4hlt. Die Wahl des Kollegen Dr. J\u00f6rg Meyer wird von den Vertretern IUZB in aller Deutlichkeit und wohl begr\u00fcndet abgelehnt. Insbesondere seine fehlende Bereitschaft, die Kollegenschaft nach vielen Jahren endlich \u00fcber seine Verstrickungen bez\u00fcglich geflossener <a href=\"https:\/\/iuzb.de\/?cat=128\" target=\"_blank\" rel=\"noopener noreferrer\">Nachtnotfalldienstgelder<\/a> aufzukl\u00e4ren, lassen nicht erwarten, dass er\u00a0 \u00fcber die Voraussetzungen verf\u00fcgt, eine ordnungsgem\u00e4\u00dfe, transparente und von Ehrlichkeit bestimmte Amtsf\u00fchrung zum Wohle aller Kolleginnen und Kollegen zu gew\u00e4hrleisten.<\/p>\n<p style=\"text-align: justify;\">Als unter dem Top 5 die Nachwahl eines Mitgliedes f\u00fcr die VV der KZBV aufgerufen und an den Vorsitzenden der Vertreterversammlung die Frage gerichtet wurde, wie es denn sein kann, dass dieser Top bereits auf die Tagesordnung geriet, als noch kein in die VV der KZBV gew\u00e4hltes Mitglied der Berliner KZV seinen R\u00fccktritt erkl\u00e4rt hatte, musste schlie\u00dflich auch dem letzten gutgl\u00e4ubigen Vertreter offenbar geworden sein, dass durch Absprachen im Vorfeld dieser VV eine der in der VV der KZBV sitzenden Kollegen vorab als Vorstandsmitglied der KZV Berlin pr\u00e4judiziert worden war.<\/p>\n<p style=\"text-align: justify;\">Als neues Mitglied der Berliner Zahn\u00e4rzte in der VV der KZBV, wurde der Kollege M\u00fcller Reichenwallner gew\u00e4hlt.<\/p>\n<p style=\"text-align: justify;\">Der unter TOP 6 diskutierte <a href=\"https:\/\/iuzb.de\/?p=19801\" target=\"_blank\" rel=\"noopener noreferrer\">Widerspruch<\/a> der IUZB zum Protokoll der Vertreterversammlung vom 20 Februar 2017 wurde mehrheitlich abgelehnt. Hierzu werden wir in einem gesonderten Bericht Stellung nehmen.<\/p>\n<p style=\"text-align: justify;\">Schlie\u00dflich blieb es dem scheidenden Vorstandsvorsitzenden vorbehalten, sich von der Vertreterversammlung mit einem, von deplatzierten Wertungen gespickten Bericht \u00fcber ein Treffen mit der Senatsaufsicht, zu verabschieden.<\/p>\n<p style=\"text-align: justify;\">Unter den Gew\u00e4hlten und ihren strahlenden Unterst\u00fctzern, kam es zum Austausch heftiger Br\u00fcderk\u00fcsse! Na dann! Das Kapitel haben wir hinter uns! Nur <a href=\"https:\/\/iuzb.de\/?p=2623\" target=\"_blank\" rel=\"noopener noreferrer\">EINER<\/a> blieb auf der Strecke. Er hatte aufs falsche Pferd gesetzt.<\/p>\n<p><span style=\"color: #ffffff;\">.<\/span><\/p>\n<p><span style=\"color: #ffffff;\">.<\/span><\/p>\n<p><img loading=\"lazy\" decoding=\"async\" class=\"wp-image-12486 alignleft\" src=\"https:\/\/iuzb.de\/wp-content\/uploads\/2008\/07\/Dr.-Helmut-Dohmeier-de-Haan-214x300.jpg\" alt=\"\" width=\"150\" height=\"210\" srcset=\"https:\/\/iuzb.de\/wp-content\/uploads\/2008\/07\/Dr.-Helmut-Dohmeier-de-Haan-214x300.jpg 214w, https:\/\/iuzb.de\/wp-content\/uploads\/2008\/07\/Dr.-Helmut-Dohmeier-de-Haan-107x150.jpg 107w, https:\/\/iuzb.de\/wp-content\/uploads\/2008\/07\/Dr.-Helmut-Dohmeier-de-Haan.jpg 591w\" sizes=\"auto, (max-width: 150px) 100vw, 150px\" \/><\/p>\n<p><span style=\"color: #ffffff;\">.<\/span><\/p>\n<p><strong>Dr. Helmut Dohmeier-de Haan<\/strong><\/p>\n<ul>\n<li>2. Vorsitzender IUZB e.V.<\/li>\n<li>Vertreter der KZV Berlin<\/li>\n<\/ul>\n<p><span style=\"color: #ffffff;\">.<\/span><\/p>\n<p><span style=\"color: #ffffff;\">.<\/span><\/p>\n<p><span style=\"color: #ffffff;\">.<\/span><\/p>\n<p>&nbsp;<\/p>\n<p><span style=\"color: #ffffff;\">.<\/span><\/p>\n<p><span style=\"color: #ffffff;\">.<\/span><\/p>\n<p><span style=\"font-size: 10pt;\"><a href=\"https:\/\/iuzb.de\/wp-content\/uploads\/2017\/04\/2017-05-19-Amtsblatt-KZV-Vorstandswechsel.pdf\" target=\"_blank\" rel=\"noopener noreferrer\">19.05.2017 Amtsblatt<\/a><\/span><\/p>\n","protected":false},"excerpt":{"rendered":"<p>In einer bemerkenswert schlecht vorbereiteten Vertreterversammlung, wurde unter dem Top 2 beschlossen, den Vorstandsvorsitzenden der KZV Berlin, den Kollegen Dr. Karl-Georg Pochhammer, mit Wirkung ab dem 25. April 2017 von [&#8230;]<\/p>\n","protected":false},"author":13,"featured_media":20563,"comment_status":"open","ping_status":"closed","sticky":false,"template":"","format":"standard","meta":{"ngg_post_thumbnail":0,"iawp_total_views":1,"footnotes":""},"categories":[242,45,97,237],"tags":[],"class_list":["post-20559","post","type-post","status-publish","format-standard","has-post-thumbnail","hentry","category-infobriefe","category-kzv-berlin","category-vertreterversammlung-kzv-berlin","category-vorstand-kzv"],"_links":{"self":[{"href":"https:\/\/iuzb.de\/index.php?rest_route=\/wp\/v2\/posts\/20559","targetHints":{"allow":["GET"]}}],"collection":[{"href":"https:\/\/iuzb.de\/index.php?rest_route=\/wp\/v2\/posts"}],"about":[{"href":"https:\/\/iuzb.de\/index.php?rest_route=\/wp\/v2\/types\/post"}],"author":[{"embeddable":true,"href":"https:\/\/iuzb.de\/index.php?rest_route=\/wp\/v2\/users\/13"}],"replies":[{"embeddable":true,"href":"https:\/\/iuzb.de\/index.php?rest_route=%2Fwp%2Fv2%2Fcomments&post=20559"}],"version-history":[{"count":16,"href":"https:\/\/iuzb.de\/index.php?rest_route=\/wp\/v2\/posts\/20559\/revisions"}],"predecessor-version":[{"id":20845,"href":"https:\/\/iuzb.de\/index.php?rest_route=\/wp\/v2\/posts\/20559\/revisions\/20845"}],"wp:featuredmedia":[{"embeddable":true,"href":"https:\/\/iuzb.de\/index.php?rest_route=\/wp\/v2\/media\/20563"}],"wp:attachment":[{"href":"https:\/\/iuzb.de\/index.php?rest_route=%2Fwp%2Fv2%2Fmedia&parent=20559"}],"wp:term":[{"taxonomy":"category","embeddable":true,"href":"https:\/\/iuzb.de\/index.php?rest_route=%2Fwp%2Fv2%2Fcategories&post=20559"},{"taxonomy":"post_tag","embeddable":true,"href":"https:\/\/iuzb.de\/index.php?rest_route=%2Fwp%2Fv2%2Ftags&post=20559"}],"curies":[{"name":"wp","href":"https:\/\/api.w.org\/{rel}","templated":true}]}}