{"id":20451,"date":"2011-10-17T23:55:35","date_gmt":"2011-10-17T21:55:35","guid":{"rendered":"http:\/\/iuzb.de\/?p=20451"},"modified":"2023-04-12T15:53:40","modified_gmt":"2023-04-12T13:53:40","slug":"kzv-berlin-veroeffentlicht-wieder-die-vertretetversammlungsprotokolle","status":"publish","type":"post","link":"https:\/\/iuzb.de\/?p=20451","title":{"rendered":"KZV Berlin ver\u00f6ffentlicht wieder die Vertretetversammlungsprotokolle"},"content":{"rendered":"<div id=\"attachment_17627\" style=\"width: 230px\" class=\"wp-caption alignright\"><a href=\"https:\/\/iuzb.de\/wp-content\/uploads\/2011\/05\/2011-05-07-Antrag-KZV-VV-6.6.2011-Barrierefreier-Informationszugang.pdf\" target=\"_blank\" rel=\"noopener\"><img loading=\"lazy\" decoding=\"async\" aria-describedby=\"caption-attachment-17627\" class=\"wp-image-17627 size-medium\" src=\"https:\/\/iuzb.de\/wp-content\/uploads\/2011\/05\/2011-05-07-Antrag-KZV-VV-6.6.2011-Barrierefreier-Informationszugang-Bild-220x300.jpg\" alt=\"\" width=\"220\" height=\"300\" srcset=\"https:\/\/iuzb.de\/wp-content\/uploads\/2011\/05\/2011-05-07-Antrag-KZV-VV-6.6.2011-Barrierefreier-Informationszugang-Bild-220x300.jpg 220w, https:\/\/iuzb.de\/wp-content\/uploads\/2011\/05\/2011-05-07-Antrag-KZV-VV-6.6.2011-Barrierefreier-Informationszugang-Bild-768x1047.jpg 768w, https:\/\/iuzb.de\/wp-content\/uploads\/2011\/05\/2011-05-07-Antrag-KZV-VV-6.6.2011-Barrierefreier-Informationszugang-Bild-751x1024.jpg 751w, https:\/\/iuzb.de\/wp-content\/uploads\/2011\/05\/2011-05-07-Antrag-KZV-VV-6.6.2011-Barrierefreier-Informationszugang-Bild.jpg 788w\" sizes=\"auto, (max-width: 220px) 100vw, 220px\" \/><\/a><p id=\"caption-attachment-17627\" class=\"wp-caption-text\">Vertreterversammlung beschlie\u00dft Antragsnummer 3, 4 und 5<\/p><\/div>\n<p style=\"text-align: justify;\">Die Vertreterversammlung der KZV Berlin hat am 17. Oktober 2011 dem <a href=\"https:\/\/iuzb.de\/?p=2806\" target=\"_blank\" rel=\"noopener\">Antrag<\/a> der IUZB vom 07. Mai 2011 entsprochen und den Beschluss gefasst, die VV-Protokolle wieder zu ver\u00f6ffentlichen:<\/p>\n<p style=\"text-align: justify;\">Aus dem Protokoll der Vertreterversammlung vom 17.10.2011:<\/p>\n<p style=\"text-align: justify;\">Zu TOP 2:<\/p>\n<blockquote>\n<p style=\"text-align: justify;\">Antr\u00e4ge der IUZB \u2013 vertagt am 06.06.2011<\/p>\n<ol style=\"text-align: justify;\">\n<li style=\"text-align: justify;\">1. Antrag der IUZB vom 07.05.2011 \u201eBarrierefreier Informationszugang\u201c<\/li>\n<li style=\"text-align: justify;\">&nbsp;.\/.<\/li>\n<\/ol>\n<p style=\"text-align: justify;\">1. \u201eBarrierefreier Informationszugang\u201c (Anhang 1)<br \/>\n<strong>Herr Koll. Gneist weist darauf hin, dass einzelne Punkte gestrichen werden k\u00f6nnten. <\/strong><strong>Im Hinblick auf die neu installierte Homepage der KZV Berlin seien nur noch <\/strong><strong>die Punkte 3, 4. und 5. offen.<\/strong> Er liest seinen Antrag vor.<br \/>\nHerr Koll. Radtke regt nach ausf\u00fchrlicher Diskussion an, die Abstimmung zu verschieben und nach der neu zu beschlie\u00dfenden Gesch\u00e4ftsordnung vorzunehmen. Herr Koll. Gneist ist damit einverstanden.<\/p>\n<\/blockquote>\n<p style=\"text-align: justify;\">Zu TOP 4:<\/p>\n<blockquote>\n<p style=\"text-align: justify;\">Herr Koll. Radtke ruft nochmals den Antrag des Herrn Koll. Gneist \u201eBarrierefreier Informationszugang\u201c, insbesondere die Einstellung der Ergebnisprotokolle, auf und bittet um Abstimmung.<\/p>\n<p style=\"text-align: justify;\">Abstimmung \u00fcber den <strong>Antrag \u201eBarrierefreier Informationszugang<\/strong>:<br \/>\nBei<\/p>\n<p style=\"padding-left: 30px; text-align: justify;\"><strong>21 Ja-Stimmen<\/strong><br \/>\n<strong>10 Nein-Stimmen und<\/strong><br \/>\n<strong>5 Enthaltungen<\/strong><\/p>\n<p style=\"text-align: justify;\">ist der Antrag des Herrn Koll. Gneist <strong>angenommen<\/strong>.<\/p>\n<\/blockquote>\n<p><span style=\"color: #ffffff;\">.<\/span><\/p>\n<p><span style=\"color: #ffffff;\">.<\/span><\/p>\n<p><span style=\"font-size: 8pt; color: #ffffff;\">.<\/span><\/p>\n<p><span style=\"font-size: 8pt;\">R\u00fcckwirkend erstellt am 17.04.2017<\/span><\/p>\n","protected":false},"excerpt":{"rendered":"<p>Die Vertreterversammlung der KZV Berlin hat am 17. Oktober 2011 dem Antrag der IUZB vom 07. Mai 2011 entsprochen und den Beschluss gefasst, die VV-Protokolle wieder zu ver\u00f6ffentlichen: Aus dem [&#8230;]<\/p>\n","protected":false},"author":13,"featured_media":0,"comment_status":"open","ping_status":"closed","sticky":false,"template":"","format":"standard","meta":{"ngg_post_thumbnail":0,"iawp_total_views":0,"footnotes":""},"categories":[45,195,97],"tags":[],"class_list":["post-20451","post","type-post","status-publish","format-standard","hentry","category-kzv-berlin","category-protokolle-kzv-vv","category-vertreterversammlung-kzv-berlin"],"_links":{"self":[{"href":"https:\/\/iuzb.de\/index.php?rest_route=\/wp\/v2\/posts\/20451","targetHints":{"allow":["GET"]}}],"collection":[{"href":"https:\/\/iuzb.de\/index.php?rest_route=\/wp\/v2\/posts"}],"about":[{"href":"https:\/\/iuzb.de\/index.php?rest_route=\/wp\/v2\/types\/post"}],"author":[{"embeddable":true,"href":"https:\/\/iuzb.de\/index.php?rest_route=\/wp\/v2\/users\/13"}],"replies":[{"embeddable":true,"href":"https:\/\/iuzb.de\/index.php?rest_route=%2Fwp%2Fv2%2Fcomments&post=20451"}],"version-history":[{"count":13,"href":"https:\/\/iuzb.de\/index.php?rest_route=\/wp\/v2\/posts\/20451\/revisions"}],"predecessor-version":[{"id":41965,"href":"https:\/\/iuzb.de\/index.php?rest_route=\/wp\/v2\/posts\/20451\/revisions\/41965"}],"wp:attachment":[{"href":"https:\/\/iuzb.de\/index.php?rest_route=%2Fwp%2Fv2%2Fmedia&parent=20451"}],"wp:term":[{"taxonomy":"category","embeddable":true,"href":"https:\/\/iuzb.de\/index.php?rest_route=%2Fwp%2Fv2%2Fcategories&post=20451"},{"taxonomy":"post_tag","embeddable":true,"href":"https:\/\/iuzb.de\/index.php?rest_route=%2Fwp%2Fv2%2Ftags&post=20451"}],"curies":[{"name":"wp","href":"https:\/\/api.w.org\/{rel}","templated":true}]}}