{"id":20167,"date":"2017-04-05T20:25:22","date_gmt":"2017-04-05T18:25:22","guid":{"rendered":"http:\/\/iuzb.de\/?p=20167"},"modified":"2017-04-25T07:45:04","modified_gmt":"2017-04-25T05:45:04","slug":"kzv-einladung-zur-vertreterversammlung-am-24-04-2017-entbinung-und-nachwahl-fuer-den-vorstandsvorsitzenden-dr-pochhammer","status":"publish","type":"post","link":"https:\/\/iuzb.de\/?p=20167","title":{"rendered":"KZV Berlin: Entbindung und Nachwahl f\u00fcr den Vorstandsvorsitzenden Dr. Pochhammer &#8211; Einladung zur Vertreterversammlung am 24.04.2017"},"content":{"rendered":"<ul>\n<li><strong>Montag, 24. April 2017<\/strong> um <strong>19:00 Uhr <\/strong>c.t.<\/li>\n<li><strong>Vertreterversammlung der Kassenzahn\u00e4rztlichen Vereinigung Berlin<\/strong><\/li>\n<li>im Zahn\u00e4rztehaus der KZV, 10711 Berlin, Georg-Wilhelm-Str. 16<\/li>\n<\/ul>\n<table style=\"width: 657.317px;\">\n<tbody>\n<tr style=\"height: 24px;\">\n<td style=\"vertical-align: top; height: 24px; width: 603.317px; text-align: left;\" colspan=\"2\"><span style=\"text-decoration: underline;\">Tagesordnungspunkte<\/span><\/td>\n<\/tr>\n<tr style=\"height: 24px;\">\n<td style=\"vertical-align: top; height: 24px; width: 35px; text-align: left;\">1.<\/td>\n<td style=\"vertical-align: top; height: 24px; width: 568.317px; text-align: left;\">Begr\u00fc\u00dfung, Feststellung der Anwesenheit, Totenehrung<\/td>\n<\/tr>\n<tr style=\"height: 48px;\">\n<td style=\"vertical-align: top; height: 48px; width: 35px; text-align: left;\">2.<\/td>\n<td style=\"vertical-align: top; height: 48px; width: 568.317px; text-align: left;\">Entbindung vom Vorstandsamt des <a href=\"https:\/\/www.kzv-berlin.de\/kzv-berlin\/organe-und-struktur\/vorstand.html\" target=\"_blank\" rel=\"noopener noreferrer\">Vorstandsmitgliedes Dr. Karl-Georg<\/a><br \/>\nPochhammer (Satzung der KZV Berlin \u00a7 13)<\/td>\n<\/tr>\n<tr style=\"height: 24px;\">\n<td style=\"vertical-align: top; height: 24px; width: 35px; text-align: left;\">3.<\/td>\n<td style=\"vertical-align: top; height: 24px; width: 568.317px; text-align: left;\">Nachwahl eines neuen Mitgliedes f\u00fcr den hauptamtlichen Vorstand gem\u00e4\u00df \u00a7 11 Absatz 2 der Satzung f\u00fcr das bisherige Vorstandsmitglied Dr. Karl-Georg Pochhammer<\/td>\n<\/tr>\n<tr style=\"height: 24.6667px;\">\n<td style=\"vertical-align: top; height: 24.6667px; width: 35px; text-align: left;\">4.<\/td>\n<td style=\"vertical-align: top; height: 24.6667px; width: 568.317px; text-align: left;\">Wahl der\/s Vorsitzenden des hauptamtlichen Vorstandes gem\u00e4\u00df \u00a7 11 Absatz 3 Satz 4 der Satzung<\/td>\n<\/tr>\n<tr style=\"height: 24px;\">\n<td style=\"vertical-align: top; height: 24px; width: 35px; text-align: left;\">5.<\/td>\n<td style=\"vertical-align: top; height: 24px; width: 568.317px; text-align: left;\">Wahl eines weiteren Mitgliedes f\u00fcr die VV der KZBV gem\u00e4\u00df \u00a7 7 Absatz 2 e der Satzung<\/td>\n<\/tr>\n<tr style=\"height: 24px;\">\n<td style=\"vertical-align: top; height: 24px; width: 35px; text-align: left;\">6.<\/td>\n<td style=\"vertical-align: top; height: 24px; width: 568.317px; text-align: left;\">Protokoll der VV vom 20.02.2017<br \/>\n<a href=\"https:\/\/iuzb.de\/?p=19801\" target=\"_blank\" rel=\"noopener noreferrer\">Einspruch der IUZB<\/a> (siehe beigef\u00fcgte Anlagen)<\/td>\n<\/tr>\n<tr style=\"height: 24px;\">\n<td style=\"vertical-align: top; height: 24px; width: 35px; text-align: left;\">7.<\/td>\n<td style=\"vertical-align: top; height: 24px; width: 568.317px; text-align: left;\">Bericht des Vorsitzenden der VV (siehe beigef\u00fcgte Anlagen)<\/td>\n<\/tr>\n<tr style=\"height: 24px;\">\n<td style=\"vertical-align: top; height: 24px; width: 35px; text-align: left;\">8.<\/td>\n<td style=\"vertical-align: top; height: 24px; width: 568.317px; text-align: left;\">Bericht des Vorsitzenden des Hauptausschusses<\/td>\n<\/tr>\n<tr style=\"height: 24px;\">\n<td style=\"vertical-align: top; height: 24px; width: 35px; text-align: left;\">9.<\/td>\n<td style=\"vertical-align: top; height: 24px; width: 568.317px; text-align: left;\">Bericht des Vorstandes<\/td>\n<\/tr>\n<tr style=\"height: 24px;\">\n<td style=\"vertical-align: top; height: 24px; width: 35px; text-align: left;\">10.<\/td>\n<td style=\"vertical-align: top; height: 24px; width: 568.317px; text-align: left;\">Fragestunde<\/td>\n<\/tr>\n<tr style=\"height: 24px;\">\n<td style=\"vertical-align: top; height: 24px; width: 35px; text-align: left;\">11.<\/td>\n<td style=\"vertical-align: top; height: 24px; width: 568.317px; text-align: left;\">Antr\u00e4ge<\/td>\n<\/tr>\n<tr style=\"height: 24px;\">\n<td style=\"vertical-align: top; height: 24px; width: 35px; text-align: left;\">12.<\/td>\n<td style=\"vertical-align: top; height: 24px; width: 568.317px; text-align: left;\">Verschiedenes<\/td>\n<\/tr>\n<\/tbody>\n<\/table>\n<p><span style=\"color: #ffffff;\">.<\/span><\/p>\n<p><span style=\"text-decoration: underline;\">Weiterf\u00fchrend zu TOP 2:<\/span><\/p>\n<ul>\n<li><a href=\"https:\/\/iuzb.de\/?p=19865\" target=\"_blank\" rel=\"noopener noreferrer\">Das Ende eines Wahlversprechens<\/a> <em>von Dr. Andreas Hessberger<\/em><\/li>\n<li><a href=\"https:\/\/iuzb.de\/?p=19778\" target=\"_blank\" rel=\"noopener noreferrer\">Dr. Karl-Georg Pochhammer neuer stellvertretender Vorstandsvorsitzender der KZBV<\/a><\/li>\n<\/ul>\n<p><span style=\"color: #ffffff;\">.<\/span><\/p>\n<p>&nbsp;<\/p>\n","protected":false},"excerpt":{"rendered":"<p>Montag, 24. April 2017 um 19:00 Uhr c.t. Vertreterversammlung der Kassenzahn\u00e4rztlichen Vereinigung Berlin im Zahn\u00e4rztehaus der KZV, 10711 Berlin, Georg-Wilhelm-Str. 16 Tagesordnungspunkte 1. Begr\u00fc\u00dfung, Feststellung der Anwesenheit, Totenehrung 2. Entbindung [&#8230;]<\/p>\n","protected":false},"author":13,"featured_media":0,"comment_status":"open","ping_status":"closed","sticky":false,"template":"","format":"standard","meta":{"ngg_post_thumbnail":0,"iawp_total_views":2,"footnotes":""},"categories":[45,97,237],"tags":[],"class_list":["post-20167","post","type-post","status-publish","format-standard","hentry","category-kzv-berlin","category-vertreterversammlung-kzv-berlin","category-vorstand-kzv"],"_links":{"self":[{"href":"https:\/\/iuzb.de\/index.php?rest_route=\/wp\/v2\/posts\/20167","targetHints":{"allow":["GET"]}}],"collection":[{"href":"https:\/\/iuzb.de\/index.php?rest_route=\/wp\/v2\/posts"}],"about":[{"href":"https:\/\/iuzb.de\/index.php?rest_route=\/wp\/v2\/types\/post"}],"author":[{"embeddable":true,"href":"https:\/\/iuzb.de\/index.php?rest_route=\/wp\/v2\/users\/13"}],"replies":[{"embeddable":true,"href":"https:\/\/iuzb.de\/index.php?rest_route=%2Fwp%2Fv2%2Fcomments&post=20167"}],"version-history":[{"count":10,"href":"https:\/\/iuzb.de\/index.php?rest_route=\/wp\/v2\/posts\/20167\/revisions"}],"predecessor-version":[{"id":20544,"href":"https:\/\/iuzb.de\/index.php?rest_route=\/wp\/v2\/posts\/20167\/revisions\/20544"}],"wp:attachment":[{"href":"https:\/\/iuzb.de\/index.php?rest_route=%2Fwp%2Fv2%2Fmedia&parent=20167"}],"wp:term":[{"taxonomy":"category","embeddable":true,"href":"https:\/\/iuzb.de\/index.php?rest_route=%2Fwp%2Fv2%2Fcategories&post=20167"},{"taxonomy":"post_tag","embeddable":true,"href":"https:\/\/iuzb.de\/index.php?rest_route=%2Fwp%2Fv2%2Ftags&post=20167"}],"curies":[{"name":"wp","href":"https:\/\/api.w.org\/{rel}","templated":true}]}}