{"id":20102,"date":"2017-04-03T19:48:01","date_gmt":"2017-04-03T17:48:01","guid":{"rendered":"http:\/\/iuzb.de\/?p=20102"},"modified":"2017-04-21T13:38:04","modified_gmt":"2017-04-21T11:38:04","slug":"stellvertretender-vorstandsvorsitzender-der-kassenaerztlichen-vereinigung-kv-berlin-legt-amt-nieder","status":"publish","type":"post","link":"https:\/\/iuzb.de\/?p=20102","title":{"rendered":"KV Berlin: Stellvertretender Vorstandsvorsitzender legt Amt nieder"},"content":{"rendered":"<p style=\"text-align: justify;\">Aus pers\u00f6nlichen Gr\u00fcnden hat Herr Dipl.-Med.\u00a0Mathias\u00a0Coordt* sein Amt als stellvertretender Vorstandsvorsitzender der Kassen\u00e4rztlichen Vereinigung (KV) Berlin niedergelegt.<\/p>\n<p style=\"text-align: justify;\"><a href=\"https:\/\/www.kvberlin.de\/10kvberlin\/10aufbau\/20vertreterversammlung\/10mitglieder\/index.html\" target=\"_blank\">Frau Dr. Christiane Wessel<\/a>, Vorsitzende der Vertreterversammlung (VV) der KV Berlin, erkl\u00e4rt zur Amtsniederlegung von Herrn Dipl.-Med. Mathias Coordt:<\/p>\n<blockquote>\n<p style=\"text-align: justify;\">&#8222;Die Amtsniederlegung von Herrn Dipl.-Med. Mathias Coordt als stellvertretender Vorstandsvorsitzender der Kassen\u00e4rztlichen Vereinigung (KV) Berlin bedauere ich sehr, gleichwohl respektiere ich seine pers\u00f6nliche Entscheidung. Der Gesch\u00e4ftsbereich von Herrn Coordt wird bis zur Wahl eines neuen haus\u00e4rztlichen Vorstandsmitgliedes durch die Vertreterversammlung durch <a href=\"https:\/\/www.kvberlin.de\/10kvberlin\/10aufbau\/30vorstand\/mitglieder\/index.html\" target=\"_blank\">Frau Dr.\u00a0Margret\u00a0Stennes und Herrn G\u00fcnter\u00a0Scherer<\/a> gemeinsam kommissarisch geleitet.<\/p>\n<p style=\"text-align: justify;\">\u00dcber die Entscheidung von Herrn Coordt habe ich die Mitglieder der Vertreterversammlung unverz\u00fcglich informiert. Gemeinsam mit der Vertreterversammlung werde ich daf\u00fcr sorgen, dass die KV Berlin im Interesse ihrer Mitglieder und den Bewohnern unserer Stadt den in der neuen Amtszeit unter Leitung des neuen Vorstands begonnenen Neuanfang erfolgreich fortsetzt.&#8220;<\/p>\n<\/blockquote>\n<p>Quelle: KV Berlin, <a href=\"https:\/\/www.kvberlin.de\/40presse\/10pressemitteilung\/pe170403.html\" target=\"_blank\">Pressemitteilung<\/a> vom 03.04.2017<\/p>\n<p>*Wahlliste <a href=\"http:\/\/www.haus\u00e4rzte-f\u00fcr-berlin.de\/\" target=\"_blank\">Haus\u00e4rzte f\u00fcr Berlin<\/a><\/p>\n<p>&nbsp;<\/p>\n<p><span style=\"text-decoration: underline;\">Sonstiges:<\/span><\/p>\n<ul>\n<li>\u00c4rzteZeitung 29.03.2017: <a href=\"http:\/\/www.aerztezeitung.de\/politik_gesellschaft\/berufspolitik\/article\/932676\/kv-berlin-vorstandswahl-eilverfahren-angefochten.html\" target=\"_blank\">Vorstandswahl beim Sozialgericht Berlin im Eilverfahren angefochten<\/a><\/li>\n<li>\u00c4rzteZeitung 15.03.2017: <a href=\"http:\/\/www.aerztezeitung.de\/politik_gesellschaft\/berufspolitik\/article\/931666\/kv-berlin-neuwahl-des-vorstands-erforderlich.html?sh=1&amp;h=-143980841\" target=\"_blank\">Neuwahl des Vorstands erforderlich?<\/a><\/li>\n<li>11.02.2017: <a href=\"https:\/\/iuzb.de\/?p=19285\" target=\"_blank\">KV Berlin: Neuer Vorstand gew\u00e4hlt<\/a><\/li>\n<\/ul>\n<p>&nbsp;<\/p>\n","protected":false},"excerpt":{"rendered":"<p>Aus pers\u00f6nlichen Gr\u00fcnden hat Herr Dipl.-Med.\u00a0Mathias\u00a0Coordt* sein Amt als stellvertretender Vorstandsvorsitzender der Kassen\u00e4rztlichen Vereinigung (KV) Berlin niedergelegt. Frau Dr. Christiane Wessel, Vorsitzende der Vertreterversammlung (VV) der KV Berlin, erkl\u00e4rt zur [&#8230;]<\/p>\n","protected":false},"author":13,"featured_media":0,"comment_status":"open","ping_status":"closed","sticky":false,"template":"","format":"standard","meta":{"ngg_post_thumbnail":0,"iawp_total_views":1,"footnotes":""},"categories":[120],"tags":[],"class_list":["post-20102","post","type-post","status-publish","format-standard","hentry","category-kv-berlin"],"_links":{"self":[{"href":"https:\/\/iuzb.de\/index.php?rest_route=\/wp\/v2\/posts\/20102","targetHints":{"allow":["GET"]}}],"collection":[{"href":"https:\/\/iuzb.de\/index.php?rest_route=\/wp\/v2\/posts"}],"about":[{"href":"https:\/\/iuzb.de\/index.php?rest_route=\/wp\/v2\/types\/post"}],"author":[{"embeddable":true,"href":"https:\/\/iuzb.de\/index.php?rest_route=\/wp\/v2\/users\/13"}],"replies":[{"embeddable":true,"href":"https:\/\/iuzb.de\/index.php?rest_route=%2Fwp%2Fv2%2Fcomments&post=20102"}],"version-history":[{"count":8,"href":"https:\/\/iuzb.de\/index.php?rest_route=\/wp\/v2\/posts\/20102\/revisions"}],"predecessor-version":[{"id":20493,"href":"https:\/\/iuzb.de\/index.php?rest_route=\/wp\/v2\/posts\/20102\/revisions\/20493"}],"wp:attachment":[{"href":"https:\/\/iuzb.de\/index.php?rest_route=%2Fwp%2Fv2%2Fmedia&parent=20102"}],"wp:term":[{"taxonomy":"category","embeddable":true,"href":"https:\/\/iuzb.de\/index.php?rest_route=%2Fwp%2Fv2%2Fcategories&post=20102"},{"taxonomy":"post_tag","embeddable":true,"href":"https:\/\/iuzb.de\/index.php?rest_route=%2Fwp%2Fv2%2Ftags&post=20102"}],"curies":[{"name":"wp","href":"https:\/\/api.w.org\/{rel}","templated":true}]}}