{"id":20001,"date":"2017-04-01T13:24:44","date_gmt":"2017-04-01T11:24:44","guid":{"rendered":"http:\/\/iuzb.de\/?p=20001"},"modified":"2017-04-09T07:33:54","modified_gmt":"2017-04-09T05:33:54","slug":"exclusic-zahnaerztekammer-berlin-und-brandenburg-sollen-fusionieren","status":"publish","type":"post","link":"https:\/\/iuzb.de\/?p=20001","title":{"rendered":"Exklusiv: Zahn\u00e4rztekammern Berlin und Brandenburg sollen fusionieren"},"content":{"rendered":"<p style=\"text-align: justify;\">Die Berliner und Brandenburger Zahn\u00e4rztekammern sollen zum 01. April 2022 zusammengeschlossen werden. Dies ergibt sich aus einem bisher vertraulichen Strategiepapier der Senatsverwaltung f\u00fcr Gesundheit und den Spitzen der Zahn\u00e4rztekammern Berlin und Brandenburg und dem VZB, zur geplanten \u00c4nderung des Berliner Kammergesetzes,\u00a0welches am kommenden Mittwoch (<a href=\"https:\/\/www.parlament-berlin.de\/de\/Dokumente\/Drucksachen\" target=\"_blank\">Drucksache<\/a> 18\/24.12.) ver\u00f6ffentlicht werden soll.<\/p>\n<p style=\"text-align: justify;\">Anlass sind Schwierigkeiten in der Umsetzung der <a href=\"https:\/\/de.wikipedia.org\/wiki\/Diskontinuit%C3%A4tsprinzip\" target=\"_blank\">Diskontinuit\u00e4tsgrunds\u00e4tze<\/a> im gemeinsamen Versorgungswerk (VZB) der beiden Kammerbezirke. \u00dcber eine Zusammenf\u00fchrung der (nur f\u00fcr die Zahn\u00e4rzteschaft) geltenden entsprechenden Kammergesetzparagrafen in Berlin und Brandenburg, sollen dann f\u00fcr die Vertreterversammlung des VZB k\u00fcnftig auch Direktwahlen zur Vertreterversammlung des VZB eingef\u00fchrt werden. Au\u00dferdem soll k\u00fcnftig auch der VZB-Verwaltungsausschuss <a href=\"http:\/\/www.wahlrecht.de\/lexikon\/spiegelbildlichkeit.html\" target=\"_blank\">spiegelbildlich<\/a> besetzt werden, damit alle Wahllisten die M\u00f6glichkeit haben, ihre Teilhaberecht und Kontrollfunktion wahrzunehmen, was derzeit nicht der Fall ist, wie insbesondere seitens der IUZB seit langem immer wieder <a href=\"https:\/\/iuzb.de\/?cat=94\" target=\"_blank\">kritisiert<\/a> wird.<\/p>\n<p style=\"text-align: justify;\"><strong>Virtuelle Kammer: Die Kammer kommt zu Ihnen<\/strong><\/p>\n<p style=\"text-align: justify;\">Bei der neuen Kammer sollen dann nicht nur Synergien zum Tragen kommen, etwa durch Wegfall einer Kammerversammlung und eines Vorstandes, sondern man m\u00f6chte voll auf digitale Audio- und Video-Kommunikation setzen und den Mitarbeitern virtuelle Arbeitspl\u00e4tze anbieten, &#8222;<em>Verwaltungspal\u00e4ste geh\u00f6ren der Vergangenheit an<\/em>&#8220; und &#8222;<em>Die Zahn\u00e4rztekammer leistet damit in der Region Berlin-Brandenburg einen Umweltschutzbeitrag durch Abbau des <a href=\"http:\/\/www.bbsr.bund.de\/BBSR\/DE\/Home\/Topthemen\/2017-pendeln.html\" target=\"_blank\">Pendlertums<\/a><\/em>&#8222;, steht in dem Papier. Die Kammerausweise sollen hierf\u00fcr mit einer eID-Funktion versehen werden.<\/p>\n<p style=\"text-align: justify;\"><span style=\"color: #ffffff;\">.<\/span><\/p>\n<p style=\"text-align: justify;\"><span style=\"text-decoration: underline;\">Weiterf\u00fchrend:<\/span><\/p>\n<ul>\n<li style=\"text-align: justify;\">Historisches Vorbild, Preu\u00dfische Zahn\u00e4rztekammer \/ Zahn\u00e4rztekammer f\u00fcr Preu\u00dfen &#8211; <a href=\"https:\/\/iuzb.de\/?p=20059\" target=\"_blank\">lesen<\/a><\/li>\n<\/ul>\n<p style=\"text-align: justify;\"><span style=\"color: #ffffff;\">u\u00dfen:<\/span><\/p>\n","protected":false},"excerpt":{"rendered":"<p>Die Berliner und Brandenburger Zahn\u00e4rztekammern sollen zum 01. April 2022 zusammengeschlossen werden. Dies ergibt sich aus einem bisher vertraulichen Strategiepapier der Senatsverwaltung f\u00fcr Gesundheit und den Spitzen der Zahn\u00e4rztekammern Berlin [&#8230;]<\/p>\n","protected":false},"author":13,"featured_media":0,"comment_status":"open","ping_status":"closed","sticky":false,"template":"","format":"standard","meta":{"ngg_post_thumbnail":0,"iawp_total_views":8,"footnotes":""},"categories":[46,123],"tags":[],"class_list":["post-20001","post","type-post","status-publish","format-standard","hentry","category-zahnaerztekammer-berlin","category-zahngeschichte"],"_links":{"self":[{"href":"https:\/\/iuzb.de\/index.php?rest_route=\/wp\/v2\/posts\/20001","targetHints":{"allow":["GET"]}}],"collection":[{"href":"https:\/\/iuzb.de\/index.php?rest_route=\/wp\/v2\/posts"}],"about":[{"href":"https:\/\/iuzb.de\/index.php?rest_route=\/wp\/v2\/types\/post"}],"author":[{"embeddable":true,"href":"https:\/\/iuzb.de\/index.php?rest_route=\/wp\/v2\/users\/13"}],"replies":[{"embeddable":true,"href":"https:\/\/iuzb.de\/index.php?rest_route=%2Fwp%2Fv2%2Fcomments&post=20001"}],"version-history":[{"count":57,"href":"https:\/\/iuzb.de\/index.php?rest_route=\/wp\/v2\/posts\/20001\/revisions"}],"predecessor-version":[{"id":20101,"href":"https:\/\/iuzb.de\/index.php?rest_route=\/wp\/v2\/posts\/20001\/revisions\/20101"}],"wp:attachment":[{"href":"https:\/\/iuzb.de\/index.php?rest_route=%2Fwp%2Fv2%2Fmedia&parent=20001"}],"wp:term":[{"taxonomy":"category","embeddable":true,"href":"https:\/\/iuzb.de\/index.php?rest_route=%2Fwp%2Fv2%2Fcategories&post=20001"},{"taxonomy":"post_tag","embeddable":true,"href":"https:\/\/iuzb.de\/index.php?rest_route=%2Fwp%2Fv2%2Ftags&post=20001"}],"curies":[{"name":"wp","href":"https:\/\/api.w.org\/{rel}","templated":true}]}}