{"id":19285,"date":"2017-02-11T17:51:51","date_gmt":"2017-02-11T16:51:51","guid":{"rendered":"http:\/\/iuzb.de\/?p=19285"},"modified":"2017-02-11T18:31:12","modified_gmt":"2017-02-11T17:31:12","slug":"neuer-vorstand-der-kv-berlin-gewaehlt","status":"publish","type":"post","link":"https:\/\/iuzb.de\/?p=19285","title":{"rendered":"KV Berlin: Neuer Vorstand gew\u00e4hlt"},"content":{"rendered":"<div style=\"width: 410px\" class=\"wp-caption alignright\"><a href=\"https:\/\/www.kvberlin.de\/resource\/fotos\/vorstand_2017.jpg\" target=\"_blank\"><img loading=\"lazy\" decoding=\"async\" class=\"size-full\" src=\"https:\/\/www.kvberlin.de\/resource\/fotos\/vorstand_2017.jpg\" width=\"400\" height=\"286\" \/><\/a><p class=\"wp-caption-text\"><span style=\"font-size: 8pt;\">Der neue Vorstand der KV Berlin: Dr. Margret Stennes, Vorstandsvorsitzende, Dipl.-Med. Mathias Coordt (rechts), stellvertretender Vorstandsvorsitzender, und Vorstandsmitglied G\u00fcnter Scherer<\/span><\/p><\/div>\n<p class=\"Default\" style=\"text-align: justify;\">Frau Dr. med. Margret Stennes, Herr Dipl.-Med. <a href=\"http:\/\/www.mathias-coordt.de\/\" target=\"_blank\">Mathias Coordt<\/a> und Herr <a href=\"https:\/\/www.kvhb.de\/vorstand\" target=\"_blank\">G\u00fcnter Scherer<\/a> wurden in der heutigen Sitzung der Vertreterversammlung der Kassen\u00e4rztlichen Vereinigung (KV) Berlin gew\u00e4hlt. Wahlberechtigt und vollz\u00e4hlig anwesend waren die 40 Mitglieder der <a href=\"https:\/\/www.kvberlin.de\/10kvberlin\/10aufbau\/20vertreterversammlung\/index.html\" target=\"_blank\">Vertreterversammlung<\/a>.<\/p>\n<p class=\"Default\" style=\"text-align: justify;\">Frau Dr. Stennes (55) (WL: <a href=\"http:\/\/www.muss-man-w\u00e4hlen.de\/\" target=\"_blank\">Fach\u00e4rzte 2.0<\/a>), Fach\u00e4rztin f\u00fcr Innere Medizin und f\u00fcr Psychosomatische Medizin und Psychotherapie aus Steglitz-Zehlendorf, setzte sich mit 21 zu 19 Stimmen gegen Herrn\u00a0 <a href=\"http:\/\/www.lohaus-hno.de\/team\/lohaus.php\" target=\"_blank\">Dr. Matthias Dominik Lohaus<\/a> (54) (WL: <a href=\"http:\/\/www.die-fachaerzte.org\/\" target=\"_blank\">Facharztliste<\/a>) durch, Facharzt f\u00fcr Hals-Nasen-Ohrenheilkunde aus Mitte. Beide waren f\u00fcr den fach\u00e4rztlichen Versorgungsbereich als Kandidaten nominiert.<\/p>\n<p class=\"Default\" style=\"text-align: justify;\">Herr Dipl.-Med. Coordt (54) (WL: <a href=\"http:\/\/www.haus\u00e4rzte-f\u00fcr-berlin.de\" target=\"_blank\">Haus\u00e4rzte<\/a>), Hausarzt in Friedrichshain-Kreuzberg, konnte 22 von 39 g\u00fcltigen Stimmen f\u00fcr sich verbuchen, 17 sein Mitbewerber Herr <a href=\"http:\/\/www.praxis-zehlendorf.de\/index.php?sprache=deutsch\" target=\"_blank\">Dr. Wolfgang Kreischer<\/a> (66) (WL: <a href=\"https:\/\/www.hausaerzteverband.de\/cms\/Berlin-Brandenburg.102.0.html\" target=\"_blank\">Haus\u00e4rzteverband<\/a>), Hausarzt in Steglitz-Zehlendorf. Coordt und Kreischer waren f\u00fcr den haus\u00e4rztlichen Versorgungsbereich ins Rennen gegangen.<\/p>\n<p class=\"Default\" style=\"text-align: justify;\">Um das dritte Vorstandsamt hatten sich mit Herrn G\u00fcnter Scherer (58), Jurist und bis dato Stellvertretender Vorstandsvorsitzender der Kassen\u00e4rztlichen Vereinigung Bremen, und Herrn <a href=\"https:\/\/www.kvberlin.de\/10kvberlin\/10aufbau\/50organigramm\/\" target=\"_blank\">Wolfgang P\u00fctz<\/a> (35), Hauptabteilungsleiter Bedarfsplanung und Zulassung in der KV Berlin, zwei Verwaltungsfachm\u00e4nner beworben. Scherer, der 22 Stimmen f\u00fcr sich gewinnen konnte, ist das erste nicht\u00e4rztliche Vorstandsmitglied der KV Berlin. P\u00fctz hatte 17 Stimmen erhalten.<\/p>\n<p class=\"Default\" style=\"text-align: justify;\">In einem weiteren Wahlverfahren wurde Frau Dr. Margret Stennes mit 22 Ja-Stimmen zur Vorstandsvorsitzenden gew\u00e4hlt. 36 von 39 abgegebenen Stimmen waren g\u00fcltig. F\u00fcr Herrn Dipl.-Med. Mathias Coordt als Stellvertretenden Vorstandsvorsitzenden votierten 26 Vertreter. 33 von 40 abgegebenen Stimmen waren hierbei g\u00fcltig.<\/p>\n<p class=\"Default\" style=\"text-align: justify;\">Der neue Vorstand der KV Berlin l\u00f6st den bisherigen dreik\u00f6pfigen Vorstand Dr. med. Angelika Prehn, Dr. med. Uwe Kraffel und Burkhard Bratzke nach zwei hauptamtlichen Legislaturperioden im Amt ab. Alle drei hatten sich nicht mehr zur Wahl gestellt.<\/p>\n<p class=\"Default\" style=\"text-align: justify;\"><span style=\"font-size: 8pt;\">Quelle: KV Berlin, <a href=\"https:\/\/www.kvberlin.de\/40presse\/10pressemitteilung\/pe170211.html\" target=\"_blank\">Pressemitteilung<\/a> vom 11.02.2017<\/span><\/p>\n","protected":false},"excerpt":{"rendered":"<p>Frau Dr. med. Margret Stennes, Herr Dipl.-Med. Mathias Coordt und Herr G\u00fcnter Scherer wurden in der heutigen Sitzung der Vertreterversammlung der Kassen\u00e4rztlichen Vereinigung (KV) Berlin gew\u00e4hlt. Wahlberechtigt und vollz\u00e4hlig anwesend [&#8230;]<\/p>\n","protected":false},"author":13,"featured_media":0,"comment_status":"open","ping_status":"closed","sticky":false,"template":"","format":"standard","meta":{"ngg_post_thumbnail":0,"iawp_total_views":2,"footnotes":""},"categories":[120],"tags":[],"class_list":["post-19285","post","type-post","status-publish","format-standard","hentry","category-kv-berlin"],"_links":{"self":[{"href":"https:\/\/iuzb.de\/index.php?rest_route=\/wp\/v2\/posts\/19285","targetHints":{"allow":["GET"]}}],"collection":[{"href":"https:\/\/iuzb.de\/index.php?rest_route=\/wp\/v2\/posts"}],"about":[{"href":"https:\/\/iuzb.de\/index.php?rest_route=\/wp\/v2\/types\/post"}],"author":[{"embeddable":true,"href":"https:\/\/iuzb.de\/index.php?rest_route=\/wp\/v2\/users\/13"}],"replies":[{"embeddable":true,"href":"https:\/\/iuzb.de\/index.php?rest_route=%2Fwp%2Fv2%2Fcomments&post=19285"}],"version-history":[{"count":13,"href":"https:\/\/iuzb.de\/index.php?rest_route=\/wp\/v2\/posts\/19285\/revisions"}],"predecessor-version":[{"id":19298,"href":"https:\/\/iuzb.de\/index.php?rest_route=\/wp\/v2\/posts\/19285\/revisions\/19298"}],"wp:attachment":[{"href":"https:\/\/iuzb.de\/index.php?rest_route=%2Fwp%2Fv2%2Fmedia&parent=19285"}],"wp:term":[{"taxonomy":"category","embeddable":true,"href":"https:\/\/iuzb.de\/index.php?rest_route=%2Fwp%2Fv2%2Fcategories&post=19285"},{"taxonomy":"post_tag","embeddable":true,"href":"https:\/\/iuzb.de\/index.php?rest_route=%2Fwp%2Fv2%2Ftags&post=19285"}],"curies":[{"name":"wp","href":"https:\/\/api.w.org\/{rel}","templated":true}]}}