{"id":19252,"date":"2017-02-10T14:10:09","date_gmt":"2017-02-10T13:10:09","guid":{"rendered":"http:\/\/iuzb.de\/?p=19252"},"modified":"2018-01-14T09:55:26","modified_gmt":"2018-01-14T08:55:26","slug":"dr-karsten-heegewaldt-ist-neuer-praesident-der-zahnaerztekammer-berlin-aufwandsentschaedigungen-fuer-den-vorstand-erhoeht","status":"publish","type":"post","link":"https:\/\/iuzb.de\/?p=19252","title":{"rendered":"Dr. Karsten Heegewaldt ist neuer Pr\u00e4sident der Zahn\u00e4rztekammer Berlin &#8211; Aufwandsentsch\u00e4digungen f\u00fcr den Vorstand gegen die Stimmen der Opposition erh\u00f6ht"},"content":{"rendered":"<p style=\"text-align: justify;\">Die Delegierten der Delegiertenversammlung der Zahn\u00e4rztekammer Berlin (Z\u00c4K Berlin) haben gestern Abend Herr <a href=\"http:\/\/www.zahnarztpraxisberlin.de\/kiez\/index.php\/zahnaertze-innen\" target=\"_blank\" rel=\"noopener\">Dr. Karsten Heegewaldt<\/a> (VdZvB) zum neuen Pr\u00e4sidenten der Z\u00c4K Berlin gew\u00e4hlt. Herr Dr. Heegewaldt l\u00f6st damit Dr. Wolfgang Schmiedel ab, der nach 13 Jahren als Pr\u00e4sident nicht erneut kandidierte. Als Vizepr\u00e4sident wurde Herr <a href=\"http:\/\/www.zahntastisch-berlin.de\/dreyer.html\" target=\"_blank\" rel=\"noopener\">Dr. Michael Dreyer<\/a> (FVDZ) best\u00e4tigt.<\/p>\n<blockquote>\n<p style=\"text-align: justify;\">\u201eMeine Wahl zum Pr\u00e4sidenten ist f\u00fcr mich Ansporn und Herausforderung zugleich\u201c, so Dr. Heegewaldt. \u201eIch freue mich, dass ich mich zuk\u00fcnftig insbesondere f\u00fcr unseren Berufsstand im Sinne gelebter Kollegialit\u00e4t und f\u00fcr eine starke Selbstverwaltung einsetzen kann. Hierbei wei\u00df ich mich unterst\u00fctzt durch einen kompetenten und erfahrenen Vorstand sowie durch die engagierten Mitarbeiterinnen und Mitarbeiter der Zahn\u00e4rztekammer Berlin.\u201c<\/p>\n<\/blockquote>\n<p style=\"text-align: justify;\">Als Gegenkandidat f\u00fcr das Amt des Pr\u00e4sidenten trat seitens der Oppositionswahllisten Herr <a href=\"http:\/\/www.zahnkliniken-in-berlin.de\/zahnklinik\/dahlem\/zahnarztpraxis-dr-lutz-stephan-weiss\/\" target=\"_blank\" rel=\"noopener\">Dr. Lutz-Stephan Wei\u00df<\/a> (IUZB) und als Gegenkandidatin f\u00fcr das Amt als Vizepr\u00e4sidentin Frau <a href=\"http:\/\/www.dr-schaetze-zahnarzt.de\/\" target=\"_blank\" rel=\"noopener\">Dr. Celina Sch\u00e4tze<\/a> (DAZ) an. Beide unterlagen aufgrund der Mehrheitsverh\u00e4ltnisse mit achtbaren 16 bzw. 14 Stimmen leider erwartungsgem\u00e4\u00df.<\/p>\n<p style=\"text-align: justify;\">Neu im Vorstand ist Frau <a href=\"http:\/\/hauptstadt-zahnaerzte.de\/dr-med-dent-jana-lo-scalzo\/\" target=\"_blank\" rel=\"noopener\">Dr. Jana Lo Scalzo<\/a> (FVDZ). Frau Zahn\u00e4rztin <a href=\"http:\/\/www.zahnarzt-adler-berlin.de\/zahnarztpraxis\/team\/\" target=\"_blank\" rel=\"noopener\">Juliane von Hoyningen-Huene<\/a> (FVDZ), sowie die drei VdZvB-Mitglieder Herr Dr. Detlef F\u00f6rster, Herr <a href=\"https:\/\/www.drkesler.de\/praxis\/team\/\" target=\"_blank\" rel=\"noopener\">Dr. Helmut Kesler <\/a>und Herr <a href=\"http:\/\/www.zahnarzt-tempelhof.de\/home.html\" target=\"_blank\" rel=\"noopener\">Dr. Dietmar Kuhn<\/a> wurden als Vorstandsmitglieder wiedergew\u00e4hlt.<\/p>\n<p style=\"text-align: justify;\">Die Delegiertenversammlung fasste auf Antrag des Verbandes der Zahn\u00e4rzte von Berlin au\u00dferdem den Beschluss, die Aufwandsentsch\u00e4digungen f\u00fcr den Vorstand zu erh\u00f6hen, so zum Beispiel f\u00fcr das Amt des Kammerpr\u00e4sidenten von 4.100,00 \u20ac um 400,00 \u20ac auf 4.500,00 \u20ac\/Monat. Hinzu kommen bei unver\u00e4nderter Berechnungsgrundlage noch Sitzungsgelder. F\u00fcr den Antrag stimmten 26 Delegierte, dagegen votierten 14 Delegierte, darunter die Delegierten der IUZB.<\/p>\n<p style=\"text-align: justify;\">Abschlie\u00dfend erfolgte noch die Entsendungswahl f\u00fcr die Mitglieder der sich voraussichtlich am 13. Mai 2017 neu konstituierenden <a href=\"http:\/\/vzberlin.org\/Organe\/default.html\" target=\"_blank\" rel=\"noopener\">Vertreterversammlung<\/a> des Versorgungswerkes der Zahn\u00e4rztekammer Berlin.<\/p>\n<p style=\"text-align: justify;\"><span style=\"font-size: 8pt;\">\u00a0<\/span><\/p>\n","protected":false},"excerpt":{"rendered":"<p>Die Delegierten der Delegiertenversammlung der Zahn\u00e4rztekammer Berlin (Z\u00c4K Berlin) haben gestern Abend Herr Dr. Karsten Heegewaldt (VdZvB) zum neuen Pr\u00e4sidenten der Z\u00c4K Berlin gew\u00e4hlt. Herr Dr. Heegewaldt l\u00f6st damit Dr. [&#8230;]<\/p>\n","protected":false},"author":13,"featured_media":0,"comment_status":"open","ping_status":"closed","sticky":false,"template":"","format":"standard","meta":{"ngg_post_thumbnail":0,"iawp_total_views":4,"footnotes":""},"categories":[91,117,87,233,46],"tags":[],"class_list":["post-19252","post","type-post","status-publish","format-standard","hentry","category-delegiertenversammlung","category-diaeten-zaek","category-vertreterversammlung","category-vorstand-zaek","category-zahnaerztekammer-berlin"],"_links":{"self":[{"href":"https:\/\/iuzb.de\/index.php?rest_route=\/wp\/v2\/posts\/19252","targetHints":{"allow":["GET"]}}],"collection":[{"href":"https:\/\/iuzb.de\/index.php?rest_route=\/wp\/v2\/posts"}],"about":[{"href":"https:\/\/iuzb.de\/index.php?rest_route=\/wp\/v2\/types\/post"}],"author":[{"embeddable":true,"href":"https:\/\/iuzb.de\/index.php?rest_route=\/wp\/v2\/users\/13"}],"replies":[{"embeddable":true,"href":"https:\/\/iuzb.de\/index.php?rest_route=%2Fwp%2Fv2%2Fcomments&post=19252"}],"version-history":[{"count":26,"href":"https:\/\/iuzb.de\/index.php?rest_route=\/wp\/v2\/posts\/19252\/revisions"}],"predecessor-version":[{"id":23020,"href":"https:\/\/iuzb.de\/index.php?rest_route=\/wp\/v2\/posts\/19252\/revisions\/23020"}],"wp:attachment":[{"href":"https:\/\/iuzb.de\/index.php?rest_route=%2Fwp%2Fv2%2Fmedia&parent=19252"}],"wp:term":[{"taxonomy":"category","embeddable":true,"href":"https:\/\/iuzb.de\/index.php?rest_route=%2Fwp%2Fv2%2Fcategories&post=19252"},{"taxonomy":"post_tag","embeddable":true,"href":"https:\/\/iuzb.de\/index.php?rest_route=%2Fwp%2Fv2%2Ftags&post=19252"}],"curies":[{"name":"wp","href":"https:\/\/api.w.org\/{rel}","templated":true}]}}