{"id":19188,"date":"2017-02-02T18:22:08","date_gmt":"2017-02-02T17:22:08","guid":{"rendered":"http:\/\/iuzb.de\/?p=19188"},"modified":"2017-02-21T13:36:17","modified_gmt":"2017-02-21T12:36:17","slug":"kzv-einladung-zur-vertreterversammlung-am-20-02-2016-ausschuss-und-gutachterwahlen","status":"publish","type":"post","link":"https:\/\/iuzb.de\/?p=19188","title":{"rendered":"KZV: Einladung zur Vertreterversammlung am 20.02.2016 \u2013 Ausschuss- und Gutachterwahlen"},"content":{"rendered":"<ul>\n<li><strong>Montag, 20. Februar 2017<\/strong> um <strong>19:00 Uhr <\/strong>c.t.<\/li>\n<li><strong>Vertreterversammlung der Kassenzahn\u00e4rztlichen Vereinigung Berlin<\/strong><\/li>\n<li>im Zahn\u00e4rztehaus der KZV, 10711 Berlin, Georg-Wilhelm-Str. 16<\/li>\n<\/ul>\n<table style=\"width: 700px;\">\n<tbody>\n<tr style=\"height: 24px;\">\n<td style=\"vertical-align: top; height: 24px; width: 35.8667px; text-align: left;\" colspan=\"2\"><span style=\"text-decoration: underline;\">Tagesordnungspunkte<\/span><\/td>\n<\/tr>\n<tr style=\"height: 24px;\">\n<td style=\"vertical-align: top; height: 24px; width: 35.8667px; text-align: left;\">1<\/td>\n<td style=\"vertical-align: top; height: 24px; width: 611.133px; text-align: left;\">Begr\u00fc\u00dfung, Feststellung der Anwesenheit, Totenehrung<\/td>\n<\/tr>\n<tr style=\"height: 48px;\">\n<td style=\"vertical-align: top; height: 48px; width: 35.8667px; text-align: left;\">2<\/td>\n<td style=\"vertical-align: top; height: 48px; width: 611.133px; text-align: left;\">Protokoll der VV vom 05.12.2016<br \/>\nEinspruch des Herrn Klutke (Anlage 1)<\/td>\n<\/tr>\n<tr style=\"height: 24px;\">\n<td style=\"vertical-align: top; height: 24px; width: 35.8667px; text-align: left;\">3<\/td>\n<td style=\"vertical-align: top; height: 24px; width: 611.133px; text-align: left;\">Bericht des Vorsitzenden der VV<\/td>\n<\/tr>\n<tr style=\"height: 24.6667px;\">\n<td style=\"vertical-align: top; height: 24.6667px; width: 35.8667px; text-align: left;\">4<\/td>\n<td style=\"vertical-align: top; height: 24.6667px; width: 611.133px; text-align: left;\">Bericht des Vorstandes<\/td>\n<\/tr>\n<tr style=\"height: 24px;\">\n<td style=\"vertical-align: top; height: 24px; width: 35.8667px; text-align: left;\">5<\/td>\n<td style=\"vertical-align: top; height: 24px; width: 611.133px; text-align: left;\">Fragestunde<\/td>\n<\/tr>\n<tr style=\"height: 24px;\">\n<td style=\"vertical-align: top; height: 24px; width: 35.8667px; text-align: left;\">6<\/td>\n<td style=\"vertical-align: top; height: 24px; width: 611.133px; text-align: left;\">Antr\u00e4ge<br \/>\n\u2022 Folgeantrag des Vorstandes (Anlage 2)<br \/>\nErlass der Verwaltungskosten \u00fcber abgerechnete Leistungen f\u00fcr den Humanistischen Landesverband Berlin-Brandenburg (HVD) -8744-, unter der<br \/>\nverantwortlichen Leitung der Zahn\u00e4rztin Karin Backhaus f\u00fcr die Zeit ab<br \/>\n01.07.2017 bis 30.06.2019<\/td>\n<\/tr>\n<tr style=\"height: 24px;\">\n<td style=\"vertical-align: top; height: 24px; width: 35.8667px; text-align: left;\">7 a)<\/td>\n<td style=\"vertical-align: top; height: 24px; width: 611.133px; text-align: left;\">Wahl von Gutachtern\/Obergutachtern f\u00fcr die Bereiche (Anlagen 3 &#8211; 5)<br \/>\n\u2022 ZE<br \/>\n\u2022 KFO<br \/>\n\u2022 PAR<\/td>\n<\/tr>\n<tr style=\"height: 24px;\">\n<td style=\"vertical-align: top; height: 24px; width: 35.8667px; text-align: left;\">7 b)<\/td>\n<td style=\"vertical-align: top; height: 24px; width: 611.133px; text-align: left;\">Wahl von Aussch\u00fcssen<br \/>\n\u2022 Hauptausschuss<br \/>\n\u2022 Satzungsausschuss<br \/>\n\u2022 Haushaltsausschuss<br \/>\n\u2022 Rechnungspr\u00fcfungsausschuss<br \/>\n\u2022 Disziplinaraussch\u00fcsse I und Ir<br \/>\n\u2022 HVM &#8211; Ausschuss<br \/>\n\u2022 Beschwerdeausschuss<br \/>\n\u2022 Landesausschuss<br \/>\n\u2022 Landesschiedsamt<\/td>\n<\/tr>\n<tr style=\"height: 24px;\">\n<td style=\"vertical-align: top; height: 24px; width: 35.8667px; text-align: left;\">7 c)<\/td>\n<td style=\"vertical-align: top; height: 24px; width: 611.133px; text-align: left;\">KFO-Beratungsausschuss (Anlage 6)<\/td>\n<\/tr>\n<tr style=\"height: 24px;\">\n<td style=\"vertical-align: top; height: 24px; width: 35.8667px; text-align: left;\">8<\/td>\n<td style=\"vertical-align: top; height: 24px; width: 611.133px; text-align: left;\">Verschiedenes<\/td>\n<\/tr>\n<\/tbody>\n<\/table>\n","protected":false},"excerpt":{"rendered":"<p>Montag, 20. Februar 2017 um 19:00 Uhr c.t. Vertreterversammlung der Kassenzahn\u00e4rztlichen Vereinigung Berlin im Zahn\u00e4rztehaus der KZV, 10711 Berlin, Georg-Wilhelm-Str. 16 Tagesordnungspunkte 1 Begr\u00fc\u00dfung, Feststellung der Anwesenheit, Totenehrung 2 Protokoll [&#8230;]<\/p>\n","protected":false},"author":13,"featured_media":0,"comment_status":"open","ping_status":"closed","sticky":false,"template":"","format":"standard","meta":{"ngg_post_thumbnail":0,"iawp_total_views":0,"footnotes":""},"categories":[97],"tags":[],"class_list":["post-19188","post","type-post","status-publish","format-standard","hentry","category-vertreterversammlung-kzv-berlin"],"_links":{"self":[{"href":"https:\/\/iuzb.de\/index.php?rest_route=\/wp\/v2\/posts\/19188","targetHints":{"allow":["GET"]}}],"collection":[{"href":"https:\/\/iuzb.de\/index.php?rest_route=\/wp\/v2\/posts"}],"about":[{"href":"https:\/\/iuzb.de\/index.php?rest_route=\/wp\/v2\/types\/post"}],"author":[{"embeddable":true,"href":"https:\/\/iuzb.de\/index.php?rest_route=\/wp\/v2\/users\/13"}],"replies":[{"embeddable":true,"href":"https:\/\/iuzb.de\/index.php?rest_route=%2Fwp%2Fv2%2Fcomments&post=19188"}],"version-history":[{"count":6,"href":"https:\/\/iuzb.de\/index.php?rest_route=\/wp\/v2\/posts\/19188\/revisions"}],"predecessor-version":[{"id":19207,"href":"https:\/\/iuzb.de\/index.php?rest_route=\/wp\/v2\/posts\/19188\/revisions\/19207"}],"wp:attachment":[{"href":"https:\/\/iuzb.de\/index.php?rest_route=%2Fwp%2Fv2%2Fmedia&parent=19188"}],"wp:term":[{"taxonomy":"category","embeddable":true,"href":"https:\/\/iuzb.de\/index.php?rest_route=%2Fwp%2Fv2%2Fcategories&post=19188"},{"taxonomy":"post_tag","embeddable":true,"href":"https:\/\/iuzb.de\/index.php?rest_route=%2Fwp%2Fv2%2Ftags&post=19188"}],"curies":[{"name":"wp","href":"https:\/\/api.w.org\/{rel}","templated":true}]}}