{"id":19092,"date":"2017-01-16T23:59:56","date_gmt":"2017-01-16T22:59:56","guid":{"rendered":"http:\/\/iuzb.de\/?p=19092"},"modified":"2017-04-05T20:21:52","modified_gmt":"2017-04-05T18:21:52","slug":"kzv-berlin-konstituierende-vertreterversammlung-ergebnis-vorstandswahl","status":"publish","type":"post","link":"https:\/\/iuzb.de\/?p=19092","title":{"rendered":"KZV Berlin: Live Ticker aus der konstituierenden Vertreterversammlung vom 16.01.2017"},"content":{"rendered":"<p><span style=\"color: #ff0000;\"><em>Live Ticker aus der konstituierenden Vertreterversammlung der KZV Berlin vom 16.01.2017, mitgeteilt von Gerhard Gneist (IUZB):<\/em><\/span><\/p>\n<p>&nbsp;<\/p>\n<p><strong>Herr Dr. Heiner Schleithoff (Fraktion Gesundheit) wurde zum Vorsitzenden der Vertreterversammlung gew\u00e4hlt<\/strong>:<\/p>\n<p style=\"padding-left: 30px;\">32 Ja Stimmen<br \/>\n6 Nein Stimmen<br \/>\n1 Enthaltung<br \/>\n1 ung\u00fcltige Stimme<\/p>\n<p><strong>Frau Julie Fotiadis-Wentker (Verband er Zahn\u00e4rzte von Berlin) wurde zur stellvertretenden Vorsitzenden der Vertreterversammlung gew\u00e4hlt:<\/strong><\/p>\n<p style=\"padding-left: 30px;\">28 Ja Stimmen<br \/>\n1 Enthaltung<br \/>\nGegenkandidat war Herr Dr. Peter Zemlin (IUZB), er erhielt 11 Ja Stimmen.<\/p>\n<p>Frau Julie Fotiadis-Wentker war bereits in der vorhergehenden Legislaturperiode\u00a0 stellvertretende Vorsitzende der Vertreterversammlung.<\/p>\n<p><span style=\"color: #ffffff;\">.<\/span><\/p>\n<p><span style=\"color: #ffffff;\">.<\/span><\/p>\n<p><span style=\"text-decoration: underline;\"><strong>In den hauptamtlichen Vorstand der KZV Berlin wurden gew\u00e4hlt:<\/strong><\/span><\/p>\n<table style=\"width: 689.417px;\">\n<tbody>\n<tr style=\"height: 24px;\">\n<td style=\"height: 24px; width: 325px;\">Name<\/td>\n<td style=\"height: 24px; width: 83px; text-align: center;\">Ja<\/td>\n<td style=\"height: 24px; width: 83px; text-align: center;\">Nein<\/td>\n<td style=\"height: 24px; width: 90.4167px; text-align: center;\">Enthaltungen<\/td>\n<\/tr>\n<tr style=\"height: 24.6833px;\">\n<td style=\"height: 24.6833px; width: 325px;\">1. Dr. Karl-Georg Pochhammer (VdZvB)<\/td>\n<td style=\"height: 24.6833px; text-align: center; width: 83px;\">28<\/td>\n<td style=\"height: 24.6833px; text-align: center; width: 83px;\">10<\/td>\n<td style=\"height: 24.6833px; text-align: center; width: 90.4167px;\">2<\/td>\n<\/tr>\n<tr style=\"height: 24px;\">\n<td style=\"height: 24px; width: 325px;\">2. Dr. J\u00f6rg-Peter Husemann (VdZvB)<\/td>\n<td style=\"height: 24px; text-align: center; width: 83px;\">29<\/td>\n<td style=\"height: 24px; text-align: center; width: 83px;\">9<\/td>\n<td style=\"height: 24px; text-align: center; width: 90.4167px;\">2<\/td>\n<\/tr>\n<tr style=\"height: 24px;\">\n<td style=\"height: 24px; width: 325px;\">3. Karsten Geist (FVDZ)<\/td>\n<td style=\"height: 24px; text-align: center; width: 83px;\">32<\/td>\n<td style=\"height: 24px; text-align: center; width: 83px;\">7<\/td>\n<td style=\"height: 24px; text-align: center; width: 90.4167px;\">1<\/td>\n<\/tr>\n<\/tbody>\n<\/table>\n<p>Anschlie\u00dfend wurden gew\u00e4hlt, als<\/p>\n<table style=\"width: 690.1px;\">\n<tbody>\n<tr>\n<td style=\"text-align: left; vertical-align: top; width: 160px;\">Vorsitzender:<\/td>\n<td style=\"text-align: left; vertical-align: top; width: 476.1px;\">Dr. Karl-Georg Pochhammer (VdZvB)<\/td>\n<\/tr>\n<tr>\n<td style=\"text-align: left; vertical-align: top; width: 160px;\">Stellv. Vorsitzender:<\/td>\n<td style=\"text-align: left; vertical-align: top; width: 476.1px;\">Karsten Geist (FVDZ) (32 Ja\/ 5 Nein \/ 2 Enth. \/ 1 ung\u00fcltige)<\/td>\n<\/tr>\n<tr>\n<td style=\"text-align: left; vertical-align: top; width: 160px;\">Stellv. Vorsitzender:<\/td>\n<td style=\"text-align: left; vertical-align: top; width: 476.1px;\">Dr. J\u00f6rg-Peter Husemann (VdZvB)<\/td>\n<\/tr>\n<\/tbody>\n<\/table>\n<p><span style=\"color: #ffffff;\">.<\/span><\/p>\n<p><strong>Die Bez\u00fcge f\u00fcr die 3 Vorst\u00e4nde erh\u00f6hen sich <a href=\"https:\/\/iuzb.de\/?p=13292\" target=\"_blank\">von j\u00e4hrlich 192.000,00 \u20ac<\/a> auf 221.000 \u20ac pro Person plus 2% j\u00e4hrliche Erh\u00f6hung f\u00fcr die n\u00e4chsten 6 Jahre, plus Versorgung, Versicherungen ( D &amp; O, Unfallversicherung, Dienstreisekasko) u.a.<\/strong><\/p>\n<p><span style=\"color: #ffffff;\">.<\/span><\/p>\n<p><span style=\"color: #ffffff;\">.<\/span><\/p>\n<p>Pers\u00f6nliche Erkl\u00e4rung des Vertreters Herrn Alexander Klutke (IUZB) zur Vorstandswahl:<\/p>\n<blockquote>\n<p style=\"text-align: justify;\"><img loading=\"lazy\" decoding=\"async\" class=\"alignright size-thumbnail wp-image-12488\" src=\"https:\/\/iuzb.de\/wp-content\/uploads\/2008\/07\/Alexander-Klutke-115x150.jpg\" alt=\"\" width=\"115\" height=\"150\" srcset=\"https:\/\/iuzb.de\/wp-content\/uploads\/2008\/07\/Alexander-Klutke-115x150.jpg 115w, https:\/\/iuzb.de\/wp-content\/uploads\/2008\/07\/Alexander-Klutke-230x300.jpg 230w, https:\/\/iuzb.de\/wp-content\/uploads\/2008\/07\/Alexander-Klutke.jpg 750w\" sizes=\"auto, (max-width: 115px) 100vw, 115px\" \/>Einer Wahl des Kollegen Pochhammer kann ich nicht zustimmen. Als stellvertretender Vorsitzender hat er gegen\u00fcber seinen Kollegen in der Vertreterversammlung wiederholt und nachweislich die Unwahrheit gesagt. F\u00fcr sein unkollegiales Verhalten hat er sich nicht entschuldigt. Damit hat er gezeigt, dass von ihm keine unabh\u00e4ngige &#8211; zum Wohle aller Berliner Kassenzahn\u00e4rzte &#8211; Amtsaus\u00fcbung zu erwarten ist. Er ist nicht geeignet, die Berliner KZV in der \u00d6ffentlichkeit zu vertreten.<\/p>\n<\/blockquote>\n<p style=\"text-align: justify;\"><span style=\"color: #ffffff;\">.<\/span><\/p>\n<p style=\"text-align: justify;\"><span style=\"color: #ffffff;\">.<\/span><\/p>\n","protected":false},"excerpt":{"rendered":"<p>Live Ticker aus der konstituierenden Vertreterversammlung der KZV Berlin vom 16.01.2017, mitgeteilt von Gerhard Gneist (IUZB): &nbsp; Herr Dr. Heiner Schleithoff (Fraktion Gesundheit) wurde zum Vorsitzenden der Vertreterversammlung gew\u00e4hlt: 32 [&#8230;]<\/p>\n","protected":false},"author":13,"featured_media":0,"comment_status":"open","ping_status":"closed","sticky":false,"template":"","format":"standard","meta":{"ngg_post_thumbnail":0,"iawp_total_views":4,"footnotes":""},"categories":[98,97,101,237],"tags":[],"class_list":["post-19092","post","type-post","status-publish","format-standard","hentry","category-diaeten-kzv","category-vertreterversammlung-kzv-berlin","category-vorsitzender","category-vorstand-kzv"],"_links":{"self":[{"href":"https:\/\/iuzb.de\/index.php?rest_route=\/wp\/v2\/posts\/19092","targetHints":{"allow":["GET"]}}],"collection":[{"href":"https:\/\/iuzb.de\/index.php?rest_route=\/wp\/v2\/posts"}],"about":[{"href":"https:\/\/iuzb.de\/index.php?rest_route=\/wp\/v2\/types\/post"}],"author":[{"embeddable":true,"href":"https:\/\/iuzb.de\/index.php?rest_route=\/wp\/v2\/users\/13"}],"replies":[{"embeddable":true,"href":"https:\/\/iuzb.de\/index.php?rest_route=%2Fwp%2Fv2%2Fcomments&post=19092"}],"version-history":[{"count":18,"href":"https:\/\/iuzb.de\/index.php?rest_route=\/wp\/v2\/posts\/19092\/revisions"}],"predecessor-version":[{"id":19127,"href":"https:\/\/iuzb.de\/index.php?rest_route=\/wp\/v2\/posts\/19092\/revisions\/19127"}],"wp:attachment":[{"href":"https:\/\/iuzb.de\/index.php?rest_route=%2Fwp%2Fv2%2Fmedia&parent=19092"}],"wp:term":[{"taxonomy":"category","embeddable":true,"href":"https:\/\/iuzb.de\/index.php?rest_route=%2Fwp%2Fv2%2Fcategories&post=19092"},{"taxonomy":"post_tag","embeddable":true,"href":"https:\/\/iuzb.de\/index.php?rest_route=%2Fwp%2Fv2%2Ftags&post=19092"}],"curies":[{"name":"wp","href":"https:\/\/api.w.org\/{rel}","templated":true}]}}