{"id":19083,"date":"2017-01-16T20:26:51","date_gmt":"2017-01-16T19:26:51","guid":{"rendered":"http:\/\/iuzb.de\/?p=19083"},"modified":"2022-07-25T19:42:13","modified_gmt":"2022-07-25T17:42:13","slug":"pkv-studie-duales-gesundheitssystem-fuehrt-zu-einem-plus-von-322-mrd-e-fuer-zahnmediziner","status":"publish","type":"post","link":"https:\/\/iuzb.de\/?p=19083","title":{"rendered":"PKV-Studie: Duales Gesundheitssystem f\u00fchrt zu einem Plus von \u00fcber 3 Milliarden Euro f\u00fcr Zahnmediziner"},"content":{"rendered":"<p style=\"text-align: justify;\">G\u00e4be es nur noch gesetzlich Krankenversicherte, h\u00e4tten Zahnmediziner enorme Einbu\u00dfen.<\/p>\n<p style=\"text-align: justify;\">Eine Studie des <a href=\"http:\/\/www.wip-pkv.de\/forschungsbereiche\/detail\/mehrumsatz-und-leistungsausgaben-in-der-pkv-eine-analyse-auf-basis-der-daten-von-2006-2014.html\" target=\"_blank\" rel=\"noopener\">Wissenschaftlichen Instituts der PKV<\/a> beziffert den Mehrumsatz durch Privatpatienten im Zahnmedizinischen Bereich im Jahr 2014 auf 3,22 Mrd. \u20ac.<\/p>\n<p style=\"text-align: justify;\">Im Gegensatz zu den anderen Leistungsarten, f\u00e4ngt der Leistungsvorteil im Zahnmedizinischen Bereich bereits bei Kindern und Jugendlichen an (durch KFO):<\/p>\n<p><img loading=\"lazy\" decoding=\"async\" class=\"alignnone size-full wp-image-19084\" src=\"https:\/\/iuzb.de\/wp-content\/uploads\/2017\/01\/2014-Mehrumsatz-je-Privatversicherter-nach-Alter-\u2013-zahnmedizinische-Behandlung.jpg\" alt=\"\" width=\"824\" height=\"483\" srcset=\"https:\/\/iuzb.de\/wp-content\/uploads\/2017\/01\/2014-Mehrumsatz-je-Privatversicherter-nach-Alter-\u2013-zahnmedizinische-Behandlung.jpg 824w, https:\/\/iuzb.de\/wp-content\/uploads\/2017\/01\/2014-Mehrumsatz-je-Privatversicherter-nach-Alter-\u2013-zahnmedizinische-Behandlung-300x176.jpg 300w, https:\/\/iuzb.de\/wp-content\/uploads\/2017\/01\/2014-Mehrumsatz-je-Privatversicherter-nach-Alter-\u2013-zahnmedizinische-Behandlung-768x450.jpg 768w\" sizes=\"auto, (max-width: 824px) 100vw, 824px\" \/><\/p>\n<p><strong><span style=\"color: #ffffff;\">Re<span style=\"color: #000000;\"><br \/>\n<\/span><\/span><\/strong><\/p>\n<ul>\n<li><span style=\"font-size: 18pt;\"><a href=\"http:\/\/www.wip-pkv.de\/fileadmin\/user_upload\/Mehrumsatz_und_Leistungsausgaben_2016.pdf\" target=\"_blank\" rel=\"noopener\"><span style=\"font-size: 24pt;\">STUDIE<\/span><br \/>\n<\/a><\/span><strong>Zahnmedizinischer Bereich ab Seite 16<\/strong><\/li>\n<\/ul>\n<p>&nbsp;<\/p>\n<p>&nbsp;<\/p>\n","protected":false},"excerpt":{"rendered":"<p>G\u00e4be es nur noch gesetzlich Krankenversicherte, h\u00e4tten Zahnmediziner enorme Einbu\u00dfen. Eine Studie des Wissenschaftlichen Instituts der PKV beziffert den Mehrumsatz durch Privatpatienten im Zahnmedizinischen Bereich im Jahr 2014 auf 3,22 [&#8230;]<\/p>\n","protected":false},"author":13,"featured_media":0,"comment_status":"open","ping_status":"closed","sticky":false,"template":"","format":"standard","meta":{"ngg_post_thumbnail":0,"iawp_total_views":1,"footnotes":""},"categories":[188],"tags":[],"class_list":["post-19083","post","type-post","status-publish","format-standard","hentry","category-medizin"],"_links":{"self":[{"href":"https:\/\/iuzb.de\/index.php?rest_route=\/wp\/v2\/posts\/19083","targetHints":{"allow":["GET"]}}],"collection":[{"href":"https:\/\/iuzb.de\/index.php?rest_route=\/wp\/v2\/posts"}],"about":[{"href":"https:\/\/iuzb.de\/index.php?rest_route=\/wp\/v2\/types\/post"}],"author":[{"embeddable":true,"href":"https:\/\/iuzb.de\/index.php?rest_route=\/wp\/v2\/users\/13"}],"replies":[{"embeddable":true,"href":"https:\/\/iuzb.de\/index.php?rest_route=%2Fwp%2Fv2%2Fcomments&post=19083"}],"version-history":[{"count":7,"href":"https:\/\/iuzb.de\/index.php?rest_route=\/wp\/v2\/posts\/19083\/revisions"}],"predecessor-version":[{"id":39430,"href":"https:\/\/iuzb.de\/index.php?rest_route=\/wp\/v2\/posts\/19083\/revisions\/39430"}],"wp:attachment":[{"href":"https:\/\/iuzb.de\/index.php?rest_route=%2Fwp%2Fv2%2Fmedia&parent=19083"}],"wp:term":[{"taxonomy":"category","embeddable":true,"href":"https:\/\/iuzb.de\/index.php?rest_route=%2Fwp%2Fv2%2Fcategories&post=19083"},{"taxonomy":"post_tag","embeddable":true,"href":"https:\/\/iuzb.de\/index.php?rest_route=%2Fwp%2Fv2%2Ftags&post=19083"}],"curies":[{"name":"wp","href":"https:\/\/api.w.org\/{rel}","templated":true}]}}