{"id":19023,"date":"2017-01-15T09:32:03","date_gmt":"2017-01-15T08:32:03","guid":{"rendered":"http:\/\/iuzb.de\/?p=19023"},"modified":"2017-01-15T11:32:44","modified_gmt":"2017-01-15T10:32:44","slug":"kv-berlin-dr-christiane-wessel-neue-vorsitzende-der-vertreterversammlung","status":"publish","type":"post","link":"https:\/\/iuzb.de\/?p=19023","title":{"rendered":"KV Berlin: Dr. Christiane Wessel neue Vorsitzende der Vertreterversammlung &#8211; Vorstandswahl am 11.02.2017"},"content":{"rendered":"<div id=\"attachment_19024\" style=\"width: 205px\" class=\"wp-caption alignright\"><a href=\"https:\/\/iuzb.de\/wp-content\/uploads\/2017\/01\/2017-01-14-KV-Berlin_VV_Vorsttzende-Wessel_Stempor-klein.jpg\" target=\"_blank\"><img loading=\"lazy\" decoding=\"async\" aria-describedby=\"caption-attachment-19024\" class=\"size-medium wp-image-19024\" src=\"https:\/\/iuzb.de\/wp-content\/uploads\/2017\/01\/2017-01-14-KV-Berlin_VV_Vorsttzende-Wessel_Stempor-klein-195x300.jpg\" alt=\"\" width=\"195\" height=\"300\" srcset=\"https:\/\/iuzb.de\/wp-content\/uploads\/2017\/01\/2017-01-14-KV-Berlin_VV_Vorsttzende-Wessel_Stempor-klein-195x300.jpg 195w, https:\/\/iuzb.de\/wp-content\/uploads\/2017\/01\/2017-01-14-KV-Berlin_VV_Vorsttzende-Wessel_Stempor-klein.jpg 640w\" sizes=\"auto, (max-width: 195px) 100vw, 195px\" \/><\/a><p id=\"caption-attachment-19024\" class=\"wp-caption-text\"><span style=\"font-size: 8pt;\">Stellv. Vorsitzende Frau Dr. Stempor und Vorsitzende Frau Dr. Wessel, Foto (c): KV Berlin<\/span><\/p><\/div>\n<p><strong>Vertreterversammlung (VV) der KV Berlin:<\/strong><\/p>\n<p><span style=\"font-size: 14pt;\"><strong>Dr. Christiane Wessel neue Vorsitzende<\/strong><\/span><\/p>\n<p style=\"text-align: justify;\"><strong>Berlin, 14.01.2017.<\/strong> Am heutigen Samstag, den 14. Januar 2017, kam im Haus der Kassen\u00e4rztlichen Vereinigung (KV) Berlin die Vertreterversammlung der 15. Amtsperiode (2017-2022) zu ihrer konstituierenden Sitzung zusammen. Die Vertreterversammlung bildet das Parlament der Berliner niedergelassenen \u00c4rzte und Psychotherapeuten der Kassen\u00e4rztlichen Vereinigung Berlin.<\/p>\n<ul>\n<li style=\"text-align: justify;\">Die 40 Vertreter w\u00e4hlten aus ihrer Mitte Frau Dr. med. Christiane Wessel (58) zur neuen Vorsitzenden. Wessel ist niedergelassene Fach\u00e4rztin f\u00fcr Frauenheilkunde und Geburtshilfe in Friedrichshain-Kreuzberg und erhielt 36 Ja-Stimmen. Die Wahl erfolgte bei zwei ung\u00fcltigen und zwei Nein-Stimmen ohne Gegenkandidatur. Frau Dr. Wessel folgt auf Dr. Margret Stennes, die das Amt der VV-Vorsitzenden seit 2014 innehatte und aktuell nicht wieder zur Wahl angetreten war, jedoch gew\u00e4hltes Mitglied der amtierenden VV ist.<br \/>\n<span style=\"color: #ffffff;\">.<\/span><\/li>\n<li style=\"text-align: justify;\">Bei der Wahl zur stellvertretenden VV-Vorsitzenden setzte sich Frau Dr. med. Gabriela Stempor (58), Haus\u00e4rztin aus Marzahn-Hellersdorf, mit 20 zu 19 Stimmen gegen Frau Dipl.-Psych. Eva-Maria Schweitzer-K\u00f6hn (59) durch, psychologische Psychotherapeutin aus Friedrichshain-Kreuzberg und stellvertretende VV-Vorsitzende der letzten Amtsperiode.<\/li>\n<\/ul>\n<p style=\"text-align: justify;\">Die oder der VV-Vorsitzende sowie ihre beziehungsweise seine Stellvertretung m\u00fcssen laut <a href=\"https:\/\/www.kvberlin.de\/20praxis\/60vertrag\/30rechtsquellen\/satzung_gesamt_161028.pdf\" target=\"_blank\">Satzung der KV Berlin<\/a> \u00a7 4 (2) gem\u00e4\u00df <a href=\"https:\/\/www.gesetze-im-internet.de\/sgb_5\/__80.html\" target=\"_blank\">\u00a7 80<\/a> Abs. 2 SGB V aus den Reihen der VV stammen und in unmittelbarer und geheimer Wahl gew\u00e4hlt werden.<\/p>\n<p>Quelle: KV Berlin, <a href=\"https:\/\/www.kvberlin.de\/40presse\/10pressemitteilung\/pe170114.html\" target=\"_blank\">Pressemitteilung<\/a> vom 14.01.2017<\/p>\n<p>&nbsp;<\/p>\n<table style=\"width: 740.083px;\">\n<tbody>\n<tr>\n<td style=\"text-align: left; vertical-align: top; width: 243px;\">Frau Dr. Christiane Wessel<\/td>\n<td style=\"text-align: left; vertical-align: top; width: 438.083px;\">Wahlliste: <a href=\"http:\/\/www.muss-man-w\u00e4hlen.de\/\" target=\"_blank\">Die Fach\u00e4rzte 2.0 fair.transparent.konstruktiv.<\/a><\/td>\n<\/tr>\n<tr>\n<td style=\"text-align: left; vertical-align: top; width: 243px;\">Frau Dr. med. Gabriela Stempor<\/td>\n<td style=\"text-align: left; vertical-align: top; width: 438.083px;\">Wahlliste: <a href=\"https:\/\/www.hausaerzteverband.de\/cms\/Berlin-Brandenburg.102.0.html\" target=\"_blank\">Deutscher Haus\u00e4rzteverband<\/a><\/td>\n<\/tr>\n<tr>\n<td style=\"text-align: left; vertical-align: top; width: 243px;\">Frau Dipl.-Psych.<br \/>\nEva-Maria Schweitzer-K\u00f6hn<\/td>\n<td style=\"text-align: left; vertical-align: top; width: 438.083px;\">Wahlliste: <a href=\"https:\/\/www.kvberlin.de\/40presse\/30kvblatt\/2016\/07\/40_vv_wahl\/kvbs.pdf\" target=\"_blank\">Psychotherapie Berlin<\/a><\/td>\n<\/tr>\n<tr>\n<td style=\"text-align: left; vertical-align: top; width: 243px;\">Frau Dr. Margret Stennes<\/td>\n<td style=\"text-align: left; vertical-align: top; width: 438.083px;\">Wahlliste:<a href=\"http:\/\/www.muss-man-w\u00e4hlen.de\/\" target=\"_blank\"> Die Fach\u00e4rzte 2.0 fair.transparent.konstruktiv.<\/a><\/td>\n<\/tr>\n<\/tbody>\n<\/table>\n<p>________________<\/p>\n<p>Der Vorstand der KV Berlin wird gem\u00e4\u00df \u00a7 9 der <a href=\"https:\/\/www.kvberlin.de\/20praxis\/60vertrag\/30rechtsquellen\/go_vv_161201.pdf\" target=\"_blank\">VV-Gesch\u00e4ftsordnung<\/a> am 11.02.2017 gew\u00e4hlt. Letzte mir bekannte Meldungen dazu:<\/p>\n<ul>\n<li>Medical Tribune, 11.01.2017: &#8222;<a href=\"http:\/\/www.medical-tribune.de\/meinung-und-dialog\/artikel\/kv-berlin-steht-der-neuanfang-auf-der-kippe\/\" target=\"_blank\">KV Berlin: Steht der Neuanfang auf der Kippe<\/a>?&#8220;<\/li>\n<li>Deutscher Haus\u00e4rzteverband BB, 06.12.2016: &#8222;<a href=\"http:\/\/www.bda-hausaerzteverband.de\/2016\/erklaerung_hausaerzteverband.pdf\" target=\"_blank\">Erkl\u00e4rung Haus\u00e4rzteverband zur Neubildung des KV-Vorstandes<\/a>&#8222;<\/li>\n<\/ul>\n<p>&nbsp;<\/p>\n<p>&nbsp;<\/p>\n","protected":false},"excerpt":{"rendered":"<p>Vertreterversammlung (VV) der KV Berlin: Dr. Christiane Wessel neue Vorsitzende Berlin, 14.01.2017. Am heutigen Samstag, den 14. Januar 2017, kam im Haus der Kassen\u00e4rztlichen Vereinigung (KV) Berlin die Vertreterversammlung der [&#8230;]<\/p>\n","protected":false},"author":13,"featured_media":0,"comment_status":"open","ping_status":"closed","sticky":false,"template":"","format":"standard","meta":{"ngg_post_thumbnail":0,"iawp_total_views":9,"footnotes":""},"categories":[120],"tags":[],"class_list":["post-19023","post","type-post","status-publish","format-standard","hentry","category-kv-berlin"],"_links":{"self":[{"href":"https:\/\/iuzb.de\/index.php?rest_route=\/wp\/v2\/posts\/19023","targetHints":{"allow":["GET"]}}],"collection":[{"href":"https:\/\/iuzb.de\/index.php?rest_route=\/wp\/v2\/posts"}],"about":[{"href":"https:\/\/iuzb.de\/index.php?rest_route=\/wp\/v2\/types\/post"}],"author":[{"embeddable":true,"href":"https:\/\/iuzb.de\/index.php?rest_route=\/wp\/v2\/users\/13"}],"replies":[{"embeddable":true,"href":"https:\/\/iuzb.de\/index.php?rest_route=%2Fwp%2Fv2%2Fcomments&post=19023"}],"version-history":[{"count":26,"href":"https:\/\/iuzb.de\/index.php?rest_route=\/wp\/v2\/posts\/19023\/revisions"}],"predecessor-version":[{"id":19052,"href":"https:\/\/iuzb.de\/index.php?rest_route=\/wp\/v2\/posts\/19023\/revisions\/19052"}],"wp:attachment":[{"href":"https:\/\/iuzb.de\/index.php?rest_route=%2Fwp%2Fv2%2Fmedia&parent=19023"}],"wp:term":[{"taxonomy":"category","embeddable":true,"href":"https:\/\/iuzb.de\/index.php?rest_route=%2Fwp%2Fv2%2Fcategories&post=19023"},{"taxonomy":"post_tag","embeddable":true,"href":"https:\/\/iuzb.de\/index.php?rest_route=%2Fwp%2Fv2%2Ftags&post=19023"}],"curies":[{"name":"wp","href":"https:\/\/api.w.org\/{rel}","templated":true}]}}