{"id":1891,"date":"2010-08-26T20:50:00","date_gmt":"2010-08-26T18:50:00","guid":{"rendered":"http:\/\/www.iuzb.org\/wordpress\/?p=1891"},"modified":"2016-12-01T14:02:08","modified_gmt":"2016-12-01T13:02:08","slug":"unsere-kandidatinnen-und-kandidaten","status":"publish","type":"post","link":"https:\/\/iuzb.de\/?p=1891","title":{"rendered":"Unsere Kandidatinnen und Kandidaten&#8230;.."},"content":{"rendered":"<p>Liebe W\u00e4hlerinnen und liebe W\u00e4hler,<\/p>\n<p>unsere Wahlliste stellt zur Wahl der Mitglieder der Vertretetversammlung der KZV Berlin vom 14. &#8211; 28.09.2010 mit <strong>45 Kandidatinnen und Kandidaten<\/strong> die gr\u00f6\u00dfte Wahlliste.<\/p>\n<ul>\n<li><strong>Wer wir sind<\/strong> und<\/li>\n<li><strong>wof\u00fcr wir stehen,<\/strong><\/li>\n<\/ul>\n<p>haben wir f\u00fcr Sie in einer kleinen Pr\u00e4sentation zusammengestellt. Herzlichen Dank f\u00fcr Ihr Interesse.<\/p>\n<p><strong>Ihre<\/strong><\/p>\n<p><strong>IUZB\/ GpZ<\/strong> &#8211; <span style=\"color: gray;\"><strong>Liste 3<\/strong><\/span><\/p>\n<p><span style=\"color: white;\">\u00a0<a href=\"https:\/\/iuzb.de\/wp-content\/uploads\/2010\/08\/IUZB-GpZ_Kandidatinnen_und_Kandidaten.pdf\" target=\"_blank\"><img loading=\"lazy\" decoding=\"async\" class=\"alignleft wp-image-17419\" src=\"https:\/\/iuzb.de\/wp-content\/uploads\/2010\/08\/deckblattunserekandiadtinnenundkandidaten-4.jpg\" alt=\"deckblattunserekandiadtinnenundkandidaten-4\" width=\"450\" height=\"603\" srcset=\"https:\/\/iuzb.de\/wp-content\/uploads\/2010\/08\/deckblattunserekandiadtinnenundkandidaten-4.jpg 450w, https:\/\/iuzb.de\/wp-content\/uploads\/2010\/08\/deckblattunserekandiadtinnenundkandidaten-4-224x300.jpg 224w\" sizes=\"auto, (max-width: 450px) 100vw, 450px\" \/><\/a><\/span><\/p>\n","protected":false},"excerpt":{"rendered":"<p>Liebe W\u00e4hlerinnen und liebe W\u00e4hler, unsere Wahlliste stellt zur Wahl der Mitglieder der Vertretetversammlung der KZV Berlin vom 14. &#8211; 28.09.2010 mit 45 Kandidatinnen und Kandidaten die gr\u00f6\u00dfte Wahlliste. Wer [&#8230;]<\/p>\n","protected":false},"author":13,"featured_media":0,"comment_status":"closed","ping_status":"closed","sticky":false,"template":"","format":"standard","meta":{"ngg_post_thumbnail":0,"iawp_total_views":0,"footnotes":""},"categories":[48,201],"tags":[],"class_list":["post-1891","post","type-post","status-publish","format-standard","hentry","category-iuzb","category-kzv-wahl-2010"],"_links":{"self":[{"href":"https:\/\/iuzb.de\/index.php?rest_route=\/wp\/v2\/posts\/1891","targetHints":{"allow":["GET"]}}],"collection":[{"href":"https:\/\/iuzb.de\/index.php?rest_route=\/wp\/v2\/posts"}],"about":[{"href":"https:\/\/iuzb.de\/index.php?rest_route=\/wp\/v2\/types\/post"}],"author":[{"embeddable":true,"href":"https:\/\/iuzb.de\/index.php?rest_route=\/wp\/v2\/users\/13"}],"replies":[{"embeddable":true,"href":"https:\/\/iuzb.de\/index.php?rest_route=%2Fwp%2Fv2%2Fcomments&post=1891"}],"version-history":[{"count":6,"href":"https:\/\/iuzb.de\/index.php?rest_route=\/wp\/v2\/posts\/1891\/revisions"}],"predecessor-version":[{"id":17425,"href":"https:\/\/iuzb.de\/index.php?rest_route=\/wp\/v2\/posts\/1891\/revisions\/17425"}],"wp:attachment":[{"href":"https:\/\/iuzb.de\/index.php?rest_route=%2Fwp%2Fv2%2Fmedia&parent=1891"}],"wp:term":[{"taxonomy":"category","embeddable":true,"href":"https:\/\/iuzb.de\/index.php?rest_route=%2Fwp%2Fv2%2Fcategories&post=1891"},{"taxonomy":"post_tag","embeddable":true,"href":"https:\/\/iuzb.de\/index.php?rest_route=%2Fwp%2Fv2%2Ftags&post=1891"}],"curies":[{"name":"wp","href":"https:\/\/api.w.org\/{rel}","templated":true}]}}