{"id":18613,"date":"2016-12-22T16:24:54","date_gmt":"2016-12-22T15:24:54","guid":{"rendered":"http:\/\/iuzb.de\/?p=18613"},"modified":"2017-01-17T00:54:25","modified_gmt":"2017-01-16T23:54:25","slug":"16-01-2017-einladung-zur-konstituierenden-vertreterversammlung-der-kzv-berlin","status":"publish","type":"post","link":"https:\/\/iuzb.de\/?p=18613","title":{"rendered":"16.01.2017: Einladung zur konstituierenden Vertreterversammlung der KZV Berlin"},"content":{"rendered":"<p>&nbsp;<\/p>\n<ul>\n<li><strong>Montag, 16. Januar 2017, 19:00 Uhr<\/strong> c.t.<\/li>\n<li>Ort: Zahn\u00e4rztehaus &#8211; KZV Berlin, Georg-Wilhelm-Str. 16, 10711 Berlin<\/li>\n<\/ul>\n<p>&nbsp;<\/p>\n<table style=\"width: 923.633px;\">\n<tbody>\n<tr>\n<td style=\"text-align: left; vertical-align: top; width: 60px;\"><strong>TOP 1<\/strong><\/td>\n<td style=\"text-align: left; vertical-align: top; width: 809.633px;\">Feststellung der ordnungsgem\u00e4\u00dfen Einberufung und Beschlussf\u00e4higkeit der Versammlung gem\u00e4\u00df \u00a7 1 Absatz 3 der Gesch\u00e4ftsordnung der Vertreterversammlung und \u00a7 6 Absatz 6 Satz 1 der Satzung<\/td>\n<\/tr>\n<tr>\n<td style=\"text-align: left; vertical-align: top; width: 60px;\"><strong>TOP 2<\/strong><\/td>\n<td style=\"text-align: left; vertical-align: top; width: 809.633px;\"><strong>1.<\/strong> Wahl der\/s Vorsitzenden der Vertreterversammlung gem\u00e4\u00df \u00a7 6 Absatz 3 der Satzung<br \/>\n<strong>2.<\/strong> Wahl der\/s stellvertretenden Vorsitzenden der Vertreterversammlung gem\u00e4\u00df \u00a7 6 Absatz 3 der Satzung<\/td>\n<\/tr>\n<tr>\n<td style=\"text-align: left; vertical-align: top; width: 60px;\"><strong>TOP 3<\/strong><\/td>\n<td style=\"text-align: left; vertical-align: top; width: 809.633px;\">Dienstvertr\u00e4ge f\u00fcr den hauptamtlichen Vorstand<br \/>\n&#8211; Beschlussfassung (\u00a779 Absatz 6 SGB V) (Anlage 1 Entwurf Dienstvertr\u00e4ge)<\/td>\n<\/tr>\n<tr>\n<td style=\"text-align: left; vertical-align: top; width: 60px;\"><strong>TOP 4<\/strong><\/td>\n<td style=\"text-align: left; vertical-align: top; width: 809.633px;\"><strong>1.<\/strong> Wahl der drei Mitglieder f\u00fcr den hauptamtlichen Vorstand gem\u00e4\u00df \u00a7 11 Abs. 2 der Satzung<br \/>\n<strong>2.<\/strong> Wahl der\/s Vorsitzenden des hauptamtlichen Vorstandes gem\u00e4\u00df \u00a7 11 Abs. 3 Satz 4 der Satzung<\/td>\n<\/tr>\n<tr>\n<td style=\"text-align: left; vertical-align: top; width: 60px;\"><strong>TOP 5<\/strong><\/td>\n<td style=\"text-align: left; vertical-align: top; width: 809.633px;\">Wahl eines der stellvertretenden Vorsitzenden des hauptamtlichen Vorstandes als Mitglied der VV der KZBV gem\u00e4\u00df \u00a7 11 Abs. 3 Satz 4 der Satzung<\/td>\n<\/tr>\n<tr>\n<td style=\"text-align: left; vertical-align: top; width: 60px;\"><strong>TOP 6<\/strong><\/td>\n<td style=\"text-align: left; vertical-align: top; width: 809.633px;\">Wahl eines weiteren Mitgliedes der VV der KZBV gem\u00e4\u00df \u00a7 7 Abs. 2 e der Satzung<\/td>\n<\/tr>\n<tr>\n<td style=\"text-align: left; vertical-align: top; width: 60px;\"><strong>TOP 7<\/strong><\/td>\n<td style=\"text-align: left; vertical-align: top; width: 809.633px;\">Verschiedenes<\/td>\n<\/tr>\n<\/tbody>\n<\/table>\n<p>Anlagen (hier nicht beigef\u00fcgt):<br \/>\n1) Entwurf der Dienstvertr\u00e4ge<br \/>\n2) Auszug aus der Satzung der KZV Berlin<br \/>\n3) Auszug aus der Gesch\u00e4ftsordnung der VV der KZV Berlin<\/p>\n","protected":false},"excerpt":{"rendered":"<p>&nbsp; Montag, 16. Januar 2017, 19:00 Uhr c.t. Ort: Zahn\u00e4rztehaus &#8211; KZV Berlin, Georg-Wilhelm-Str. 16, 10711 Berlin &nbsp; TOP 1 Feststellung der ordnungsgem\u00e4\u00dfen Einberufung und Beschlussf\u00e4higkeit der Versammlung gem\u00e4\u00df \u00a7 [&#8230;]<\/p>\n","protected":false},"author":13,"featured_media":0,"comment_status":"open","ping_status":"closed","sticky":false,"template":"","format":"standard","meta":{"ngg_post_thumbnail":0,"iawp_total_views":1,"footnotes":""},"categories":[97],"tags":[],"class_list":["post-18613","post","type-post","status-publish","format-standard","hentry","category-vertreterversammlung-kzv-berlin"],"_links":{"self":[{"href":"https:\/\/iuzb.de\/index.php?rest_route=\/wp\/v2\/posts\/18613","targetHints":{"allow":["GET"]}}],"collection":[{"href":"https:\/\/iuzb.de\/index.php?rest_route=\/wp\/v2\/posts"}],"about":[{"href":"https:\/\/iuzb.de\/index.php?rest_route=\/wp\/v2\/types\/post"}],"author":[{"embeddable":true,"href":"https:\/\/iuzb.de\/index.php?rest_route=\/wp\/v2\/users\/13"}],"replies":[{"embeddable":true,"href":"https:\/\/iuzb.de\/index.php?rest_route=%2Fwp%2Fv2%2Fcomments&post=18613"}],"version-history":[{"count":4,"href":"https:\/\/iuzb.de\/index.php?rest_route=\/wp\/v2\/posts\/18613\/revisions"}],"predecessor-version":[{"id":18617,"href":"https:\/\/iuzb.de\/index.php?rest_route=\/wp\/v2\/posts\/18613\/revisions\/18617"}],"wp:attachment":[{"href":"https:\/\/iuzb.de\/index.php?rest_route=%2Fwp%2Fv2%2Fmedia&parent=18613"}],"wp:term":[{"taxonomy":"category","embeddable":true,"href":"https:\/\/iuzb.de\/index.php?rest_route=%2Fwp%2Fv2%2Fcategories&post=18613"},{"taxonomy":"post_tag","embeddable":true,"href":"https:\/\/iuzb.de\/index.php?rest_route=%2Fwp%2Fv2%2Ftags&post=18613"}],"curies":[{"name":"wp","href":"https:\/\/api.w.org\/{rel}","templated":true}]}}