{"id":18567,"date":"2016-12-21T14:01:49","date_gmt":"2016-12-21T13:01:49","guid":{"rendered":"http:\/\/iuzb.de\/?p=18567"},"modified":"2016-12-21T17:51:03","modified_gmt":"2016-12-21T16:51:03","slug":"hubertusallee-22","status":"publish","type":"post","link":"https:\/\/iuzb.de\/?p=18567","title":{"rendered":"Geschichtsort Hubertusallee 22: \u00c4rztekammern f\u00fcr die Provinzen Brandenburg und Grenzmark Posen-Westpreu\u00dfen sowie die Stadt Berlin"},"content":{"rendered":"<p><span style=\"font-size: 8pt;\">Fundst\u00fcck bei einer Online-Auktion:<\/span><\/p>\n<div id=\"attachment_18577\" style=\"width: 870px\" class=\"wp-caption alignnone\"><a href=\"https:\/\/iuzb.de\/wp-content\/uploads\/2016\/12\/1937-ca-Hubertusallee-22-klein-a.jpg\" target=\"_blank\"><img loading=\"lazy\" decoding=\"async\" aria-describedby=\"caption-attachment-18577\" class=\"wp-image-18577 size-large\" src=\"https:\/\/iuzb.de\/wp-content\/uploads\/2016\/12\/1937-ca-Hubertusallee-22-klein-a-1024x957.jpg\" width=\"860\" height=\"804\" srcset=\"https:\/\/iuzb.de\/wp-content\/uploads\/2016\/12\/1937-ca-Hubertusallee-22-klein-a-1024x957.jpg 1024w, https:\/\/iuzb.de\/wp-content\/uploads\/2016\/12\/1937-ca-Hubertusallee-22-klein-a-300x280.jpg 300w, https:\/\/iuzb.de\/wp-content\/uploads\/2016\/12\/1937-ca-Hubertusallee-22-klein-a-768x718.jpg 768w, https:\/\/iuzb.de\/wp-content\/uploads\/2016\/12\/1937-ca-Hubertusallee-22-klein-a.jpg 1600w\" sizes=\"auto, (max-width: 860px) 100vw, 860px\" \/><\/a><p id=\"caption-attachment-18577\" class=\"wp-caption-text\"><span style=\"font-size: 8pt;\"><a href=\"http:\/\/www.philaseiten.de\/up\/1600737\/7\/0\/fd57917f_h.jpeg\" target=\"_blank\">Ca. 1937<\/a><\/span><\/p><\/div>\n<table style=\"width: 964.65px;\">\n<tbody>\n<tr style=\"height: 24px;\">\n<td style=\"text-align: left; vertical-align: top; width: 717.65px; height: 24px;\" colspan=\"3\"><strong><span style=\"text-decoration: underline;\">Streiflichter:<\/span><\/strong><\/td>\n<\/tr>\n<tr style=\"height: 24px;\">\n<td style=\"width: 113px; height: 24px; text-align: center; vertical-align: bottom;\"><span style=\"text-decoration: underline;\">Datum<\/span><\/td>\n<td style=\"width: 155px; height: 24px; text-align: center; vertical-align: bottom;\"><span style=\"text-decoration: underline;\">Quelle<\/span><\/td>\n<td style=\"width: 449.65px; height: 24px; text-align: center; vertical-align: bottom;\"><span style=\"text-decoration: underline;\">Ereignis<\/span><\/td>\n<\/tr>\n<tr style=\"height: 71px;\">\n<td style=\"text-align: left; vertical-align: top; width: 113px; height: 71px;\"><a href=\"https:\/\/www.laekb.de\/www\/website\/PublicNavigation\/ihrelaekb\/diekammer\/geschichte\/\" target=\"_blank\">18. Juli 1924<\/a><\/td>\n<td style=\"text-align: left; vertical-align: top; width: 155px; height: 71px;\">Landes\u00e4rztekammer Brandenburg<\/td>\n<td style=\"text-align: left; vertical-align: top; width: 449.65px; height: 71px;\">Errichtung der \u00c4rztekammern f\u00fcr die Provinzen Brandenburg und Grenzmark Posen-Westpreu\u00dfen sowie die Stadt Berlin mit dem Sitz in Berlin<\/td>\n<\/tr>\n<tr style=\"height: 71px;\">\n<td style=\"text-align: left; vertical-align: top; width: 113px; height: 71px;\"><a href=\"https:\/\/iuzb.de\/?p=4626\" target=\"_blank\">1926<\/a><\/td>\n<td style=\"text-align: left; vertical-align: top; width: 155px; height: 71px;\">\u00c4rztekammer Berlin<br \/>\n(<a href=\"http:\/\/www.berliner-aerzte.net\/pdf\/bae1302_014.pdf\" target=\"_blank\">Festschrift 50 Jahre<\/a>)<\/td>\n<td style=\"text-align: left; vertical-align: top; width: 449.65px; height: 71px;\">Seit 1926 waren die \u00c4rztekammern in Preu\u00dfen K\u00f6rperschaften des \u00f6ffentlichen Rechts.<\/td>\n<\/tr>\n<tr style=\"height: 97px;\">\n<td style=\"text-align: left; vertical-align: top; width: 113px; height: 97px;\"><a href=\"https:\/\/www.laekb.de\/www\/website\/PublicNavigation\/ihrelaekb\/diekammer\/geschichte\/\" target=\"_blank\">02. August 1933<\/a><\/td>\n<td style=\"text-align: left; vertical-align: top; width: 155px; height: 97px;\">Landes\u00e4rztekammer Brandenburg<\/td>\n<td style=\"text-align: left; vertical-align: top; width: 449.65px; height: 97px;\"><a href=\"https:\/\/de.wikipedia.org\/wiki\/Walter_Ruppin\" target=\"_blank\">Dr. Walter Ruppin<\/a> (1885 \u2013 1945), ein \u00fcberzeugter Nationalsozialist, \u00fcbernahm die Gesch\u00e4fte der Provinzialstelle Brandenburg der KVD; sp\u00e4ter auch den Vorsitz im \u00c4rzteverband und in \u00c4rztekammer der Kurmark \u00fcbertragen<\/td>\n<\/tr>\n<tr style=\"height: 79.3833px;\">\n<td style=\"text-align: left; vertical-align: top; width: 113px; height: 79.3833px;\">15. August 1935<\/td>\n<td style=\"text-align: left; vertical-align: top; width: 155px; height: 79.3833px;\"><a href=\"https:\/\/iuzb.de\/wp-content\/uploads\/2016\/12\/1935-08-15-25-Jahre-Privatsekret\u00e4rin-im-Hartmann-Bund-der-Reichs-\u00c4rztekammer-1.jpg\" target=\"_blank\"><img loading=\"lazy\" decoding=\"async\" class=\"alignnone wp-image-18602\" src=\"https:\/\/iuzb.de\/wp-content\/uploads\/2016\/12\/1935-08-15-25-Jahre-Privatsekret\u00e4rin-im-Hartmann-Bund-der-Reichs-\u00c4rztekammer-1-150x150.jpg\" width=\"60\" height=\"60\" srcset=\"https:\/\/iuzb.de\/wp-content\/uploads\/2016\/12\/1935-08-15-25-Jahre-Privatsekret\u00e4rin-im-Hartmann-Bund-der-Reichs-\u00c4rztekammer-1-150x150.jpg 150w, https:\/\/iuzb.de\/wp-content\/uploads\/2016\/12\/1935-08-15-25-Jahre-Privatsekret\u00e4rin-im-Hartmann-Bund-der-Reichs-\u00c4rztekammer-1-90x90.jpg 90w, https:\/\/iuzb.de\/wp-content\/uploads\/2016\/12\/1935-08-15-25-Jahre-Privatsekret\u00e4rin-im-Hartmann-Bund-der-Reichs-\u00c4rztekammer-1-75x75.jpg 75w\" sizes=\"auto, (max-width: 60px) 100vw, 60px\" \/> <\/a><a href=\"https:\/\/iuzb.de\/wp-content\/uploads\/2016\/12\/1935-08-15-25-Jahre-Privatsekret\u00e4rin-im-Hartmann-Bund-der-Reichs-\u00c4rztekammer-3v.jpg\" target=\"_blank\"><img loading=\"lazy\" decoding=\"async\" class=\"alignnone wp-image-18605\" src=\"https:\/\/iuzb.de\/wp-content\/uploads\/2016\/12\/1935-08-15-25-Jahre-Privatsekret\u00e4rin-im-Hartmann-Bund-der-Reichs-\u00c4rztekammer-3v-150x150.jpg\" alt=\"\" width=\"60\" height=\"60\" srcset=\"https:\/\/iuzb.de\/wp-content\/uploads\/2016\/12\/1935-08-15-25-Jahre-Privatsekret\u00e4rin-im-Hartmann-Bund-der-Reichs-\u00c4rztekammer-3v-150x150.jpg 150w, https:\/\/iuzb.de\/wp-content\/uploads\/2016\/12\/1935-08-15-25-Jahre-Privatsekret\u00e4rin-im-Hartmann-Bund-der-Reichs-\u00c4rztekammer-3v-90x90.jpg 90w, https:\/\/iuzb.de\/wp-content\/uploads\/2016\/12\/1935-08-15-25-Jahre-Privatsekret\u00e4rin-im-Hartmann-Bund-der-Reichs-\u00c4rztekammer-3v-75x75.jpg 75w\" sizes=\"auto, (max-width: 60px) 100vw, 60px\" \/><\/a><\/td>\n<td style=\"text-align: left; vertical-align: top; width: 449.65px; height: 79.3833px;\">Jubil\u00e4ums-Pokal:<br \/>\n25 Jahre Privatseket\u00e4rin im Hartmann-Bund der Reichs-\u00c4rztekammer<\/td>\n<\/tr>\n<tr style=\"height: 98px;\">\n<td style=\"text-align: left; vertical-align: top; width: 113px; height: 98px;\"><a href=\"https:\/\/www.laekb.de\/www\/website\/PublicNavigation\/ihrelaekb\/diekammer\/geschichte\/\" target=\"_blank\">M\u00e4rz 1936<\/a><\/td>\n<td style=\"text-align: left; vertical-align: top; width: 155px; height: 98px;\">Landes\u00e4rztekammer Brandenburg<\/td>\n<td style=\"text-align: left; vertical-align: top; width: 449.65px; height: 98px;\">Dr. Franz Ideler (1883 \u2013 1945) wird neuer Amtsleiter der Landesstelle Brandenburg der KVD; er leitet zudem die \u00c4rztekammer Brandenburg sowie das Gauamt f\u00fcr Volksgesundheit.<\/td>\n<\/tr>\n<tr style=\"height: 98px;\">\n<td style=\"text-align: left; vertical-align: top; width: 113px; height: 98px;\"><a href=\"https:\/\/de.wikipedia.org\/wiki\/Reichs%C3%A4rztekammer\" target=\"_blank\">01. April 1936<\/a><\/td>\n<td style=\"text-align: left; vertical-align: top; width: 155px; height: 98px;\">Wikipedia<\/td>\n<td style=\"text-align: left; vertical-align: top; width: 449.65px; height: 98px;\">Die Reichs\u00e4rztekammer war die gleichgeschaltete \u00c4rztekammer im nationalsozialistischen Deutschen Reich. Sie wurde durch die <a href=\"http:\/\/www.ns-quellen.at\/gesetz_anzeigen_detail.php?gesetz_id=35810&amp;action=B_Read\" target=\"_blank\">Reichs\u00e4rzteordnung vom 13. Dezember 1935<\/a> (RGBl. I S. 1433), die zum 1. April 1936 in Kraft trat, geschaffen, mit der gleichzeitig \u00c4rztevereinsbund und <a href=\"https:\/\/de.wikipedia.org\/wiki\/Hartmannbund\" target=\"_blank\">Hartmannbund<\/a> aufgel\u00f6st wurden.<\/td>\n<\/tr>\n<tr style=\"height: 24px;\">\n<td style=\"width: 113px; height: 24px; text-align: left; vertical-align: top;\"><a href=\"https:\/\/books.google.de\/books?id=pjgzx1j8seMC&amp;pg=PA28&amp;lpg=PA28&amp;dq=%C3%84rztekammer+Hubertusallee+22&amp;source=bl&amp;ots=ndZO_CYOKW&amp;sig=CDXQ1rxgnCRthxRKRUSStY5p79c&amp;hl=de&amp;sa=X&amp;ved=0ahUKEwihuunIiuPQAhUJvRoKHZsWBlsQ6AEIIzAA#v=onepage&amp;q=Hubertusallee%2022&amp;f=false\" target=\"_blank\">1938<\/a><\/td>\n<td style=\"width: 155px; height: 24px; text-align: left; vertical-align: top;\">Adressbuch Potsdam<\/td>\n<td style=\"width: 449.65px; height: 24px; text-align: left; vertical-align: top;\">Seite 28: \u00c4rztekammer Kurmark, Berlin-Grunewald, Hubertusallee 22<\/td>\n<\/tr>\n<tr style=\"height: 24px;\">\n<td style=\"width: 113px; height: 24px; text-align: left; vertical-align: top;\"><a href=\"https:\/\/www.laekb.de\/www\/website\/PublicNavigation\/ihrelaekb\/diekammer\/geschichte\/\" target=\"_blank\">1938\/39<\/a><\/td>\n<td style=\"width: 155px; height: 24px; text-align: left; vertical-align: top;\">Landes\u00e4rztekammer Brandenburg<\/td>\n<td style=\"width: 449.65px; height: 24px; text-align: left; vertical-align: top;\">Die \u00c4rztekammer der Provinz Brandenburg und die Provinzialstelle Brandenburg der KVD wurde in \u201eKurmark\u201c bzw. \u201eMark Brandenburg\u201c umbenannt, noch vor Kriegsende zogen beide gemeinsam mit der Brandenburgischen Provinzialverwaltung nach Potsdam<\/td>\n<\/tr>\n<tr style=\"height: 73px;\">\n<td style=\"text-align: left; vertical-align: top; width: 113px; height: 73px;\"><a href=\"https:\/\/books.google.de\/books?id=_4s5AQAAIAAJ&amp;q=Hubertusallee+22&amp;dq=Hubertusallee+22&amp;hl=de&amp;sa=X&amp;ved=0ahUKEwjIgqj094TRAhUPMlAKHScVCbEQ6AEIJDAC\" target=\"_blank\">1942<\/a><\/td>\n<td style=\"text-align: left; vertical-align: top; width: 155px; height: 73px;\">Nationalsozialistisches Jahrbuch<\/td>\n<td style=\"text-align: left; vertical-align: top; width: 449.65px; height: 73px;\">Gaugesch\u00e4ftsstelle des <a href=\"https:\/\/de.wikipedia.org\/wiki\/Nationalsozialistischer_Deutscher_%C3%84rztebund\" target=\"_blank\">NSD.-\u00c4rztebundes<\/a><br \/>\nGauobmann: Dr. Franz Ideler<br \/>\nDienststelle Berlin-Grunewald, Hubertusallee 22<\/td>\n<\/tr>\n<tr style=\"height: 124px;\">\n<td style=\"text-align: left; vertical-align: top; width: 113px; height: 124px;\"><a href=\"https:\/\/books.google.de\/books?id=H7IVAQAAIAAJ&amp;q=Hubertusallee+22&amp;dq=Hubertusallee+22&amp;hl=de&amp;sa=X&amp;ved=0ahUKEwjIgqj094TRAhUPMlAKHScVCbEQ6AEIHDAA\" target=\"_blank\">2005<\/a><\/td>\n<td style=\"text-align: left; vertical-align: top; width: 155px; height: 124px;\"><a href=\"https:\/\/de.wikipedia.org\/wiki\/Paul_Zucker\" target=\"_blank\">Paul Zucker<\/a>:<br \/>\nDer vergessene Architekt<\/td>\n<td style=\"text-align: left; vertical-align: top; width: 449.65px; height: 124px;\">Seite 128: &#8230;der \u00c4rztekammer und des \u00c4rzteverbandes der Provinz Brandenburg, Hubertusallee 22, &#8230; Baujahr 1928, Bick auf die Eingangs- und&#8230;<br \/>\nSeite 129: &#8230; Hubertusallee 22, Grundrisszeichnung vom Erdgeschoss und Oberschoss, 1929<\/td>\n<\/tr>\n<tr style=\"height: 24px;\">\n<td style=\"text-align: left; vertical-align: top; width: 113px; height: 24px;\"><a href=\"http:\/\/www.vre-group.de\/detailberlinhubertusallee\" target=\"_blank\">1966<\/a><\/td>\n<td style=\"text-align: left; vertical-align: top; width: 155px; height: 24px;\">VICUS Real Estate Group GmbH<\/td>\n<td style=\"text-align: left; vertical-align: top; width: 449.65px; height: 24px;\">Neubau, Sanierung, heutige Nutzung als G\u00e4ste- und Konferenzhaus durch die Kassen\u00e4rztliche Bundesvereinigung<\/td>\n<\/tr>\n<tr style=\"height: 15px;\">\n<td style=\"width: 113px; height: 15px; text-align: left; vertical-align: top;\">\u00a0<a href=\"http:\/\/www.vre-group.de\/single-post\/2015\/10\/01\/VICUS-AG-erwirbt-ehemaliges-G%C3%A4ste-und-Konferenzzentrum-der-Kassen%C3%A4rztlichen-Bundesvereinigung-am-Bismarckplatz-in-Berlin-Grunewald\" target=\"_blank\">01.10.2015<\/a><\/td>\n<td style=\"width: 155px; height: 15px; text-align: left; vertical-align: top;\">VICUS Real Estate Group GmbH<\/td>\n<td style=\"width: 449.65px; height: 15px; text-align: left; vertical-align: top;\">VICUS AG erwirbt ehemaliges G\u00e4ste- und Konferenzzentrum der Kassen\u00e4rztlichen Bundesvereinigung am Bismarckplatz in Berlin Grunewald<\/p>\n<p>Inzwischen wohl wieder: <a href=\"http:\/\/www.vre-group.de\/detailberlinhubertusallee\" target=\"_blank\">VERKAUFT<\/a><\/td>\n<\/tr>\n<\/tbody>\n<\/table>\n<p>Wer etwas erg\u00e4nzen kann, bitte&#8230;<\/p>\n","protected":false},"excerpt":{"rendered":"<p>Fundst\u00fcck bei einer Online-Auktion: Streiflichter: Datum Quelle Ereignis 18. Juli 1924 Landes\u00e4rztekammer Brandenburg Errichtung der \u00c4rztekammern f\u00fcr die Provinzen Brandenburg und Grenzmark Posen-Westpreu\u00dfen sowie die Stadt Berlin mit dem Sitz [&#8230;]<\/p>\n","protected":false},"author":13,"featured_media":0,"comment_status":"open","ping_status":"closed","sticky":false,"template":"","format":"standard","meta":{"ngg_post_thumbnail":0,"iawp_total_views":1,"footnotes":""},"categories":[124,123],"tags":[],"class_list":["post-18567","post","type-post","status-publish","format-standard","hentry","category-aerztekammer-berlin","category-zahngeschichte"],"_links":{"self":[{"href":"https:\/\/iuzb.de\/index.php?rest_route=\/wp\/v2\/posts\/18567","targetHints":{"allow":["GET"]}}],"collection":[{"href":"https:\/\/iuzb.de\/index.php?rest_route=\/wp\/v2\/posts"}],"about":[{"href":"https:\/\/iuzb.de\/index.php?rest_route=\/wp\/v2\/types\/post"}],"author":[{"embeddable":true,"href":"https:\/\/iuzb.de\/index.php?rest_route=\/wp\/v2\/users\/13"}],"replies":[{"embeddable":true,"href":"https:\/\/iuzb.de\/index.php?rest_route=%2Fwp%2Fv2%2Fcomments&post=18567"}],"version-history":[{"count":38,"href":"https:\/\/iuzb.de\/index.php?rest_route=\/wp\/v2\/posts\/18567\/revisions"}],"predecessor-version":[{"id":18609,"href":"https:\/\/iuzb.de\/index.php?rest_route=\/wp\/v2\/posts\/18567\/revisions\/18609"}],"wp:attachment":[{"href":"https:\/\/iuzb.de\/index.php?rest_route=%2Fwp%2Fv2%2Fmedia&parent=18567"}],"wp:term":[{"taxonomy":"category","embeddable":true,"href":"https:\/\/iuzb.de\/index.php?rest_route=%2Fwp%2Fv2%2Fcategories&post=18567"},{"taxonomy":"post_tag","embeddable":true,"href":"https:\/\/iuzb.de\/index.php?rest_route=%2Fwp%2Fv2%2Ftags&post=18567"}],"curies":[{"name":"wp","href":"https:\/\/api.w.org\/{rel}","templated":true}]}}