{"id":18130,"date":"2016-12-09T15:15:04","date_gmt":"2016-12-09T14:15:04","guid":{"rendered":"http:\/\/iuzb.de\/?p=18130"},"modified":"2016-12-09T15:15:04","modified_gmt":"2016-12-09T14:15:04","slug":"amalgam-kompromiss-bei-neuer-eu-quecksilberverordnung","status":"publish","type":"post","link":"https:\/\/iuzb.de\/?p=18130","title":{"rendered":"Amalgam: Kompromiss bei neuer EU-Quecksilberverordnung"},"content":{"rendered":"<h4>Kompromiss bei neuer EU-Quecksilberverordnung \u2013 vorerst kein Phase-out von Amalgam<\/h4>\n<p style=\"text-align: justify;\">Europ\u00e4isches Parlament, Rat und Europ\u00e4ische Kommission haben sich am 6. Dezember 2016 auf einen Kompromiss bei der neuen EU-Quecksilberverordnung verst\u00e4ndigt, mit der die Minamata-Konvention zur Reduzierung des weltweiten Quecksilberverbrauchs umgesetzt werden soll.<\/p>\n<p style=\"text-align: justify;\">Dementsprechend wird es kein Phase-out, d.h. ein allgemeines Verbot von Amalgam in der EU bis Ende 2022, geben. Die im Rat versammelten EU-Mitgliedstaaten setzten sich mit der Forderung durch, Amalgam aus Gr\u00fcnden der Versorgungssicherheit vorerst als F\u00fcllmaterial beizubehalten. Als Kompromiss kam man \u00fcberein, dass von Seiten der Europ\u00e4ischen Kommission bis 2020 die Nutzung von Amalgam erneut \u00fcberpr\u00fcft wird. Dabei wird die Frage im Mittelpunkt stehen, ob auf Amalgam bis 2030 g\u00e4nzlich verzichtet werden kann oder nicht.<\/p>\n<p style=\"text-align: justify;\">Gleichwohl wird es ein Verwendungsverbot bei bestimmten Patientengruppen geben. So soll Amalgam zur Vorsicht ab Juli 2018 nicht mehr bei Schwangeren, Stillenden und Kindern unter 15 Jahren verwendet werden. Dar\u00fcber hinaus m\u00fcssen alle europ\u00e4ischen Zahnarztpraxen, die Amalgam verwenden, mit hocheffizienten Amalgamabscheidern bis 2019 bzw. 2021 ausger\u00fcstet sein. Zudem darf ab 2019 nur noch Amalgam in verkapselter Form verwendet werden.<\/p>\n<p style=\"text-align: justify;\">Neu ist, dass die Mitgliedstaaten bis 2019 einen nationalen Aktionsplan f\u00fcr ein Phase-out von Amalgam ausarbeiten sollen. Ebenfalls neu ist, dass die Europ\u00e4ische Kommission einen Bericht dar\u00fcber ausarbeiten muss, inwiefern es einen Bedarf gibt, den Aussto\u00df von Quecksilberemissionen in Folge von Feuerbestattungen europaweit gesetzlich zu regeln.<\/p>\n<p style=\"text-align: justify;\">Schlie\u00dflich wird in dem Kompromiss klargestellt, dass der einzelne Zahnarzt f\u00fcr das Abfallmanagement von Amalgam verantwortlich ist und die Sammlung der Abf\u00e4lle nur durch zertifizierte Einrichtungen erfolgen darf.<\/p>\n<p style=\"text-align: justify;\">Gegenw\u00e4rtig befindet sich der Kompromisstext in der finalen Abstimmung auf Ebene des Rates. Es ist geplant, dass das Plenum des Europ\u00e4ischen Parlaments am 15. Dezember 2016 \u00fcber den Kompromiss abstimmen soll. Damit k\u00f6nnte die neue EU-Quecksilberverordnung bereits Anfang des kommenden Jahres in Kraft treten.<\/p>\n<p style=\"text-align: justify;\">Quelle: Bundeszahn\u00e4rztekammer, <a href=\"http:\/\/www.bzaek.de\/?tx_newsletter_p%5Baction%5D=clicked&amp;tx_newsletter_p%5Bcontroller%5D=Link&amp;type=1342671779&amp;url=http%3A%2F%2Fwww.bzaek.de%2Findex.php%3Fid%3D61%26no_cache%3D1%26tx_ttnews%5Btt_news%5D%3D828&amp;n=128&amp;l=08270da52fbe2e00e15fee2d0ff65463\" target=\"_blank\">PM<\/a> vom 09.12.2016<\/p>\n","protected":false},"excerpt":{"rendered":"<p>Kompromiss bei neuer EU-Quecksilberverordnung \u2013 vorerst kein Phase-out von Amalgam Europ\u00e4isches Parlament, Rat und Europ\u00e4ische Kommission haben sich am 6. Dezember 2016 auf einen Kompromiss bei der neuen EU-Quecksilberverordnung verst\u00e4ndigt, [&#8230;]<\/p>\n","protected":false},"author":13,"featured_media":0,"comment_status":"open","ping_status":"closed","sticky":false,"template":"","format":"standard","meta":{"ngg_post_thumbnail":0,"iawp_total_views":1,"footnotes":""},"categories":[216],"tags":[],"class_list":["post-18130","post","type-post","status-publish","format-standard","hentry","category-amalgam"],"_links":{"self":[{"href":"https:\/\/iuzb.de\/index.php?rest_route=\/wp\/v2\/posts\/18130","targetHints":{"allow":["GET"]}}],"collection":[{"href":"https:\/\/iuzb.de\/index.php?rest_route=\/wp\/v2\/posts"}],"about":[{"href":"https:\/\/iuzb.de\/index.php?rest_route=\/wp\/v2\/types\/post"}],"author":[{"embeddable":true,"href":"https:\/\/iuzb.de\/index.php?rest_route=\/wp\/v2\/users\/13"}],"replies":[{"embeddable":true,"href":"https:\/\/iuzb.de\/index.php?rest_route=%2Fwp%2Fv2%2Fcomments&post=18130"}],"version-history":[{"count":1,"href":"https:\/\/iuzb.de\/index.php?rest_route=\/wp\/v2\/posts\/18130\/revisions"}],"predecessor-version":[{"id":18131,"href":"https:\/\/iuzb.de\/index.php?rest_route=\/wp\/v2\/posts\/18130\/revisions\/18131"}],"wp:attachment":[{"href":"https:\/\/iuzb.de\/index.php?rest_route=%2Fwp%2Fv2%2Fmedia&parent=18130"}],"wp:term":[{"taxonomy":"category","embeddable":true,"href":"https:\/\/iuzb.de\/index.php?rest_route=%2Fwp%2Fv2%2Fcategories&post=18130"},{"taxonomy":"post_tag","embeddable":true,"href":"https:\/\/iuzb.de\/index.php?rest_route=%2Fwp%2Fv2%2Ftags&post=18130"}],"curies":[{"name":"wp","href":"https:\/\/api.w.org\/{rel}","templated":true}]}}