{"id":17984,"date":"2016-12-23T15:20:29","date_gmt":"2016-12-23T14:20:29","guid":{"rendered":"http:\/\/iuzb.de\/?p=17984"},"modified":"2017-02-07T09:15:11","modified_gmt":"2017-02-07T08:15:11","slug":"vzb-zeichnete-aktienpaket-an-aves-one-ag","status":"publish","type":"post","link":"https:\/\/iuzb.de\/?p=17984","title":{"rendered":"VZB zeichnete Aktienpaket an Logistikunternehmen Aves One AG"},"content":{"rendered":"<p><a href=\"http:\/\/www.avesone.com\/de\/aves_investoren.html\" target=\"_blank\">Aves One AG \/ Investor Relations (Auszug):<\/a><\/p>\n<table style=\"width: 1076px;\">\n<tbody>\n<tr style=\"height: 24px;\">\n<td style=\"height: 24px; text-align: left; vertical-align: top; width: 88px;\"><a href=\"http:\/\/www.avesone.com\/downloads\/wphg_161221_2.pdf\" target=\"_blank\">21.12.2016<\/a><\/td>\n<td style=\"height: 24px; text-align: left; vertical-align: top; width: 341.383px;\">Ver\u00f6ffentlichung gem\u00e4\u00df \u00a7 27a Abs. 2 WpHG<\/td>\n<td style=\"height: 24px; text-align: left; vertical-align: top; width: 566.617px;\"><strong>VZB<\/strong><\/td>\n<\/tr>\n<tr style=\"height: 24px;\">\n<td style=\"height: 24px; text-align: left; vertical-align: top; width: 88px;\"><a href=\"http:\/\/www.avesone.com\/downloads\/wphg_161221_1.pdf\" target=\"_blank\">21.12.2016<\/a><\/td>\n<td style=\"height: 24px; text-align: left; vertical-align: top; width: 341.383px;\">Ver\u00f6ffentlichung gem\u00e4\u00df \u00a7 27a Abs. 2 WpHG<\/td>\n<td style=\"height: 24px; text-align: left; vertical-align: top; width: 566.617px;\">Internationale Kapitalanlagegesellschaft mbH f\u00fcr <strong>VZB-Publ.<\/strong><\/td>\n<\/tr>\n<tr style=\"height: 24.2667px;\">\n<td style=\"height: 24px; text-align: left; vertical-align: top; width: 88px;\"><a href=\"http:\/\/www.avesone.com\/downloads\/wphg_161202.pdf\" target=\"_blank\">02.12.2016<\/a><\/td>\n<td style=\"height: 24px; text-align: left; vertical-align: top; width: 341.383px;\">Ver\u00f6ffentlichung gem\u00e4\u00df \u00a7 26 Abs. 1 WpHG<\/td>\n<td style=\"height: 24px; text-align: left; vertical-align: top; width: 566.617px;\"><strong>VZB<\/strong><\/td>\n<\/tr>\n<tr style=\"height: 24px;\">\n<td style=\"height: 24px; text-align: left; vertical-align: top; width: 88px;\"><a href=\"http:\/\/www.avesone.com\/downloads\/zb_2016_q3_de.pdf\" target=\"_blank\">30.11.2016<\/a><\/td>\n<td style=\"height: 24px; text-align: left; vertical-align: top; width: 908px;\" colspan=\"2\">Quartalszwischenmitteilung Q3-2016<\/td>\n<\/tr>\n<tr style=\"height: 24px;\">\n<td style=\"height: 24px; text-align: left; vertical-align: top; width: 88px;\"><a href=\"http:\/\/www.avesone.com\/downloads\/wphg_161129_03.pdf\" target=\"_blank\">29.11.2016<\/a><\/td>\n<td style=\"height: 24px; text-align: left; vertical-align: top; width: 341.383px;\">Ver\u00f6ffentlichung gem\u00e4\u00df \u00a7 26 Abs. 1 WpHG<\/td>\n<td style=\"height: 24px; text-align: left; vertical-align: top; width: 566.617px;\">Internationale Kapitalanlagegesellschaft mbH f\u00fcr <strong>VZB<\/strong><\/td>\n<\/tr>\n<tr style=\"height: 24px;\">\n<td style=\"height: 24px; text-align: left; vertical-align: top; width: 88px;\"><a href=\"http:\/\/www.avesone.com\/downloads\/cn_161123.pdf\" target=\"_blank\">23.11.2016<\/a><\/td>\n<td style=\"height: 24px; text-align: left; vertical-align: top; width: 908px;\" colspan=\"2\">Kapitalerh\u00f6hung gegen Bareinlagen erfolgreich durchgef\u00fchrt<\/td>\n<\/tr>\n<tr style=\"height: 24px;\">\n<td style=\"height: 24px; text-align: left; vertical-align: top; width: 88px;\"><a href=\"http:\/\/www.avesone.com\/downloads\/adhoc_161116.pdf\" target=\"_blank\">16.11.2016<\/a><\/td>\n<td style=\"height: 24px; text-align: left; vertical-align: top; width: 908px;\" colspan=\"2\">Kapitalerh\u00f6hung gegen Bareinlagen und Mehrzuteilung w\u00e4hrend der Zeichnungsphase vollst\u00e4ndig gezeichnet<\/td>\n<\/tr>\n<tr style=\"height: 24px;\">\n<td style=\"height: 24px; text-align: left; vertical-align: top; width: 88px;\"><a href=\"http:\/\/www.avesone.com\/downloads\/cn_161104.pdf\" target=\"_blank\">04.11.2016<\/a><\/td>\n<td style=\"height: 24px; text-align: left; vertical-align: top; width: 908px;\" colspan=\"2\">Zeichnungsfrist f\u00fcr die Kapitalerh\u00f6hung beginnt heute<br \/>\n&#8222;<em>Im Rahmen der Kapitalerh\u00f6hung haben sich die Gro\u00dfaktion\u00e4re der <a href=\"http:\/\/www.superior-gmbh.de\/\" target=\"_blank\">SUPERIOR<\/a>-Gruppe und das Management der Gesellschaft freiwillig zu einem <a href=\"https:\/\/de.wikipedia.org\/wiki\/Sperrfrist_(Aktie)\" target=\"_blank\">Lock-Up<\/a> von 24 Monaten verpflichtet. Damit wollten sie zum Ausdruck bringen, dass es sich bei dem Investment in Aktien der Aves One AG um ein strategisches Investment handelt.<\/em>&#8222;<\/td>\n<\/tr>\n<tr style=\"height: 24px;\">\n<td style=\"height: 24px; text-align: left; vertical-align: top; width: 88px;\"><a href=\"http:\/\/www.avesone.com\/downloads\/adhoc_161026.pdf\" target=\"_blank\">26.10.2016<\/a><\/td>\n<td style=\"height: 24px; text-align: left; vertical-align: top; width: 908px;\" colspan=\"2\">Umsetzung der Kapitalerh\u00f6hung gegen Bareinlagen vom 5. September 2016 \u2013 Bezugspreis f\u00fcr Neue Aktien auf EUR 6,00 festgelegt<\/td>\n<\/tr>\n<tr style=\"height: 24px;\">\n<td style=\"height: 24px; text-align: left; vertical-align: top; width: 88px;\"><a href=\"http:\/\/www.avesone.com\/downloads\/adhoc_161011.pdf\" target=\"_blank\">11.10.2016<\/a><\/td>\n<td style=\"height: 24px; text-align: left; vertical-align: top; width: 908px;\" colspan=\"2\">Abschluss von Finanzierungsvertr\u00e4gen f\u00fcr den Erwerb der ERR Rail Rent Vermietungs GmbH<br \/>\n&#8222;<em>Die Aves One AG hat mit einem institutionellen Investor Darlehensvertr\u00e4ge \u00fcber insgesamt ca. EUR 40 Mio. hinsichtlich des Erwerbs s\u00e4mtlicher Gesch\u00e4ftsanteile der ERR Rail Rent Vermietungs GmbH, Wien, abgeschlossen&#8230;.<\/em>&#8222;<\/td>\n<\/tr>\n<tr style=\"height: 24px;\">\n<td style=\"height: 24px; text-align: left; vertical-align: top; width: 88px;\"><a href=\"http:\/\/www.avesone.com\/downloads\/zb_2016_q2.pdf\" target=\"_blank\">29.09.2016<\/a><\/td>\n<td style=\"height: 24px; text-align: left; vertical-align: top; width: 908px;\" colspan=\"2\">Halbjahresfinanzbericht 2016<\/td>\n<\/tr>\n<tr style=\"height: 24px;\">\n<td style=\"height: 24px; text-align: left; vertical-align: top; width: 88px;\"><a href=\"http:\/\/www.avesone.com\/downloads\/adhoc_160921.pdf\" target=\"_blank\">21.09.2016<\/a><\/td>\n<td style=\"height: 24px; text-align: left; vertical-align: top; width: 908px;\" colspan=\"2\">Wechsel im Vorstand der Aves One AG<\/td>\n<\/tr>\n<tr style=\"height: 24px;\">\n<td style=\"height: 24px; text-align: left; vertical-align: top; width: 88px;\"><a href=\"http:\/\/www.avesone.com\/downloads\/adhoc_160905.pdf\" target=\"_blank\">05.09.2016<\/a><\/td>\n<td style=\"height: 24px; text-align: left; vertical-align: top; width: 908px;\" colspan=\"2\">Hauptversammlung und Vorstand beschlie\u00dfen Kapitalma\u00dfnahmen<\/td>\n<\/tr>\n<tr style=\"height: 24px;\">\n<td style=\"height: 24px; text-align: left; vertical-align: top; width: 88px;\"><a href=\"http:\/\/www.avesone.com\/downloads\/pm_160905.pdf\" target=\"_blank\">05.09.2016<\/a><\/td>\n<td style=\"height: 24px; text-align: left; vertical-align: top; width: 908px;\" colspan=\"2\">Abschluss von Kaufvertr\u00e4gen \u00fcber den Erwerb s\u00e4mtlicher Gesch\u00e4ftsanteile an dem G\u00fcterwagen-Spezialisten ERR Rail Rent Vermietungs GmbH sowie einer Beteiligung an dem Asset-Manager ERR European Rail Rent GmbH<\/td>\n<\/tr>\n<tr style=\"height: 24px;\">\n<td style=\"height: 24px; text-align: left; vertical-align: top; width: 88px;\"><a href=\"http:\/\/www.avesone.com\/downloads\/adhoc_160822.pdf\" target=\"_blank\">22.08.2016<\/a><\/td>\n<td style=\"height: 24px; text-align: left; vertical-align: top; width: 908px;\" colspan=\"2\">Abschluss von Kaufvertr\u00e4gen \u00fcber den Erwerb s\u00e4mtlicher Gesch\u00e4ftsanteile an dem G\u00fcterwagen-Spezialisten ERR Rail Rent Vermietungs GmbH sowie einer Beteiligung an dem Assetmanager ERR European Rail Rent GmbH<br \/>\n&#8222;<em>Aves One AG hat am heutigen Tag Kaufvertr\u00e4ge hinsichtlich des Erwerbs s\u00e4mtlicher Gesch\u00e4ftsanteile an der ERR Rail Rent Vermietungs GmbH, Wien, sowie 33,3 Prozent der Gesch\u00e4ftsanteile an der ERR European Rail Rent GmbH, Duisburg, unterzeichnet die voraussichtlich im Oktober 2016 vollzogen werden sollen. Der Kaufpreis <\/em><em>f\u00fcr den Erwerb der ERR Gruppe bel\u00e4uft sich auf EUR 33,5 Mio. Die ERR Rail Rent Vermietungs GmbH war zum 30. Juni 2016 Eigent\u00fcmerin von 3.881 G\u00fcterwagen. Nach Abschluss der Transaktion erh\u00f6ht die Aves One AG folglich den G\u00fcterwagenbestand auf 4.212 Einheiten&#8230;.<\/em>&#8222;<\/td>\n<\/tr>\n<\/tbody>\n<\/table>\n<p>&nbsp;<\/p>\n<div style=\"width: 383px\" class=\"wp-caption alignnone\"><a href=\"http:\/\/www.railrent.com\/Files\/Waggons\/Pics\/Falns_4_klein_2_V1.jpg\" target=\"_blank\"><img loading=\"lazy\" decoding=\"async\" class=\"\" src=\"http:\/\/www.railrent.com\/Files\/Waggons\/Pics\/Falns_4_klein_2_V1.jpg\" width=\"373\" height=\"279\" \/><\/a><p class=\"wp-caption-text\"><span style=\"font-size: 8pt;\"><a href=\"http:\/\/www.railrent.com\" target=\"_blank\">http:\/\/www.railrent.com<\/a> &#8211; <a href=\"http:\/\/www.railrent.com\/de\/Unternehmen\/\" target=\"_blank\">Unternehmen und Visionen<\/a><\/span><\/p><\/div>\n<p>&nbsp;<\/p>\n<p><span style=\"text-decoration: underline;\">Erg\u00e4nzend:<\/span><\/p>\n<table style=\"width: 1066px;\">\n<tbody>\n<tr style=\"height: 24.8167px;\">\n<td style=\"height: 24.8167px; width: 88px;\"><a href=\"http:\/\/www.deraktionaer.de\/aktie\/aves-one-auf-der-startrampe--dieser-nebenwert-hat-einiges-zu-bieten-292880.htm\" target=\"_blank\">15.12.2016<\/a><\/td>\n<td style=\"height: 24.8167px; width: 280.983px;\">Der Aktion\u00e4r<\/td>\n<td style=\"height: 24.8167px; width: 615.017px;\">Aves One auf der Startrampe: Dieser Nebenwert hat einiges zu bieten<\/td>\n<\/tr>\n<tr style=\"height: 24px;\">\n<td style=\"height: 24px; width: 88px;\"><a href=\"http:\/\/deutsche-boerse.com\/dbg-de\/presse\/pressemitteilungen\/Notierungsaufnahme-der-Aves-One-AG-an-der-Frankfurter-Wertpapierboerse\/2819520\" target=\"_blank\">28.11.2016<\/a><\/td>\n<td style=\"height: 24px; width: 280.983px;\">Deutsche B\u00f6rse<\/td>\n<td style=\"height: 24px; width: 615.017px;\">Notierungsaufnahme der Aves One AG an der Frankfurter Wertpapierb\u00f6rse<br \/>\n<a href=\"http:\/\/www.deutsche-boerse-cash-market.com\/dbcm-de\/instrumente-statistiken\/statistiken\/primaermarktstatistiken\/Aves-One-AG\/2791720\" target=\"_blank\">Angaben zur Erstnotierung<\/a><\/td>\n<\/tr>\n<tr style=\"height: 24px;\">\n<td style=\"height: 24px; width: 88px;\"><a href=\"http:\/\/www.finanzen.net\/nachricht\/aktien\/Euro-am-Sonntag-Aktien-Check-Aves-One-Sprung-auf-die-groessere-Buehne-5182355\" target=\"_blank\">17.11.2016<\/a><\/td>\n<td style=\"height: 24px; width: 280.983px;\">finanzen.net<\/td>\n<td style=\"height: 24px; width: 615.017px;\">Aves One: Sprung auf die gr\u00f6\u00dfere B\u00fchne<\/td>\n<\/tr>\n<tr style=\"height: 24px;\">\n<td style=\"height: 24px; width: 88px;\"><a href=\"http:\/\/www.finanzen.net\/nachricht\/aktien\/Interview-Aves-One-AG-Starkes-Wachstum-mit-hohen-Margen-5165341\" target=\"_blank\">04.11.2016<\/a><\/td>\n<td style=\"height: 24px; width: 280.983px;\">finanzen.net<\/td>\n<td style=\"height: 24px; width: 615.017px;\">Aves One AG: Starkes Wachstum mit hohen Margen<\/td>\n<\/tr>\n<tr style=\"height: 24px;\">\n<td style=\"height: 24px; width: 88px;\"><a href=\"http:\/\/www.finanztreff.de\/news\/aves-one-ag-interview-mit-vorstand-juergen-bauer-zum-boersengang\/11642708\" target=\"_blank\">04.11.2016<\/a><\/td>\n<td style=\"height: 24px; width: 280.983px;\">finanztreff.de<\/td>\n<td style=\"height: 24px; width: 615.017px;\">Aves One AG: Interview mit Vorstand J\u00fcrgen Bauer zum B\u00f6rsengang<\/td>\n<\/tr>\n<tr style=\"height: 24px;\">\n<td style=\"height: 24px; width: 88px;\"><a href=\"http:\/\/www.aprixon.de\/err-sanierungsverfahren-2\/\" target=\"_blank\">07.07.2015<\/a><\/td>\n<td style=\"height: 24px; width: 280.983px;\">Aprixon Information Services GmbH<\/td>\n<td style=\"height: 24px; width: 615.017px;\">Sanierungsverfahren f\u00fcr ERR aufgehoben<\/td>\n<\/tr>\n<\/tbody>\n<\/table>\n","protected":false},"excerpt":{"rendered":"<p>Aves One AG \/ Investor Relations (Auszug): 21.12.2016 Ver\u00f6ffentlichung gem\u00e4\u00df \u00a7 27a Abs. 2 WpHG VZB 21.12.2016 Ver\u00f6ffentlichung gem\u00e4\u00df \u00a7 27a Abs. 2 WpHG Internationale Kapitalanlagegesellschaft mbH f\u00fcr VZB-Publ. 02.12.2016 [&#8230;]<\/p>\n","protected":false},"author":13,"featured_media":0,"comment_status":"open","ping_status":"closed","sticky":false,"template":"","format":"standard","meta":{"ngg_post_thumbnail":0,"iawp_total_views":0,"footnotes":""},"categories":[222,47],"tags":[],"class_list":["post-17984","post","type-post","status-publish","format-standard","hentry","category-invesntment-logistik","category-versorgungswerk-vzb"],"_links":{"self":[{"href":"https:\/\/iuzb.de\/index.php?rest_route=\/wp\/v2\/posts\/17984","targetHints":{"allow":["GET"]}}],"collection":[{"href":"https:\/\/iuzb.de\/index.php?rest_route=\/wp\/v2\/posts"}],"about":[{"href":"https:\/\/iuzb.de\/index.php?rest_route=\/wp\/v2\/types\/post"}],"author":[{"embeddable":true,"href":"https:\/\/iuzb.de\/index.php?rest_route=\/wp\/v2\/users\/13"}],"replies":[{"embeddable":true,"href":"https:\/\/iuzb.de\/index.php?rest_route=%2Fwp%2Fv2%2Fcomments&post=17984"}],"version-history":[{"count":57,"href":"https:\/\/iuzb.de\/index.php?rest_route=\/wp\/v2\/posts\/17984\/revisions"}],"predecessor-version":[{"id":19219,"href":"https:\/\/iuzb.de\/index.php?rest_route=\/wp\/v2\/posts\/17984\/revisions\/19219"}],"wp:attachment":[{"href":"https:\/\/iuzb.de\/index.php?rest_route=%2Fwp%2Fv2%2Fmedia&parent=17984"}],"wp:term":[{"taxonomy":"category","embeddable":true,"href":"https:\/\/iuzb.de\/index.php?rest_route=%2Fwp%2Fv2%2Fcategories&post=17984"},{"taxonomy":"post_tag","embeddable":true,"href":"https:\/\/iuzb.de\/index.php?rest_route=%2Fwp%2Fv2%2Ftags&post=17984"}],"curies":[{"name":"wp","href":"https:\/\/api.w.org\/{rel}","templated":true}]}}