{"id":17853,"date":"2008-02-08T23:48:08","date_gmt":"2008-02-08T22:48:08","guid":{"rendered":"http:\/\/www.gerber-beratung.de\/denkmodelle\/?p=145"},"modified":"2023-04-01T22:25:42","modified_gmt":"2023-04-01T20:25:42","slug":"wer-lesen-kann-ist-klar-im-vorteil-wer-whlen-kann-gleich-noch-viel-mehr","status":"publish","type":"post","link":"https:\/\/iuzb.de\/?p=17853","title":{"rendered":"Wer lesen kann ist klar im Vorteil, wer w\u00e4hlen kann gleich noch viel mehr!"},"content":{"rendered":"<p>Bitte lesen Sie den Leitartikel<\/p>\n<p style=\"text-align: justify;\"><strong>\u201e<a title=\"Leitartikel MBZ 02\/2008 - Auszug -\" href=\"http:\/\/www.kzv-berlin.de\/cms\/download\/mbz\/MBZ_0208.pdf\" target=\"_blank\" rel=\"noopener\">Die Auswahl unserer Neider best\u00e4tigt unsere F\u00e4higkeiten<\/a>\u201c<\/strong><br \/>\nvom Vorstandsvorsitzenden der KZV Berlin ver\u00f6ffentlicht im Mitteilungsblatt Berliner Zahn\u00e4rzte (MBZ) Ausgabe Februar 2008. Herr Dr. Husemann schreibt:<\/p>\n<blockquote>\n<p style=\"text-align: justify;\">Nun hat die Kammerwahl, sollte man denken, nichts mit der KZV zu tun. Wenn allerdings die agierenden Personen weitgehend identisch sind, m\u00fcssen auch von Seiten der KZV Nachfragen gestattet sein: Wie ist es um die Glaubw\u00fcrdigkeit bestellt, wenn ein Kollege zun\u00e4chst f\u00fcr das Amt des Kammerpr\u00e4sidenten kandidiert und \u2013 nachdem er nicht gew\u00e4hlt wird \u2013 anschlie\u00dfend die Wahlen vor Gericht anficht? Wie h\u00e4tte er sich wohl verhalten, wenn er gew\u00e4hlt worden w\u00e4re? Wie gesagt: die agierenden Personen sind auch Mitglieder der Vertreterversammlung der KZV und so gibt es leider Parallelen.<\/p>\n<\/blockquote>\n<p style=\"text-align: justify;\">Damit begr\u00fcndet der Vorstandsvorsitzende sein Eingreifen in den Kammerwahlkampf.<\/p>\n<p style=\"text-align: justify;\">Dies ist bedenklich, denn es widerspricht im Kern gesellschaftspolitischen Zur\u00fcckhaltungsgeboten und Neutralit\u00e4tsprinzipien eines hauptamtlichen Vorstandes einer K\u00f6rperschaft des \u00f6ffentlichen Rechts. Es ist nicht die Aufgabe eines amtlichen KZV Vorstandes, sich in den Wahlkampf einer Zahn\u00e4rztekammer einzumischen. Und schon gar nicht \u00fcber das gemeinsame amtliche Mitteilungsblatt eben dieser beiden \u00f6ffentlichen Verwaltungstr\u00e4ger.<\/p>\n<p style=\"text-align: justify;\">Nach dem <a href=\"http:\/\/drdohmeier.de\/?p=295\" target=\"_blank\" rel=\"noopener\">Antrag vom 16.01.2008<\/a> des Verbandes der Zahn\u00e4rzte von Berlin e. V. (Wahlvorschlag Nr. 5 ), sowie dem am 05.02.2008 ver\u00f6ffentlichten Leitartikel des hauptamtlichen <a title=\"KZV Berlin, Vorstandsvorsitzender Herr Husemann\" href=\"http:\/\/www.kzv-berlin.de\/cms\/index.php?id=3\" target=\"_blank\" rel=\"noopener\">KZV Vorstandsvorsitzenden Herrn Husemann<\/a>, d\u00fcrfte der Kammerwahlkampf somit nunmehr als er\u00f6ffnet gelten!<\/p>\n<p style=\"text-align: justify;\">Zur letzten Kammerpr\u00e4sidentenwahl und zur gestellten Frage von &#8222;Glaubw\u00fcrdigkeit&#8220;:<\/p>\n<p style=\"text-align: justify;\">Bei der Delegiertenversammlung am <a title=\"Dr. Dohmeier, DV Bericht vom 03.02.2007\" href=\"http:\/\/drdohmeier.de\/?p=171\" target=\"_blank\" rel=\"noopener\">01.02.2007<\/a> stellten sich zwei Kandidaten der Pr\u00e4sidentschaftswahl: Herr Dr. Schmiedel (er erhielt 27 Stimmen) und Herr Dr. Schleithoff (er erhielt 19 Stimmen). Das Herr Dr. Schleithoff nicht gew\u00e4hlt werden wurde, d\u00fcrfte wohl allen Beteiligten von vornherein allen klar gewesen sein. Aber es entspricht demokratischen Spielregeln, dass wenigstens formal ein Gegenkandidat aufgestellt wird, schlie\u00dflich soll es sich ja um eine Vorstandswahl handeln, dazu muss man auch ausw\u00e4hlen k\u00f6nnen. Und es erfordert schon Contenance, wenn sich ein Kandidat zur Wahl stellt, obwohl vorher schon abzusehen ist, dass er als Wahlverlierer aus der Abstimmung gehen wird.<\/p>\n<p style=\"text-align: justify;\">Der Widerspruch zur Kammerwahl wurde am 16.01.2007 beim Wahlausschuss eingereicht &#8211; und zwar auch von Herrn Dr. Schleithoff. Mithin also \u00fcber 2 Wochen <span style=\"text-decoration: underline;\">vor<\/span> der konstituierenden Delegiertenversammlung und der Pr\u00e4sidentenwahl am <a title=\"Website Zc, Protokoll DV 01.02.2007, Top 6\" href=\"http:\/\/zaek-berlin.de\/content_news_details.php?menu_id=161&amp;page=495\" target=\"_blank\" rel=\"noopener\">01.02.2007<\/a> und mithin auch noch fast drei Wochen vor dem Ablauf der Widerspruchsfrist am 05.02.2007 (das Wahlergebnis wurde am 05.01.2007 auf Seite 38 des Amtsblattes ver\u00f6ffentlicht, die einmonatige Widerspruchsfrist endete damit am 05.02.2007).<\/p>\n<p style=\"text-align: justify;\">Die Widerspruchsabweisung des Wahlausschusses wurde am <a title=\"Blog Dr. Dohmeier 13.02.2007, siehe auch Terminangabe Klageschrift\" href=\"http:\/\/drdohmeier.de\/?p=174\" target=\"_blank\" rel=\"noopener\">12.02.2007<\/a> erlassen und die Klage konnte somit erst am 20.02.2007 beim Verwaltungsgericht Berlin eingereicht werden, mithin also rein technisch bedingt auch erst <a title=\"Mitteilung Dr. Dohmeier vom 02.03.2007\" href=\"http:\/\/drdohmeier.de\/?p=175\" target=\"_blank\" rel=\"noopener\">nach<\/a> der Vorstandswahl am 01.02.2007. Vorher war dies nicht m\u00f6glich. Von den urspr\u00fcnglich <a title=\"DAZ Forum Nr. 90, M\u00e4rz 2007, Seite 14\" href=\"http:\/\/www.daz-web.de\/dazforum\/docs\/archiv90\/DAZ_90_Screen.pdf\" target=\"_blank\" rel=\"noopener\">15 Widerspruchsf\u00fchren, &#8222;die in sechs verschiedene Verb\u00e4nden organisiert sind<\/a>&#8222;, haben dann immerhin noch sechs Delegierte das aus ihrer privaten Tasche zu tragende Prozesskostenrisiko auf sich genommen. Dazu z\u00e4hlte auch Herr Dr. Schleithoff &#8211; doppelte Contenance.<\/p>\n<p style=\"text-align: justify;\">Wichtig zum Verst\u00e4ndnis ist, dass beide Vorg\u00e4nge &#8211; Pr\u00e4sidentenwahl und Wahlwiderspruch\/Wahl\u00fcberpr\u00fcfungsklage &#8211; im Verfahrensablauf eigenst\u00e4ndige Handlungsakte darstellen und in keinem unmittelbaren Zusammenhang stehen. Auch ergibt sich aus der Zeitfolge: &#8222;Kammerwahlergebnis &#8211; Wahlwiderspruch &#8211; Konstituierende Delegiertenversammlung mit Pr\u00e4sidenten-\/Vorstandswahl &#8211; Wahlwiderspruchsabweisung &#8211; Klage&#8220; offenkundig, dass hier nicht einmal im Ansatz taktisches Verhalten in Betracht gezogen werden kann.<\/p>\n<p style=\"text-align: justify;\">Daher erscheint die vom KZV Vorstandsvorsitzenden Herrn Husemann in seinem Leitartikel gestellte Frage der &#8222;Glaubw\u00fcrdigkeit&#8220; gegen\u00fcber dem damaligen Minderheitskandidaten selbst als unglaubw\u00fcrdig und au\u00dferdem auch als sachlich falsch.<\/p>\n<p>&nbsp;<\/p>\n","protected":false},"excerpt":{"rendered":"<p>Bitte lesen Sie den Leitartikel \u201eDie Auswahl unserer Neider best\u00e4tigt unsere F\u00e4higkeiten\u201c vom Vorstandsvorsitzenden der KZV Berlin ver\u00f6ffentlicht im Mitteilungsblatt Berliner Zahn\u00e4rzte (MBZ) Ausgabe Februar 2008. Herr Dr. Husemann schreibt: [&#8230;]<\/p>\n","protected":false},"author":13,"featured_media":0,"comment_status":"closed","ping_status":"closed","sticky":false,"template":"","format":"standard","meta":{"ngg_post_thumbnail":0,"iawp_total_views":1,"footnotes":""},"categories":[206,207,192,191],"tags":[],"class_list":["post-17853","post","type-post","status-publish","format-standard","hentry","category-kammerwahl-2008","category-mbz","category-neutralitaetspflicht-kzv","category-neutralitaetspflicht-zaek"],"_links":{"self":[{"href":"https:\/\/iuzb.de\/index.php?rest_route=\/wp\/v2\/posts\/17853","targetHints":{"allow":["GET"]}}],"collection":[{"href":"https:\/\/iuzb.de\/index.php?rest_route=\/wp\/v2\/posts"}],"about":[{"href":"https:\/\/iuzb.de\/index.php?rest_route=\/wp\/v2\/types\/post"}],"author":[{"embeddable":true,"href":"https:\/\/iuzb.de\/index.php?rest_route=\/wp\/v2\/users\/13"}],"replies":[{"embeddable":true,"href":"https:\/\/iuzb.de\/index.php?rest_route=%2Fwp%2Fv2%2Fcomments&post=17853"}],"version-history":[{"count":5,"href":"https:\/\/iuzb.de\/index.php?rest_route=\/wp\/v2\/posts\/17853\/revisions"}],"predecessor-version":[{"id":41753,"href":"https:\/\/iuzb.de\/index.php?rest_route=\/wp\/v2\/posts\/17853\/revisions\/41753"}],"wp:attachment":[{"href":"https:\/\/iuzb.de\/index.php?rest_route=%2Fwp%2Fv2%2Fmedia&parent=17853"}],"wp:term":[{"taxonomy":"category","embeddable":true,"href":"https:\/\/iuzb.de\/index.php?rest_route=%2Fwp%2Fv2%2Fcategories&post=17853"},{"taxonomy":"post_tag","embeddable":true,"href":"https:\/\/iuzb.de\/index.php?rest_route=%2Fwp%2Fv2%2Ftags&post=17853"}],"curies":[{"name":"wp","href":"https:\/\/api.w.org\/{rel}","templated":true}]}}