{"id":1743,"date":"2010-07-30T19:53:00","date_gmt":"2010-07-30T17:53:00","guid":{"rendered":"http:\/\/www.iuzb.org\/wordpress\/?p=1743"},"modified":"2023-04-02T11:33:13","modified_gmt":"2023-04-02T09:33:13","slug":"burgersteigwahlkampf-der-iuzbgpz","status":"publish","type":"post","link":"https:\/\/iuzb.de\/?p=1743","title":{"rendered":"B\u00fcrgersteigwahlkampf der IUZB\/GpZ"},"content":{"rendered":"<p align=\"center\"><strong>Bereitmachen und los geht&#8217;s!<\/strong><\/p>\n<p align=\"center\"><a href=\"https:\/\/iuzb.de\/wp-content\/uploads\/2010\/07\/cimg4669-klein-1.jpg\" target=\"_blank\" rel=\"noopener\"><img loading=\"lazy\" decoding=\"async\" class=\"alignnone size-medium wp-image-17407\" src=\"https:\/\/iuzb.de\/wp-content\/uploads\/2010\/07\/cimg4669-klein-1-300x188.jpg\" alt=\"cimg4669-klein-1\" width=\"300\" height=\"188\" srcset=\"https:\/\/iuzb.de\/wp-content\/uploads\/2010\/07\/cimg4669-klein-1-300x188.jpg 300w, https:\/\/iuzb.de\/wp-content\/uploads\/2010\/07\/cimg4669-klein-1-768x481.jpg 768w, https:\/\/iuzb.de\/wp-content\/uploads\/2010\/07\/cimg4669-klein-1.jpg 1020w\" sizes=\"auto, (max-width: 300px) 100vw, 300px\" \/> <\/a><a href=\"https:\/\/iuzb.de\/wp-content\/uploads\/2010\/07\/cimg4672-klein-2.jpg\" target=\"_blank\" rel=\"noopener\"><img loading=\"lazy\" decoding=\"async\" class=\"alignnone size-medium wp-image-17408\" src=\"https:\/\/iuzb.de\/wp-content\/uploads\/2010\/07\/cimg4672-klein-2-300x188.jpg\" alt=\"cimg4672-klein-2\" width=\"300\" height=\"188\" srcset=\"https:\/\/iuzb.de\/wp-content\/uploads\/2010\/07\/cimg4672-klein-2-300x188.jpg 300w, https:\/\/iuzb.de\/wp-content\/uploads\/2010\/07\/cimg4672-klein-2-768x481.jpg 768w, https:\/\/iuzb.de\/wp-content\/uploads\/2010\/07\/cimg4672-klein-2.jpg 1020w\" sizes=\"auto, (max-width: 300px) 100vw, 300px\" \/><\/a><br \/>\nGert Neuling, Karola Hein, Dr. Lutz-Stephan Wei\u00df und Gerhard Gneist (vlnr)<br \/>\n<span style=\"color: white;\">.<\/span><\/p>\n<p style=\"text-align: justify;\">Wie schon am 30. Juni, haben auch am heutigen Juli-Ultimo Mitglieder der gemeinsamen Wahlliste <a href=\"http:\/\/www.iuzb.org\/wordpress\/?p=1514\" target=\"_blank\" rel=\"noopener\">IUZB\/GpZ<\/a> vor dem Verwaltungssitz der KZV wieder Informationsschreiben zur Wahl der Mitglieder der Vertreteversammlung der KZV Berlin verteilt, welche vom 14.-28.09.2010 stattfindet.<\/p>\n<p style=\"text-align: justify;\">Wir setzten damit unsere Tradition fort, Ihnen, liebe W\u00e4hlerinnen und W\u00e4hler, bei allen Wahlen auch pers\u00f6nlich zur Verf\u00fcgung zu stehen und so um jede einzelne Stimme zu k\u00e4mpfen.<\/p>\n<p style=\"text-align: justify;\">So ergab sich auch heute wieder die M\u00f6glichkeit zur F\u00fchrung einer Vielzahl von Einzelgespr\u00e4chen. <strong><span style=\"color: red;\">Herzlichen Dank daf\u00fcr!<\/span><\/strong><\/p>\n<p><span style=\"color: white;\">.<\/span><\/p>\n","protected":false},"excerpt":{"rendered":"<p>Bereitmachen und los geht&#8217;s! Gert Neuling, Karola Hein, Dr. Lutz-Stephan Wei\u00df und Gerhard Gneist (vlnr) . Wie schon am 30. Juni, haben auch am heutigen Juli-Ultimo Mitglieder der gemeinsamen Wahlliste [&#8230;]<\/p>\n","protected":false},"author":13,"featured_media":0,"comment_status":"closed","ping_status":"closed","sticky":false,"template":"","format":"standard","meta":{"ngg_post_thumbnail":0,"iawp_total_views":2,"footnotes":""},"categories":[48,201],"tags":[],"class_list":["post-1743","post","type-post","status-publish","format-standard","hentry","category-iuzb","category-kzv-wahl-2010"],"_links":{"self":[{"href":"https:\/\/iuzb.de\/index.php?rest_route=\/wp\/v2\/posts\/1743","targetHints":{"allow":["GET"]}}],"collection":[{"href":"https:\/\/iuzb.de\/index.php?rest_route=\/wp\/v2\/posts"}],"about":[{"href":"https:\/\/iuzb.de\/index.php?rest_route=\/wp\/v2\/types\/post"}],"author":[{"embeddable":true,"href":"https:\/\/iuzb.de\/index.php?rest_route=\/wp\/v2\/users\/13"}],"replies":[{"embeddable":true,"href":"https:\/\/iuzb.de\/index.php?rest_route=%2Fwp%2Fv2%2Fcomments&post=1743"}],"version-history":[{"count":4,"href":"https:\/\/iuzb.de\/index.php?rest_route=\/wp\/v2\/posts\/1743\/revisions"}],"predecessor-version":[{"id":41811,"href":"https:\/\/iuzb.de\/index.php?rest_route=\/wp\/v2\/posts\/1743\/revisions\/41811"}],"wp:attachment":[{"href":"https:\/\/iuzb.de\/index.php?rest_route=%2Fwp%2Fv2%2Fmedia&parent=1743"}],"wp:term":[{"taxonomy":"category","embeddable":true,"href":"https:\/\/iuzb.de\/index.php?rest_route=%2Fwp%2Fv2%2Fcategories&post=1743"},{"taxonomy":"post_tag","embeddable":true,"href":"https:\/\/iuzb.de\/index.php?rest_route=%2Fwp%2Fv2%2Ftags&post=1743"}],"curies":[{"name":"wp","href":"https:\/\/api.w.org\/{rel}","templated":true}]}}