{"id":17200,"date":"2016-11-30T18:57:13","date_gmt":"2016-11-30T17:57:13","guid":{"rendered":"http:\/\/iuzb.de\/?p=17200"},"modified":"2022-07-25T19:42:21","modified_gmt":"2022-07-25T17:42:21","slug":"bsg-kein-streikrecht-fuer-vertragsaerzte","status":"publish","type":"post","link":"https:\/\/iuzb.de\/?p=17200","title":{"rendered":"BSG: Kein &#8222;Streikrecht&#8220; f\u00fcr Vertrags\u00e4rzte"},"content":{"rendered":"<p style=\"text-align: justify;\">Vertrags\u00e4rzte sind nicht berechtigt, ihre Praxis w\u00e4hrend der Sprechstundenzeiten zu schlie\u00dfen, um an einem &#8222;Warnstreik&#8220; teilzunehmen. Derartige, gegen gesetzliche Krankenkassen und Kassen\u00e4rztliche Vereinigungen gerichtete &#8222;Kampfma\u00dfnahmen&#8220; sind mit der gesetzlichen Konzeption des Vertragsarztrechts unvereinbar. Die entsprechenden vertragsarztrechtlichen Bestimmungen sind auch verfassungsgem\u00e4\u00df.<\/p>\n<p style=\"text-align: justify;\">Der als Facharzt f\u00fcr Allgemeinmedizin zugelassene Kl\u00e4ger informierte die beklagte Kassen\u00e4rztliche Vereinigung im Herbst 2012 dar\u00fcber, dass er zusammen mit f\u00fcnf anderen Vertrags\u00e4rzten &#8222;das allen Berufsgruppen verfassungsrechtlich zustehende Streikrecht&#8220; aus\u00fcben und deshalb am 10.\u00a0Oktober sowie am 21.\u00a0November 2012 seine Praxis schlie\u00dfen werde. Die Beklagte erteilte dem Kl\u00e4ger einen Verweis als Disziplinarma\u00dfnahme, da er durch die Praxisschlie\u00dfungen seine vertrags\u00e4rztlichen Pflichten schuldhaft verletzt habe. Das Sozialgericht hat die hiergegen erhobene Klage abgewiesen. Ein Streikrecht als Grund f\u00fcr eine Unterbrechung der Praxist\u00e4tigkeit sei im Vertragsarztrecht nicht vorgesehen.<\/p>\n<p style=\"text-align: justify;\">Die dagegen eingelegte Sprungrevision hat der 6. Senat des Bundessozialgerichts heute zur\u00fcckgewiesen. Der Kl\u00e4ger hat seine vertrags\u00e4rztlichen Pflichten schuldhaft verletzt. Vertrags\u00e4rzte m\u00fcssen w\u00e4hrend der angegebenen Sprechstunden f\u00fcr die vertrags\u00e4rztliche Versorgung ihrer Patienten zur Verf\u00fcgung stehen (sogenannte &#8222;Pr\u00e4senzpflicht&#8220;). Etwas Anderes gilt etwa bei Krankheit oder Urlaub nicht jedoch bei der Teilnahme an einem &#8222;Warnstreik&#8220;. Dem Kl\u00e4ger steht kein durch die Verfassung oder die Europ\u00e4ische Menschenrechtskonvention gesch\u00fctztes &#8222;Streikrecht&#8220; zu. Ein Recht der Vertrags\u00e4rzte, Forderungen gegen\u00fcber den gesetzlichen Krankenkassen im Wege von &#8222;Arbeitskampfma\u00dfnahmen&#8220; durchzusetzen, ist mit der gesetzlichen Konzeption des Vertragsarztrechts nicht vereinbar. Der Gesetzgeber hat durch die Ausgestaltung des Vertragsarztrechts die teilweise gegenl\u00e4ufigen Interessen von Krankenkassen und \u00c4rzten zum Ausgleich gebracht, um auf diese Weise eine verl\u00e4ssliche Versorgung der Versicherten zu angemessenen Bedingungen sicherzustellen. Die gemeinsame Selbstverwaltung von \u00c4rzten und Krankenkassen besitzt ein hohes Ma\u00df an Autonomie bei der Regelung der Einzelheiten der vertrags\u00e4rztlichen Versorgung. Dem entsprechend wird die \u00e4rztliche Verg\u00fctung zwischen Krankenkassen und Kassen\u00e4rztlichen Vereinigungen ausgehandelt. Die Sicherstellung der vertrags\u00e4rztlichen Versorgung ist den Kassen\u00e4rztlichen Vereinigungen als K\u00f6rperschaften des \u00f6ffentlichen Rechts \u00fcbertragen worden. In diesen Sicherstellungsauftrag ist der einzelne Vertragsarzt aufgrund seiner Zulassung zur vertrags\u00e4rztlichen Versorgung und seiner Mitgliedschaft bei der K\u00c4V eingebunden. Konflikte mit Krankenkassen um die H\u00f6he der Gesamtverg\u00fctung werden in diesem System nicht durch &#8222;Streik&#8220; oder &#8222;Aussperrung&#8220; ausgetragen, sondern durch zeitnahe verbindliche Entscheidungen von Schieds\u00e4mtern gel\u00f6st. Die Rechtm\u00e4\u00dfigkeit des Schiedsspruchs wird im Streitfall durch unabh\u00e4ngige Gerichte \u00fcberpr\u00fcft.<br \/>\n<span style=\"color: #ffffff;\">. <\/span><br \/>\n<span style=\"color: #ffffff;\">.<\/span><br \/>\nDr. W.B.\u00a0 .\/.\u00a0 Kassen\u00e4rztliche Vereinigung Baden-W\u00fcrttemberg<br \/>\nAz.: B 6 KA 38\/15 R<\/p>\n<p style=\"text-align: justify;\">Quelle: Bundessozialgericht, <a href=\"http:\/\/juris.bundessozialgericht.de\/cgi-bin\/rechtsprechung\/document.py?Gericht=bsg&amp;Art=ps&amp;Datum=2016&amp;nr=14436&amp;pos=0&amp;anz=24\" target=\"_blank\" rel=\"noopener\">Pressemitteilung Nr. 24\/16<\/a> vom 30.11.2016<\/p>\n","protected":false},"excerpt":{"rendered":"<p>Vertrags\u00e4rzte sind nicht berechtigt, ihre Praxis w\u00e4hrend der Sprechstundenzeiten zu schlie\u00dfen, um an einem &#8222;Warnstreik&#8220; teilzunehmen. Derartige, gegen gesetzliche Krankenkassen und Kassen\u00e4rztliche Vereinigungen gerichtete &#8222;Kampfma\u00dfnahmen&#8220; sind mit der gesetzlichen Konzeption [&#8230;]<\/p>\n","protected":false},"author":13,"featured_media":0,"comment_status":"open","ping_status":"closed","sticky":false,"template":"","format":"standard","meta":{"ngg_post_thumbnail":0,"iawp_total_views":2,"footnotes":""},"categories":[80,188],"tags":[],"class_list":["post-17200","post","type-post","status-publish","format-standard","hentry","category-bsg","category-medizin"],"_links":{"self":[{"href":"https:\/\/iuzb.de\/index.php?rest_route=\/wp\/v2\/posts\/17200","targetHints":{"allow":["GET"]}}],"collection":[{"href":"https:\/\/iuzb.de\/index.php?rest_route=\/wp\/v2\/posts"}],"about":[{"href":"https:\/\/iuzb.de\/index.php?rest_route=\/wp\/v2\/types\/post"}],"author":[{"embeddable":true,"href":"https:\/\/iuzb.de\/index.php?rest_route=\/wp\/v2\/users\/13"}],"replies":[{"embeddable":true,"href":"https:\/\/iuzb.de\/index.php?rest_route=%2Fwp%2Fv2%2Fcomments&post=17200"}],"version-history":[{"count":5,"href":"https:\/\/iuzb.de\/index.php?rest_route=\/wp\/v2\/posts\/17200\/revisions"}],"predecessor-version":[{"id":39431,"href":"https:\/\/iuzb.de\/index.php?rest_route=\/wp\/v2\/posts\/17200\/revisions\/39431"}],"wp:attachment":[{"href":"https:\/\/iuzb.de\/index.php?rest_route=%2Fwp%2Fv2%2Fmedia&parent=17200"}],"wp:term":[{"taxonomy":"category","embeddable":true,"href":"https:\/\/iuzb.de\/index.php?rest_route=%2Fwp%2Fv2%2Fcategories&post=17200"},{"taxonomy":"post_tag","embeddable":true,"href":"https:\/\/iuzb.de\/index.php?rest_route=%2Fwp%2Fv2%2Ftags&post=17200"}],"curies":[{"name":"wp","href":"https:\/\/api.w.org\/{rel}","templated":true}]}}