{"id":17044,"date":"2016-11-27T14:37:51","date_gmt":"2016-11-27T13:37:51","guid":{"rendered":"http:\/\/iuzb.de\/?p=17044"},"modified":"2016-12-06T08:56:19","modified_gmt":"2016-12-06T07:56:19","slug":"kzv-einladung-zur-vertreterversammlung-am-10-12-2016-verwaltungsausschuss-beantragt-diaetenerhoehungen","status":"publish","type":"post","link":"https:\/\/iuzb.de\/?p=17044","title":{"rendered":"KZV: Einladung zur Vertreterversammlung am 05.12.2016 \u2013 Di\u00e4tenerh\u00f6hungen auf der Tagesordnung"},"content":{"rendered":"<p><strong>Montag, 05. Dezember 2016<\/strong> um <strong>19:00 Uhr <\/strong>c.t.<strong><br \/>\n<\/strong><\/p>\n<p><span style=\"font-size: 12pt;\"><strong>24. Vertreterversammlung<br \/>\nder Kassenzahn\u00e4rztlichen Vereinigung Berlin<\/strong><\/span><\/p>\n<p>im Zahn\u00e4rztehaus der KZV, 10711 Berlin, Georg-Wilhelm-Str. 16<\/p>\n<p>&nbsp;<\/p>\n<table style=\"width: 764.667px;\">\n<tbody>\n<tr style=\"height: 24px;\">\n<td style=\"width: 379.667px; height: 24px;\" colspan=\"2\"><span style=\"text-decoration: underline;\">Tagesordnungspunkte<\/span><\/td>\n<\/tr>\n<tr style=\"height: 24.8167px;\">\n<td style=\"width: 10px; text-align: left; vertical-align: top; height: 24.8167px;\">1.<\/td>\n<td style=\"width: 369.667px; text-align: left; vertical-align: top; height: 24.8167px;\">Begr\u00fc\u00dfung, Feststellung Anwesenheit, Totenehrung<\/td>\n<\/tr>\n<tr style=\"height: 24px;\">\n<td style=\"width: 10px; text-align: left; vertical-align: top; height: 24px;\">2<\/td>\n<td style=\"width: 369.667px; text-align: left; vertical-align: top; height: 24px;\">Protokoll der VV vom 10.10.2016<\/td>\n<\/tr>\n<tr style=\"height: 24px;\">\n<td style=\"width: 10px; text-align: left; vertical-align: top; height: 24px;\">3.<\/td>\n<td style=\"width: 369.667px; text-align: left; vertical-align: top; height: 24px;\">Bericht des Vorsitzenden der VV<\/td>\n<\/tr>\n<tr style=\"height: 24px;\">\n<td style=\"width: 10px; text-align: left; vertical-align: top; height: 24px;\">4.<\/td>\n<td style=\"width: 369.667px; text-align: left; vertical-align: top; height: 24px;\">Bericht des Vorsitzenden des Hauptausschusses<\/td>\n<\/tr>\n<tr style=\"height: 24px;\">\n<td style=\"width: 10px; text-align: left; vertical-align: top; height: 24px;\">5.<\/td>\n<td style=\"width: 369.667px; text-align: left; vertical-align: top; height: 24px;\">Bericht des Vorstandes<\/td>\n<\/tr>\n<tr style=\"height: 24px;\">\n<td style=\"width: 10px; text-align: left; vertical-align: top; height: 24px;\">6.<\/td>\n<td style=\"width: 369.667px; text-align: left; vertical-align: top; height: 24px;\">Fragestunde<\/td>\n<\/tr>\n<tr style=\"height: 24px;\">\n<td style=\"width: 10px; text-align: left; vertical-align: top; height: 24px;\">7.<\/td>\n<td style=\"width: 369.667px; text-align: left; vertical-align: top; height: 24px;\">Antrag des Herrn Koll. Hessberger vom 15.11.2016 (Anlage 1)<br \/>\n&#8222;Die VV m\u00f6ge beschlie\u00dfen, dass die Abrechnung im HVM zum n\u00e4chstm\u00f6glichen<br \/>\nZeitpunkt wie &#8230; &#8222;<\/td>\n<\/tr>\n<tr style=\"height: 24px;\">\n<td style=\"width: 10px; text-align: left; vertical-align: top; height: 24px;\">8.<\/td>\n<td style=\"width: 369.667px; text-align: left; vertical-align: top; height: 24px;\">Jahresabschluss f\u00fcr das Rechnungsjahr 2015 Bilanz sowie Ertrags- und<br \/>\nAufwandsrechnung der KZV Berlin (Anlage 2 Pr\u00fcfbericht der KZBV)<br \/>\n&#8211; Bericht des Vorstandes<br \/>\n&#8211; Bericht des RPA (Anlage 3)<br \/>\n&#8211; Stellungnahme des Vorstandes (Anlage 4)<\/td>\n<\/tr>\n<tr style=\"height: 24px;\">\n<td style=\"width: 10px; text-align: left; vertical-align: top; height: 24px;\">9.<\/td>\n<td style=\"width: 369.667px; text-align: left; vertical-align: top; height: 24px;\">Entlastung des Vorstandes f\u00fcr das Rechnungsjahr 2015<\/td>\n<\/tr>\n<tr style=\"height: 24px;\">\n<td style=\"width: 10px; text-align: left; vertical-align: top; height: 24px;\">10.<\/td>\n<td style=\"width: 369.667px; text-align: left; vertical-align: top; height: 24px;\">Entsch\u00e4digungsordnung der KZV Berlin (Anlage 5 \/<br \/>\nEntw\u00fcrfe A und B<br \/>\nsowie Gesetzestext &#8222;Einkommensteuergesetz&#8220;)<\/td>\n<\/tr>\n<tr style=\"height: 24px;\">\n<td style=\"width: 10px; text-align: left; vertical-align: top; height: 24px;\">11.<\/td>\n<td style=\"width: 369.667px; text-align: left; vertical-align: top; height: 24px;\">Verschiedenes<\/td>\n<\/tr>\n<\/tbody>\n<\/table>\n<p><span style=\"color: #ffffff;\">.Begr\u00fc\u00dfung, Feststellung Anwesenheit, Totenehrung,<\/span><\/p>\n","protected":false},"excerpt":{"rendered":"<p>Montag, 05. Dezember 2016 um 19:00 Uhr c.t. 24. Vertreterversammlung der Kassenzahn\u00e4rztlichen Vereinigung Berlin im Zahn\u00e4rztehaus der KZV, 10711 Berlin, Georg-Wilhelm-Str. 16 &nbsp; Tagesordnungspunkte 1. Begr\u00fc\u00dfung, Feststellung Anwesenheit, Totenehrung 2 [&#8230;]<\/p>\n","protected":false},"author":13,"featured_media":0,"comment_status":"open","ping_status":"closed","sticky":false,"template":"","format":"standard","meta":{"ngg_post_thumbnail":0,"iawp_total_views":1,"footnotes":""},"categories":[98,97],"tags":[],"class_list":["post-17044","post","type-post","status-publish","format-standard","hentry","category-diaeten-kzv","category-vertreterversammlung-kzv-berlin"],"_links":{"self":[{"href":"https:\/\/iuzb.de\/index.php?rest_route=\/wp\/v2\/posts\/17044","targetHints":{"allow":["GET"]}}],"collection":[{"href":"https:\/\/iuzb.de\/index.php?rest_route=\/wp\/v2\/posts"}],"about":[{"href":"https:\/\/iuzb.de\/index.php?rest_route=\/wp\/v2\/types\/post"}],"author":[{"embeddable":true,"href":"https:\/\/iuzb.de\/index.php?rest_route=\/wp\/v2\/users\/13"}],"replies":[{"embeddable":true,"href":"https:\/\/iuzb.de\/index.php?rest_route=%2Fwp%2Fv2%2Fcomments&post=17044"}],"version-history":[{"count":6,"href":"https:\/\/iuzb.de\/index.php?rest_route=\/wp\/v2\/posts\/17044\/revisions"}],"predecessor-version":[{"id":17060,"href":"https:\/\/iuzb.de\/index.php?rest_route=\/wp\/v2\/posts\/17044\/revisions\/17060"}],"wp:attachment":[{"href":"https:\/\/iuzb.de\/index.php?rest_route=%2Fwp%2Fv2%2Fmedia&parent=17044"}],"wp:term":[{"taxonomy":"category","embeddable":true,"href":"https:\/\/iuzb.de\/index.php?rest_route=%2Fwp%2Fv2%2Fcategories&post=17044"},{"taxonomy":"post_tag","embeddable":true,"href":"https:\/\/iuzb.de\/index.php?rest_route=%2Fwp%2Fv2%2Ftags&post=17044"}],"curies":[{"name":"wp","href":"https:\/\/api.w.org\/{rel}","templated":true}]}}