{"id":16636,"date":"2013-05-06T19:51:33","date_gmt":"2013-05-06T17:51:33","guid":{"rendered":"http:\/\/iuzb.de\/?p=16636"},"modified":"2016-11-23T22:58:00","modified_gmt":"2016-11-23T21:58:00","slug":"rentenversicherung-spiegel-beschaeftigt-sich-auch-wieder-mit-den-versorgungswerken","status":"publish","type":"post","link":"https:\/\/iuzb.de\/?p=16636","title":{"rendered":"Rentenversicherung: Spiegel besch\u00e4ftigt sich (auch) wieder mit den Versorgungswerken"},"content":{"rendered":"<p style=\"text-align: justify;\"><a href=\"http:\/\/www.spiegel.de\/spiegel\/0,1518,ausg-6829,00.html\"><img loading=\"lazy\" decoding=\"async\" class=\"alignright size-full wp-image-16637\" src=\"https:\/\/iuzb.de\/wp-content\/uploads\/2016\/11\/Spiegel-19-2013-Sparen-fuer-spaeter.jpg\" alt=\"spiegel-19-2013-sparen-fuer-spaeter\" width=\"300\" height=\"396\" srcset=\"https:\/\/iuzb.de\/wp-content\/uploads\/2016\/11\/Spiegel-19-2013-Sparen-fuer-spaeter.jpg 300w, https:\/\/iuzb.de\/wp-content\/uploads\/2016\/11\/Spiegel-19-2013-Sparen-fuer-spaeter-227x300.jpg 227w\" sizes=\"auto, (max-width: 300px) 100vw, 300px\" \/><\/a>In der Print-Ausgabe Nr. 19 vom 06.05.2013 besch\u00e4ftigt sich DER SPIEGEL, anl\u00e4sslich der von der Europ\u00e4ischen Zentralbank am 02.05.2013 vorgenommenen Zinssenkung, unter dem Titel<\/p>\n<ul style=\"text-align: justify;\">\n<li>&#8222;Sparen f\u00fcr sp\u00e4ter: Was \u00fcbrig bleibt&#8220; und &#8222;Aus der Traum&#8220;<\/li>\n<\/ul>\n<p style=\"text-align: justify;\">mit den Auswirkungen auf die kapitalgedeckten Rentenversicherungen.<\/p>\n<p style=\"text-align: justify;\">Auf Seite 68 besch\u00e4ftigt sich DER Spiegel unter der \u00dcberschrift<\/p>\n<ul style=\"text-align: justify;\">\n<li>&#8222;In der Zinsfalle&#8220;<\/li>\n<\/ul>\n<p style=\"text-align: justify;\">auch mit berufsst\u00e4ndischen Versorgungswerken. Neues wird dort meiner Ansicht nach nicht mitgeteilt, eher eine Zusammenfassung der schon vor einiger Zeit in der Presse behandelten Problematik.<\/p>\n<p style=\"text-align: justify;\">Aber f\u00fcr alle, die sich f\u00fcr das Thema interessieren, m\u00f6chte ich hiermit auf den Artikel im SPIEGEL hinweisen. Auf SPIEGEL-ONLINE habe ich ihn nicht gefunden.<\/p>\n<p style=\"text-align: justify;\">Ansonsten berichtet DIE WELT <a href=\"http:\/\/www.welt.de\/newsticker\/bloomberg\/article115938546\/EZB-Chef-Draghi-sichert-weitere-Zinssenkungen-zu-wenn-notwendig.html\" target=\"_blank\">heute<\/a>, dass die Entscheidungstr\u00e4ger der Europ\u00e4ischen Zentralbank dazu bereit sind, die Leitzinsen erneut zu senken, falls sich dies als erforderlich erweisen sollte.<\/p>\n","protected":false},"excerpt":{"rendered":"<p>In der Print-Ausgabe Nr. 19 vom 06.05.2013 besch\u00e4ftigt sich DER SPIEGEL, anl\u00e4sslich der von der Europ\u00e4ischen Zentralbank am 02.05.2013 vorgenommenen Zinssenkung, unter dem Titel &#8222;Sparen f\u00fcr sp\u00e4ter: Was \u00fcbrig bleibt&#8220; [&#8230;]<\/p>\n","protected":false},"author":13,"featured_media":0,"comment_status":"open","ping_status":"closed","sticky":false,"template":"","format":"standard","meta":{"ngg_post_thumbnail":0,"iawp_total_views":2,"footnotes":""},"categories":[180],"tags":[],"class_list":["post-16636","post","type-post","status-publish","format-standard","hentry","category-versorgungswerke"],"_links":{"self":[{"href":"https:\/\/iuzb.de\/index.php?rest_route=\/wp\/v2\/posts\/16636","targetHints":{"allow":["GET"]}}],"collection":[{"href":"https:\/\/iuzb.de\/index.php?rest_route=\/wp\/v2\/posts"}],"about":[{"href":"https:\/\/iuzb.de\/index.php?rest_route=\/wp\/v2\/types\/post"}],"author":[{"embeddable":true,"href":"https:\/\/iuzb.de\/index.php?rest_route=\/wp\/v2\/users\/13"}],"replies":[{"embeddable":true,"href":"https:\/\/iuzb.de\/index.php?rest_route=%2Fwp%2Fv2%2Fcomments&post=16636"}],"version-history":[{"count":1,"href":"https:\/\/iuzb.de\/index.php?rest_route=\/wp\/v2\/posts\/16636\/revisions"}],"predecessor-version":[{"id":16638,"href":"https:\/\/iuzb.de\/index.php?rest_route=\/wp\/v2\/posts\/16636\/revisions\/16638"}],"wp:attachment":[{"href":"https:\/\/iuzb.de\/index.php?rest_route=%2Fwp%2Fv2%2Fmedia&parent=16636"}],"wp:term":[{"taxonomy":"category","embeddable":true,"href":"https:\/\/iuzb.de\/index.php?rest_route=%2Fwp%2Fv2%2Fcategories&post=16636"},{"taxonomy":"post_tag","embeddable":true,"href":"https:\/\/iuzb.de\/index.php?rest_route=%2Fwp%2Fv2%2Ftags&post=16636"}],"curies":[{"name":"wp","href":"https:\/\/api.w.org\/{rel}","templated":true}]}}