{"id":16632,"date":"2014-01-15T17:42:57","date_gmt":"2014-01-15T16:42:57","guid":{"rendered":"http:\/\/iuzb.de\/?p=16632"},"modified":"2016-11-23T22:52:26","modified_gmt":"2016-11-23T21:52:26","slug":"landtagskooperation-vertrag-ueber-gemeinsames-versorgungswerk-zwischen-nordrhein-westfalen-und-brandenburg-unterzeichnet","status":"publish","type":"post","link":"https:\/\/iuzb.de\/?p=16632","title":{"rendered":"Landtagskooperation: Vertrag \u00fcber gemeinsames Versorgungswerk zwischen Nordrhein-Westfalen und Brandenburg unterzeichnet"},"content":{"rendered":"<div style=\"width: 420px\" class=\"wp-caption alignnone\"><a href=\"http:\/\/www.landtag.brandenburg.de\/de\/meldungenlandtagskooperation:_vertrag_ueber_gemeinsames_versorgungswerk_zwischen_nordrhein-westfalen_und_brandenburg_unterzeichnet\/634165?_referer=396519\" target=\"_blank\"><img loading=\"lazy\" decoding=\"async\" src=\"http:\/\/www.landtag.brandenburg.de\/media_fast\/5716\/thumbnails\/IMG_7610.JPG.16013822.JPG\" alt=\"\" width=\"410\" height=\"273\" \/><\/a><p class=\"wp-caption-text\"><span style=\"font-size: 8pt;\">Pr\u00e4sidentin des Landtages Nordrhein-Westfalen Carina G\u00f6decke und Landtagspr\u00e4sident Gunter Frisch unterzeichnen den Vertrag \u00fcber gemeinsames Versorgungswerk.<\/span><\/p><\/div>\n<blockquote><p>&#8222;Der Vertrag regelt die angemessene Vertretung der aktiven und ehemaligen Abgeordneten beider Landtage in den Selbstverwaltungsorganen des Versorgungswerks (Vorsitzende\/r des Vorstands, Vorstand und Vertreterversammlung). Entsprechend den Mitgliederzahlen beider Landtage sind die Brandenburger Mitglieder mit rund einem Drittel in den Organen vertreten; zugunsten der kleineren Gruppe der Brandenburger werden im Vertrag zudem spezielle, die Minderheit sch\u00fctzende Vorkehrungen getroffen. Der Sitz des Versorgungswerks ebenso wie die staatliche Aufsicht verbleiben in Nordrhein-Westfalen, letztere unter Beteiligung der brandenburgischen Versicherungsaufsicht.&#8220;<\/p><\/blockquote>\n<p>Kommentar: Solange Landesparlamente eigene Versorgungswerke unterhalten, werden auch keine berufsst\u00e4ndischen Versorgungswerke aufgel\u00f6st.<\/p>\n","protected":false},"excerpt":{"rendered":"<p>&#8222;Der Vertrag regelt die angemessene Vertretung der aktiven und ehemaligen Abgeordneten beider Landtage in den Selbstverwaltungsorganen des Versorgungswerks (Vorsitzende\/r des Vorstands, Vorstand und Vertreterversammlung). Entsprechend den Mitgliederzahlen beider Landtage sind [&#8230;]<\/p>\n","protected":false},"author":13,"featured_media":0,"comment_status":"closed","ping_status":"closed","sticky":false,"template":"","format":"standard","meta":{"ngg_post_thumbnail":0,"iawp_total_views":1,"footnotes":""},"categories":[180],"tags":[],"class_list":["post-16632","post","type-post","status-publish","format-standard","hentry","category-versorgungswerke"],"_links":{"self":[{"href":"https:\/\/iuzb.de\/index.php?rest_route=\/wp\/v2\/posts\/16632","targetHints":{"allow":["GET"]}}],"collection":[{"href":"https:\/\/iuzb.de\/index.php?rest_route=\/wp\/v2\/posts"}],"about":[{"href":"https:\/\/iuzb.de\/index.php?rest_route=\/wp\/v2\/types\/post"}],"author":[{"embeddable":true,"href":"https:\/\/iuzb.de\/index.php?rest_route=\/wp\/v2\/users\/13"}],"replies":[{"embeddable":true,"href":"https:\/\/iuzb.de\/index.php?rest_route=%2Fwp%2Fv2%2Fcomments&post=16632"}],"version-history":[{"count":1,"href":"https:\/\/iuzb.de\/index.php?rest_route=\/wp\/v2\/posts\/16632\/revisions"}],"predecessor-version":[{"id":16633,"href":"https:\/\/iuzb.de\/index.php?rest_route=\/wp\/v2\/posts\/16632\/revisions\/16633"}],"wp:attachment":[{"href":"https:\/\/iuzb.de\/index.php?rest_route=%2Fwp%2Fv2%2Fmedia&parent=16632"}],"wp:term":[{"taxonomy":"category","embeddable":true,"href":"https:\/\/iuzb.de\/index.php?rest_route=%2Fwp%2Fv2%2Fcategories&post=16632"},{"taxonomy":"post_tag","embeddable":true,"href":"https:\/\/iuzb.de\/index.php?rest_route=%2Fwp%2Fv2%2Ftags&post=16632"}],"curies":[{"name":"wp","href":"https:\/\/api.w.org\/{rel}","templated":true}]}}