{"id":16085,"date":"2016-11-18T13:29:43","date_gmt":"2016-11-18T12:29:43","guid":{"rendered":"http:\/\/iuzb.de\/?p=16085"},"modified":"2017-04-09T11:52:11","modified_gmt":"2017-04-09T09:52:11","slug":"kammerwahl-gemeinsame-erklaerung-der-wahllisten-fraktion-gesundheit-und-daz-und-iuzb","status":"publish","type":"post","link":"https:\/\/iuzb.de\/?p=16085","title":{"rendered":"Kammerwahl: Gemeinsame Erkl\u00e4rung der Wahllisten Fraktion Gesundheit und DAZ und IUZB gegen\u00fcber dem Kammerpr\u00e4sidenten"},"content":{"rendered":"<p><a href=\"https:\/\/iuzb.de\/wp-content\/uploads\/2016\/11\/2016-11-18-Schreiben-an-Dr.-Schmiedel-Erkl%C3%A4rung-DAZ-FG-IUZB.pdf\" target=\"_blank\"><img loading=\"lazy\" decoding=\"async\" class=\"alignnone size-full wp-image-16087\" src=\"https:\/\/iuzb.de\/wp-content\/uploads\/2016\/11\/2016-11-18-Schreiben-an-Dr.-Schmiedel-Erkl\u00e4rung-DAZ-FG-IUZB-Bild.jpg\" alt=\"2016-11-18-schreiben-an-dr-schmiedel-erklaerung-daz-fg-iuzb-bild\" width=\"791\" height=\"1065\" srcset=\"https:\/\/iuzb.de\/wp-content\/uploads\/2016\/11\/2016-11-18-Schreiben-an-Dr.-Schmiedel-Erkl\u00e4rung-DAZ-FG-IUZB-Bild.jpg 791w, https:\/\/iuzb.de\/wp-content\/uploads\/2016\/11\/2016-11-18-Schreiben-an-Dr.-Schmiedel-Erkl\u00e4rung-DAZ-FG-IUZB-Bild-223x300.jpg 223w, https:\/\/iuzb.de\/wp-content\/uploads\/2016\/11\/2016-11-18-Schreiben-an-Dr.-Schmiedel-Erkl\u00e4rung-DAZ-FG-IUZB-Bild-768x1034.jpg 768w, https:\/\/iuzb.de\/wp-content\/uploads\/2016\/11\/2016-11-18-Schreiben-an-Dr.-Schmiedel-Erkl\u00e4rung-DAZ-FG-IUZB-Bild-761x1024.jpg 761w\" sizes=\"auto, (max-width: 791px) 100vw, 791px\" \/><\/a><\/p>\n<p><a href=\"https:\/\/iuzb.de\/wp-content\/uploads\/2016\/11\/2016-11-18-Schreiben-an-Dr.-Schmiedel-Erkl\u00e4rung-DAZ-FG-IUZB.pdf\" target=\"_blank\">Weiterlesenen<\/a><\/p>\n<p>&nbsp;<\/p>\n","protected":false},"excerpt":{"rendered":"<p>Weiterlesenen &nbsp;<\/p>\n","protected":false},"author":13,"featured_media":0,"comment_status":"open","ping_status":"closed","sticky":false,"template":"","format":"standard","meta":{"ngg_post_thumbnail":0,"iawp_total_views":1,"footnotes":""},"categories":[63,95],"tags":[],"class_list":["post-16085","post","type-post","status-publish","format-standard","hentry","category-kammerwahl-2016","category-vdzvb"],"_links":{"self":[{"href":"https:\/\/iuzb.de\/index.php?rest_route=\/wp\/v2\/posts\/16085","targetHints":{"allow":["GET"]}}],"collection":[{"href":"https:\/\/iuzb.de\/index.php?rest_route=\/wp\/v2\/posts"}],"about":[{"href":"https:\/\/iuzb.de\/index.php?rest_route=\/wp\/v2\/types\/post"}],"author":[{"embeddable":true,"href":"https:\/\/iuzb.de\/index.php?rest_route=\/wp\/v2\/users\/13"}],"replies":[{"embeddable":true,"href":"https:\/\/iuzb.de\/index.php?rest_route=%2Fwp%2Fv2%2Fcomments&post=16085"}],"version-history":[{"count":7,"href":"https:\/\/iuzb.de\/index.php?rest_route=\/wp\/v2\/posts\/16085\/revisions"}],"predecessor-version":[{"id":16094,"href":"https:\/\/iuzb.de\/index.php?rest_route=\/wp\/v2\/posts\/16085\/revisions\/16094"}],"wp:attachment":[{"href":"https:\/\/iuzb.de\/index.php?rest_route=%2Fwp%2Fv2%2Fmedia&parent=16085"}],"wp:term":[{"taxonomy":"category","embeddable":true,"href":"https:\/\/iuzb.de\/index.php?rest_route=%2Fwp%2Fv2%2Fcategories&post=16085"},{"taxonomy":"post_tag","embeddable":true,"href":"https:\/\/iuzb.de\/index.php?rest_route=%2Fwp%2Fv2%2Ftags&post=16085"}],"curies":[{"name":"wp","href":"https:\/\/api.w.org\/{rel}","templated":true}]}}