{"id":1586,"date":"2010-06-24T00:05:00","date_gmt":"2010-06-23T22:05:00","guid":{"rendered":"http:\/\/www.iuzb.org\/wordpress\/?p=1586"},"modified":"2016-12-01T08:56:21","modified_gmt":"2016-12-01T07:56:21","slug":"einfach-nur-peinlich","status":"publish","type":"post","link":"https:\/\/iuzb.de\/?p=1586","title":{"rendered":"Einfach nur peinlich&#8230;.."},"content":{"rendered":"<p><em>Von Dr. Lutz-Stephan Wei\u00df<\/em><\/p>\n<p style=\"text-align: justify;\">Wir m\u00fcssen ehrlich zugeben, wir stehen manchen \u201eArtikeln\u201c recht fassungslos gegen\u00fcber.<\/p>\n<ul style=\"text-align: justify;\">\n<li>Auf der einen Seite sind diese derart &#8222;wirr&#8220; das man sich wirklich fragen muss, welch armen Geist diese wohl entsprungen sein m\u00f6gen?<\/li>\n<li>Auf der anderen Seite gibt sich der Verfasser einer aktuellen Ver\u00f6ffentlichung wenigstens zu erkennen &#8211; es ist der Vorsitzende des Verbandes der Zahn\u00e4rzte von Berlin. Der oberste Vertreter des m\u00f6glicherweise noch immer mitgliederst\u00e4rksten zahn\u00e4rztlichen Vereins in Berlin. Mithin also auch, dass muss fairerweise einger\u00e4umt werden, noch immer eine \u201eAdresse\u201c in der berufspolitischen Landschaft Berlins. Allerdings mittlerweile eine im Niveau immer weiter absinkende.<\/li>\n<li>Auf der einen Seite kann man solche \u201eArtikel\u201c eigentlich nur als \u201epeinlich\u201c bezeichnen, weniger f\u00fcr uns, als dem anvisierten Opfer, als vielmehr f\u00fcr diesen Verein. Macht sich denn dort niemand die M\u00fche und liest diese Texte gegen, damit diese pseudoliterarischen Tiraden den Verband in der \u00d6ffentlichkeit nicht v\u00f6llig blamieren?<\/li>\n<li>Auf der anderen Seite ist es unsere Aufgabe als st\u00e4rkste Oppositionskraft mit diesem Verband um die Verantwortung in unseren drei Selbstverwaltungsk\u00f6rperschaften zu konkurrieren und wir wollen uns mit ihm nat\u00fcrlich auch argumentativ auseinandersetzten. Wenn aber das Niveau derart unterirdisch ist und die wirre Flut von inhaltsleeren Progagandafloskeln derart stark ist, kann man eigentlich nur in ruhiger Gelassenheit verharren und hoffen, dass viele Berufskolleginnen und -kollegen diese Texte lesen, sich ihre eigene besonnene Meinung dazu bilden und sich bei der KZV-Wahl im September 2010 von diesem Verband abwenden.<\/li>\n<\/ul>\n<p style=\"text-align: justify;\">Bitte lesen Sie hier weiter (beispielhaft und ohne Anspruch auf Vollst\u00e4ndigkeit), von welch wirren Gedanken die <a href=\"http:\/\/www.zahnaerzteverband-berlin.de\/dv.php\" target=\"_blank\">Leitungsebene<\/a> dieses Vereins geleitet wird:<\/p>\n<ul style=\"text-align: justify;\">\n<li>&#8222;<a href=\"http:\/\/www.zahnaerzteverband-berlin.de\/aktuelles.php?id=80\" target=\"_blank\">Schwarzes im Kanal und Stroh im Kopf<\/a>&#8222;<\/li>\n<li>&#8222;<a href=\"http:\/\/www.zahnaerzteverband-berlin.de\/aktuelles.php?id=74\" target=\"_blank\">Hei\u00dfe Luft in kalten Schl\u00e4uchen<\/a>&#8222;<\/li>\n<\/ul>\n<p style=\"text-align: justify;\">Mal ehrlich &#8211; sagen nicht schon allein die beiden \u00dcberschriften alles aus?<\/p>\n<p style=\"text-align: justify;\">Bitte entscheiden Sie, ob Sie diese \u201eKollegen\u201c f\u00fcr geeignet halten, die Geschicke unserer Kassenzahn\u00e4rztlichen Vereinigung in den n\u00e4chsten sechs Jahren zu bestimmen.<\/p>\n<p style=\"text-align: justify;\"><span style=\"color: white;\">.<\/span><\/p>\n<p><strong>IUZB \/ GpZ<\/strong> \u2013 die Alternative!<\/p>\n","protected":false},"excerpt":{"rendered":"<p>Von Dr. Lutz-Stephan Wei\u00df Wir m\u00fcssen ehrlich zugeben, wir stehen manchen \u201eArtikeln\u201c recht fassungslos gegen\u00fcber. Auf der einen Seite sind diese derart &#8222;wirr&#8220; das man sich wirklich fragen muss, welch [&#8230;]<\/p>\n","protected":false},"author":13,"featured_media":0,"comment_status":"closed","ping_status":"closed","sticky":false,"template":"","format":"standard","meta":{"ngg_post_thumbnail":0,"iawp_total_views":1,"footnotes":""},"categories":[45,95,47,46],"tags":[],"class_list":["post-1586","post","type-post","status-publish","format-standard","hentry","category-kzv-berlin","category-vdzvb","category-versorgungswerk-vzb","category-zahnaerztekammer-berlin"],"_links":{"self":[{"href":"https:\/\/iuzb.de\/index.php?rest_route=\/wp\/v2\/posts\/1586","targetHints":{"allow":["GET"]}}],"collection":[{"href":"https:\/\/iuzb.de\/index.php?rest_route=\/wp\/v2\/posts"}],"about":[{"href":"https:\/\/iuzb.de\/index.php?rest_route=\/wp\/v2\/types\/post"}],"author":[{"embeddable":true,"href":"https:\/\/iuzb.de\/index.php?rest_route=\/wp\/v2\/users\/13"}],"replies":[{"embeddable":true,"href":"https:\/\/iuzb.de\/index.php?rest_route=%2Fwp%2Fv2%2Fcomments&post=1586"}],"version-history":[{"count":2,"href":"https:\/\/iuzb.de\/index.php?rest_route=\/wp\/v2\/posts\/1586\/revisions"}],"predecessor-version":[{"id":17345,"href":"https:\/\/iuzb.de\/index.php?rest_route=\/wp\/v2\/posts\/1586\/revisions\/17345"}],"wp:attachment":[{"href":"https:\/\/iuzb.de\/index.php?rest_route=%2Fwp%2Fv2%2Fmedia&parent=1586"}],"wp:term":[{"taxonomy":"category","embeddable":true,"href":"https:\/\/iuzb.de\/index.php?rest_route=%2Fwp%2Fv2%2Fcategories&post=1586"},{"taxonomy":"post_tag","embeddable":true,"href":"https:\/\/iuzb.de\/index.php?rest_route=%2Fwp%2Fv2%2Ftags&post=1586"}],"curies":[{"name":"wp","href":"https:\/\/api.w.org\/{rel}","templated":true}]}}