{"id":1527,"date":"2010-06-22T10:46:32","date_gmt":"2010-06-22T08:46:32","guid":{"rendered":"http:\/\/www.iuzb.org\/wordpress\/?p=1527"},"modified":"2016-12-09T17:01:52","modified_gmt":"2016-12-09T16:01:52","slug":"nein-ich-habe-noch-nichts-vom-versorgungswerk-gehort","status":"publish","type":"post","link":"https:\/\/iuzb.de\/?p=1527","title":{"rendered":"Nein, ich habe noch nichts vom Versorgungswerk geh\u00f6rt!"},"content":{"rendered":"<p>An<br \/>\nVersorgungswerk der<br \/>\nZahn\u00e4rztekammer Berlin (VZB)<br \/>\nReinbabenallee 12<br \/>\n14199 Berlin<br \/>\nPer eMail an <a href=\"mailto:info@vzberlin.org\">info@vzberlin.org<\/a><\/p>\n<p><span style=\"color: white;\">.<\/span><\/p>\n<p><strong>Nein, ich habe noch nichts vom Versorgungswerk geh\u00f6rt!<br \/>\nAber f\u00fcr wen arbeitet eigentlich der Direktor?<\/strong><\/p>\n<p><span style=\"color: white;\">.<\/span><\/p>\n<p>Sehr geehrter Herr <a href=\"http:\/\/www.vzberlin.org\/_DasVZB\/Ansprechpartner\/VA.htm\" target=\"_blank\">Essink<\/a>,<br \/>\nsehr geehrter Herr Direktor Wohltmann,<\/p>\n<p style=\"text-align: justify;\">bis zum heutigen Tag haben Sie meine offenen Briefe<\/p>\n<ol style=\"text-align: justify;\">\n<li>&#8222;Wie geht\u00b4s uns denn so&#8220; vom <a href=\"https:\/\/iuzb.de\/?p=1088\" target=\"_blank\">10.12.2009<\/a> und<\/li>\n<li>&#8222;Wenn der Postmann zum zweiten Mal klingelt&#8220; vom <a href=\"https:\/\/iuzb.de\/?p=1198\" target=\"_blank\">16.02.2010<\/a><\/li>\n<\/ol>\n<p style=\"text-align: justify;\">leider nicht beantwortet. Ich hoffe nur, dass dies nicht Beleg Ihrer \u00fcblichen Umgangsformen gegen\u00fcber der Mitgliederschaft unseres Versorgungswerkes ist.<\/p>\n<p style=\"text-align: justify;\">In der aktuellen Ausgabe der MBZ hat Herr Wohltmann unter dem Titel &#8222;<em><strong>Haben Sie das vom VZB geh\u00f6rt?&#8220;<\/strong><\/em> einen langen Artikel geschrieben und ich kann Ihnen darauf antworten: Nein, ich habe noch nichts vom Versorgungswerk geh\u00f6rt.<\/p>\n<p style=\"text-align: justify;\">Aber zwischenzeitlich gibt es leider weitere Fragen an Ihre Gesch\u00e4ftsf\u00fchrung. Diese ergeben sich, nachdem ich als Zuh\u00f6rer bei einer Verhandlung vor dem Berliner Verwaltungsgericht anwesend war, in welcher das Versorgungswerk involviert ist:<\/p>\n<ol style=\"text-align: justify;\">\n<li>Ist es zutreffend, dass in der Vertreterversammlung vom <a href=\"https:\/\/iuzb.de\/wp-content\/uploads\/2010\/06\/VZB_Auszug_Protokoll_4._VV_vom_12.12.2007-1.pdf\" target=\"_blank\">12.12.2007<\/a> die neue Satzung des Versorgungswerk, die am 01.01.2008 in Kraft getreten ist, nicht in namentlicher Abstimmung erfolgte, obwohl zuvor auf Antrag des Aufsichts- und Verwaltungsausschuss in der vorangegangenen Sitzung der Vertreterversammlung, vom <a href=\"https:\/\/iuzb.de\/wp-content\/uploads\/2010\/06\/VZB_Auszug_Protokoll_3._VV_vom_10.11.2007.pdf\" target=\"_blank\">10.11.2007<\/a> die namentliche Abstimmung beschlossen wurde?<\/li>\n<li>Ist der Satzungsbeschluss dadurch rechtswidrig?<\/li>\n<li>Wer tr\u00e4gt f\u00fcr diese Panne die Verantwortung und wer haftet f\u00fcr den m\u00f6glichen Schaden?<\/li>\n<li>Wieso, sehr geehrter Herr Wohltmann, erschien Ihr oben genannter Artikel eigentlich zuerst in der Mai-Ausgabe der <a href=\"https:\/\/iuzb.de\/wp-content\/uploads\/2010\/06\/BZZ_Mai_2010_Auszug_Artikel_Wohltmann.pdf\" target=\"_blank\">Mitgliederzeitung<\/a> des Verbandes der Zahn\u00e4rzte von Berlin und erst dann in der Juni-Ausgabe der <a href=\"http:\/\/www.kzv-berlin.de\/cms\/download\/mbz\/MBZ_06_2010.pdf\" target=\"_blank\">MBZ<\/a> und<\/li>\n<li>warum bekamen nicht alle Berliner Verb\u00e4nde, so also auch wir, die M\u00f6glichkeit Ihren Artikel zu verbreiten?<\/li>\n<\/ol>\n<p style=\"text-align: justify;\">Es w\u00e4re w\u00fcnschenswert, dass Sie nun endlich bis zum <u>06. Juli 2010<\/u> meine alten und neuen Fragen beantworten, um auch so das derzeit suboptimale Image unseres Versorgungswerkes signifikant zu verbessern.<\/p>\n<p style=\"text-align: justify;\">Transparenz hei\u00dft das Zauberwort!<\/p>\n<p style=\"text-align: justify;\">Mit freundlichen Gr\u00fc\u00dfen<\/p>\n<p><strong>gez. Gerhard Gneist<br \/>\n<\/strong>Delegierter der Zahn\u00e4rztekammer Berlin<br \/>\n1. Vorsitzender IUZB e. V.<\/p>\n<p>&nbsp;<\/p>\n<p>&nbsp;<\/p>\n<p><u>In diesem Zusammenhang:<\/u><\/p>\n<ul>\n<li>BUZ 21.06.2010: &#8222;Aus der Traumfabrik oder: Traumfabrik vor dem Aus&#8220; &#8211; <a href=\"http:\/\/www.drdohmeier.de\/?p=1829\" target=\"_blank\">lesen<\/a><\/li>\n<\/ul>\n","protected":false},"excerpt":{"rendered":"<p>An Versorgungswerk der Zahn\u00e4rztekammer Berlin (VZB) Reinbabenallee 12 14199 Berlin Per eMail an info@vzberlin.org . Nein, ich habe noch nichts vom Versorgungswerk geh\u00f6rt! Aber f\u00fcr wen arbeitet eigentlich der Direktor? [&#8230;]<\/p>\n","protected":false},"author":13,"featured_media":0,"comment_status":"closed","ping_status":"closed","sticky":false,"template":"","format":"standard","meta":{"ngg_post_thumbnail":0,"iawp_total_views":2,"footnotes":""},"categories":[118],"tags":[],"class_list":["post-1527","post","type-post","status-publish","format-standard","hentry","category-sonderpruefung"],"_links":{"self":[{"href":"https:\/\/iuzb.de\/index.php?rest_route=\/wp\/v2\/posts\/1527","targetHints":{"allow":["GET"]}}],"collection":[{"href":"https:\/\/iuzb.de\/index.php?rest_route=\/wp\/v2\/posts"}],"about":[{"href":"https:\/\/iuzb.de\/index.php?rest_route=\/wp\/v2\/types\/post"}],"author":[{"embeddable":true,"href":"https:\/\/iuzb.de\/index.php?rest_route=\/wp\/v2\/users\/13"}],"replies":[{"embeddable":true,"href":"https:\/\/iuzb.de\/index.php?rest_route=%2Fwp%2Fv2%2Fcomments&post=1527"}],"version-history":[{"count":7,"href":"https:\/\/iuzb.de\/index.php?rest_route=\/wp\/v2\/posts\/1527\/revisions"}],"predecessor-version":[{"id":18178,"href":"https:\/\/iuzb.de\/index.php?rest_route=\/wp\/v2\/posts\/1527\/revisions\/18178"}],"wp:attachment":[{"href":"https:\/\/iuzb.de\/index.php?rest_route=%2Fwp%2Fv2%2Fmedia&parent=1527"}],"wp:term":[{"taxonomy":"category","embeddable":true,"href":"https:\/\/iuzb.de\/index.php?rest_route=%2Fwp%2Fv2%2Fcategories&post=1527"},{"taxonomy":"post_tag","embeddable":true,"href":"https:\/\/iuzb.de\/index.php?rest_route=%2Fwp%2Fv2%2Ftags&post=1527"}],"curies":[{"name":"wp","href":"https:\/\/api.w.org\/{rel}","templated":true}]}}