{"id":1512,"date":"2010-06-17T02:03:45","date_gmt":"2010-06-17T00:03:45","guid":{"rendered":"http:\/\/www.iuzb.org\/wordpress\/?p=1512"},"modified":"2023-04-02T11:31:26","modified_gmt":"2023-04-02T09:31:26","slug":"iuzb-vorstand-im-amt-bestatigt","status":"publish","type":"post","link":"https:\/\/iuzb.de\/?p=1512","title":{"rendered":"IUZB-Vorstand im Amt best\u00e4tigt"},"content":{"rendered":"<p>Die Mitgliederversammlung der IUZB hat am 15. Juni 2010 anl\u00e4sslich einer turnusgem\u00e4\u00dfen Wahl den bisherigen Vereinsvorstand einstimmig im Amt best\u00e4tigt und au\u00dferdem zwei Vereinsmitglieder als Beisitzer neu in den Vorstand berufen.<\/p>\n<p>Unser Vorstand setzt sich mit folgender Aufgabenverteilung nunmehr wie folgt zusammen:<\/p>\n<ul>\n<li><strong>Gerhard Gneist<\/strong>\n<ul>\n<li>1. Vorsitzender (unver\u00e4ndert)<\/li>\n<\/ul>\n<\/li>\n<li><strong>Karola Hein<\/strong>\n<ul>\n<li>2. Vorsitzende und Schatzmeisterin (unver\u00e4ndert)<\/li>\n<\/ul>\n<\/li>\n<li><strong>Dr. Peter Zemlin<\/strong>\n<ul>\n<li>Schriftf\u00fchrer (unver\u00e4ndert)<\/li>\n<\/ul>\n<\/li>\n<li><strong>Frank Bloch<\/strong>\n<ul>\n<li>Beisitzer (unver\u00e4ndert)<\/li>\n<\/ul>\n<\/li>\n<li><strong>Erich Mei\u00dfner<\/strong>\n<ul>\n<li>Beisitzer (neu)<\/li>\n<\/ul>\n<\/li>\n<li><strong>Dr. Lutz-Stephan Wei\u00df<\/strong>\n<ul>\n<li>Beisitzer (neu)<\/li>\n<\/ul>\n<\/li>\n<\/ul>\n<p><span style=\"color: white;\">.<\/span><\/p>\n<p><span style=\"color: white;\">.<\/span><\/p>\n","protected":false},"excerpt":{"rendered":"<p>Die Mitgliederversammlung der IUZB hat am 15. Juni 2010 anl\u00e4sslich einer turnusgem\u00e4\u00dfen Wahl den bisherigen Vereinsvorstand einstimmig im Amt best\u00e4tigt und au\u00dferdem zwei Vereinsmitglieder als Beisitzer neu in den Vorstand [&#8230;]<\/p>\n","protected":false},"author":13,"featured_media":0,"comment_status":"closed","ping_status":"closed","sticky":false,"template":"","format":"standard","meta":{"ngg_post_thumbnail":0,"iawp_total_views":0,"footnotes":""},"categories":[48],"tags":[],"class_list":["post-1512","post","type-post","status-publish","format-standard","hentry","category-iuzb"],"_links":{"self":[{"href":"https:\/\/iuzb.de\/index.php?rest_route=\/wp\/v2\/posts\/1512","targetHints":{"allow":["GET"]}}],"collection":[{"href":"https:\/\/iuzb.de\/index.php?rest_route=\/wp\/v2\/posts"}],"about":[{"href":"https:\/\/iuzb.de\/index.php?rest_route=\/wp\/v2\/types\/post"}],"author":[{"embeddable":true,"href":"https:\/\/iuzb.de\/index.php?rest_route=\/wp\/v2\/users\/13"}],"replies":[{"embeddable":true,"href":"https:\/\/iuzb.de\/index.php?rest_route=%2Fwp%2Fv2%2Fcomments&post=1512"}],"version-history":[{"count":3,"href":"https:\/\/iuzb.de\/index.php?rest_route=\/wp\/v2\/posts\/1512\/revisions"}],"predecessor-version":[{"id":41808,"href":"https:\/\/iuzb.de\/index.php?rest_route=\/wp\/v2\/posts\/1512\/revisions\/41808"}],"wp:attachment":[{"href":"https:\/\/iuzb.de\/index.php?rest_route=%2Fwp%2Fv2%2Fmedia&parent=1512"}],"wp:term":[{"taxonomy":"category","embeddable":true,"href":"https:\/\/iuzb.de\/index.php?rest_route=%2Fwp%2Fv2%2Fcategories&post=1512"},{"taxonomy":"post_tag","embeddable":true,"href":"https:\/\/iuzb.de\/index.php?rest_route=%2Fwp%2Fv2%2Ftags&post=1512"}],"curies":[{"name":"wp","href":"https:\/\/api.w.org\/{rel}","templated":true}]}}