{"id":15059,"date":"2016-06-19T15:23:38","date_gmt":"2016-06-19T13:23:38","guid":{"rendered":"http:\/\/www.iuzb.org\/wordpress\/?p=14357"},"modified":"2016-11-12T19:05:46","modified_gmt":"2016-11-12T18:05:46","slug":"zur-frage-ob-ehrenamtliche-aufwandsentschaedigungen-in-selbstverwaltungskoerperschaften-der-sozialversicherungspflicht-unterliegen","status":"publish","type":"post","link":"https:\/\/iuzb.de\/?p=15059","title":{"rendered":"Zur Frage, ob ehrenamtliche Aufwandsentsch\u00e4digungen in Selbstverwaltungsk\u00f6rperschaften der Sozialversicherungspflicht unterliegen?"},"content":{"rendered":"<p style=\"text-align: justify;\">Das Schleswig-Holsteinische Landessozialgericht hat mit Urteil vom 25.06.201<span style=\"text-decoration: underline;\">5<\/span> (<a href=\"http:\/\/www.schleswig-holstein.de\/DE\/Justiz\/LSG\/Service\/Entscheidungen\/SGBV\/5_KR_125_13.pdf?__blob=publicationFile&amp;v=1\" target=\"_blank\">Az L 5 KR 125\/13<\/a>) entschieden, dass die &#8222;Aufwandsentsch\u00e4digungen&#8220;, welche die <a href=\"http:\/\/www.handwerk-mittelholstein.de\/herzlich-willkommen\/\" target=\"_blank\">Kreishandwerkerschaft Mittelholstein<\/a> ihren Kreishandwerkermeister (Vorstandsvorsitzenden) in den Jahren von 2006 &#8211; 2009 gezahlt hat, der Sozialversicherungspflicht unterliegen.<\/p>\n<p style=\"text-align: justify;\">Das Landessozialgericht stufte hierbei den Vorstandsvorsitzenden im sozialversicherungsrechtlichen Sinne als nichtselbstst\u00e4ndig Besch\u00e4ftigten ein, weil<\/p>\n<ul style=\"text-align: justify;\">\n<li style=\"text-align: justify;\">er auch als Vorstandsvorsitzender als Teil des Organs \u201eVorstand\u201c hinsichtlich der Erf\u00fcllung der gesetzlichen und satzungsm\u00e4\u00dfigen Aufgaben selbst einer (Rechts-)Aufsicht unterliegt, in diesem Fall durch die \u00fcbergeordnete Handwerkskammer und durch die Mitgliederversammlung und er<\/li>\n<li style=\"text-align: justify;\">\u00fcber die reinen Aufgaben als Repr\u00e4sentationstr\u00e4ger hinaus eine ganze Reihe weiterer regul\u00e4rer und f\u00fcr ein derartiges Amt \u00fcblichen Aufgaben aus\u00fcbt und welche als Verwaltungst\u00e4tigkeiten zu qualifizieren sind.<\/li>\n<\/ul>\n<p style=\"text-align: justify;\">Das Landessozialgericht f\u00fchrt weiterhin aus, dass sich der Senat der Rechtsprechung des Bundessozialgerichts (vgl. Urteil vom 27. Januar 2010 \u2013 <a href=\"http:\/\/juris.bundessozialgericht.de\/cgi-bin\/rechtsprechung\/document.py?Gericht=bsg&amp;Art=en&amp;sid=45c88cc7f440d2fa066cbd599227303c&amp;nr=11459&amp;pos=0&amp;anz=1\" target=\"_blank\">B 12 KR 3\/09 R<\/a> \u2013 m.w.N.) anschlie\u00dft, wonach auch Tr\u00e4ger eines Ehrenamtes im kommunalen Bereich grunds\u00e4tzlich in einer abh\u00e4ngigen Besch\u00e4ftigung im Sinne von \u00a7 7 Abs. 1 SGB IV stehen, wenn sie \u00fcber Repr\u00e4sentationsfunktionen hinaus dem allgemeinen Erwerbsleben zug\u00e4ngliche Verwaltungsaufgaben wahrnehmen und hierf\u00fcr eine den tats\u00e4chlichen Aufwand \u00fcbersteigende pauschale Aufwandsentsch\u00e4digung erhalten. Weder deren \u2013 kommunalrechtliche \u2013 Rechtstellung als Organ oder Mitglied eines Organs einer (Gebiets-)K\u00f6rperschaft des \u00f6ffentlichen Rechts noch die Zahlung einer pauschalen Aufwandsentsch\u00e4digung ohne Bezug zu einem konkreten Verdienstausfall schlie\u00dfen danach die Annahme einer versicherungspflichtigen und beitragspflichtigen Besch\u00e4ftigung aus.<\/p>\n<p style=\"text-align: justify;\">Die Rechtsstellung der betroffenen Kreishandwerkerschaft als K\u00f6rperschaft des \u00f6ffentlichen Rechts und deren Aufbau entspricht dem von anderen Selbstverwaltungsk\u00f6rperschaften.<\/p>\n<p style=\"text-align: justify;\">Der Bundesverband f\u00fcr freie Kammern e.V. hat am <a href=\"https:\/\/www.bffk.de\/aktuelles\/archiv\/2015\/aufwandsentschaedigungen-werden-noch-teurer-urteil-des-landessozialgerichtes.html\" target=\"_blank\">30.09.2015<\/a> darauf hingewiesen, dass das Urteil &#8222;nach Meinungen von Experten auf die Kammerorganisation vollst\u00e4ndig \u00fcbertragbar&#8220; ist und nun erhebliche Nachforderungen der Sozialkassen drohen k\u00f6nnten. In einem auf dem <a href=\"http:\/\/www.kammerrecht.de\/veranstaltungen\/kammerrechtstag\/2015\/\" target=\"_blank\">Kammerrechtstag<\/a> Ende September 2015 gehaltenden <a href=\"http:\/\/www.kammerrecht.de\/media\/veranstaltungen\/kammerrechtstag\/2015\/breidenbach\/praeentation_breidenbach.pdf\" target=\"_blank\">Vortrag<\/a> gelangte der Referent Herr Rechtsanwalt <a href=\"http:\/\/rechtsanwaelte.floether-wissing.de\/anwalt\/items\/breidenbach.html\" target=\"_blank\">Dr. Wolfgang Breidenbach<\/a> zu dem <strong>Fazit<\/strong>:<\/p>\n<blockquote>\n<p style=\"text-align: justify;\">Nur eine Klarstellung durch den Gesetzgeber wird die gew\u00fcnschte Rechtssicherheit bringen; bis dahin sollte versucht werden, eine Entscheidung des BSG \u2013 ggf. \u00fcber eine <a href=\"https:\/\/de.wikipedia.org\/wiki\/Sprungrevision\" target=\"_blank\">Sprungrevision<\/a> \u2013 zum Ehrenamt in der funkionalen Selbstverwaltung zu erreichen.<\/p>\n<\/blockquote>\n<p>Au\u00dferdem spricht er die Empfehlung aus, dass die Kammern die Initaitive ergreifen und ein \u201e<a href=\"http:\/\/www.clearingstelle.de\/sozialversicherung-bei-beitragsrueckforderung-verjaehrungsfristen-beachten.html\" target=\"_blank\">Clearingverfahren<\/a>\u201c einleiten sollten.<\/p>\n<p style=\"text-align: justify;\"><span style=\"color: #ffffff;\">.<\/span><\/p>\n<table style=\"width: 664px; height: 450px;\">\n<tbody>\n<tr style=\"height: 32px; border-color: #000000;\">\n<td style=\"width: 202.4px; height: 32px; border-color: #000000; vertical-align: top;\" colspan=\"2\"><span style=\"text-decoration: underline;\"><strong>Rechtsquellen:<\/strong><\/span><\/td>\n<\/tr>\n<tr style=\"height: 32px; border-color: #000000;\">\n<td style=\"width: 202.4px; height: 32px; border-color: #000000; vertical-align: top; text-align: justify;\"><a href=\"http:\/\/www.sozialgesetzbuch-sgb.de\/sgbiv\/28p.html\" target=\"_blank\">\u00a7 28p<\/a> Abs. 1 Satz 5 SGB IV<\/td>\n<td style=\"width: 202.4px; height: 32px; border-color: #000000; vertical-align: top; text-align: justify;\">Die Tr\u00e4ger der Rentenversicherung pr\u00fcfen bei den Arbeitgebern, ob diese ihre Meldepflichten und ihre sonstigen Pflichten nach diesem Gesetzbuch, die im Zusammenhang mit dem Gesamtsozialversicherungsbeitrag stehen, ordnungsgem\u00e4\u00df erf\u00fcllen&#8230;<br \/>\n<strong>Die Pr\u00fcfung umfasst auch die Entgeltunterlagen der Besch\u00e4ftigten, f\u00fcr die Beitr\u00e4ge nicht gezahlt wurden.<\/strong><\/td>\n<\/tr>\n<tr style=\"height: 32px; border-color: #000000;\">\n<td style=\"width: 202.4px; height: 32px; border-color: #000000; vertical-align: top;\" colspan=\"2\"><span style=\"text-decoration: underline;\"><strong>Das Landessozialgericht:<\/strong><\/span><br \/>\nDie auf <a href=\"http:\/\/www.sozialgesetzbuch-sgb.de\/sgbiv\/28p.html\" target=\"_blank\">\u00a7 28p<\/a> Abs. 1 Satz 5 SGB IV gest\u00fctzte Entscheidung der Beklagten, von der Kl\u00e4gerin Beitr\u00e4ge wegen einer Besch\u00e4ftigung des betroffenen Beigeladenen zu 1) als Kreishandwerksmeister nachzufordern, weil dieser versicherungs- und beitragspflichtig besch\u00e4ftigt worden sei, beruht auf dem Besch\u00e4ftigungsbegriff des Sozialgesetzbuches. Versicherungs- und beitragspflichtig ist in der Sozialversicherung gem\u00e4\u00df<br \/>\n<a href=\"http:\/\/www.sozialgesetzbuch-sgb.de\/sgbv\/5.html\" target=\"_blank\">\u00a7 5<\/a> Abs. 1 Nr. 1 SGB V,<br \/>\n<a href=\"https:\/\/www.gesetze-im-internet.de\/sgb_11\/__20.html\" target=\"_blank\">\u00a7 20<\/a> Abs. 1 Satz 1, Satz 2 SGB XI,<br \/>\n<a href=\"https:\/\/www.gesetze-im-internet.de\/sgb_6\/__1.html\" target=\"_blank\">\u00a7 1<\/a> Satz 1 Nr. 1 SGB VI sowie gem\u00e4\u00df<br \/>\n<a href=\"https:\/\/www.gesetze-im-internet.de\/sgb_3\/__25.html\" target=\"_blank\">\u00a7 25<\/a> Abs. 1 SGB III,<br \/>\nwer in einem Besch\u00e4ftigungsverh\u00e4ltnis nach <a href=\"https:\/\/dejure.org\/gesetze\/SGB_IV\/7.html\" target=\"_blank\">\u00a7 7<\/a> Abs. 1 Satz 1 SGB IV steht.<\/p>\n<ul>\n<li style=\"text-align: justify;\">Nach der dortigen Legaldefinition ist Besch\u00e4ftigung die nichtselbstst\u00e4ndige Arbeit, insbesondere in einem Arbeitsverh\u00e4ltnis.<\/li>\n<li style=\"text-align: justify;\">Ob jemand abh\u00e4ngig besch\u00e4ftigt oder selbstst\u00e4ndig t\u00e4tig ist, h\u00e4ngt davon ab, welche Merkmale \u00fcberwiegen. Ma\u00dfgebend ist stets das Gesamtbild der Arbeitsleistung nach den tats\u00e4chlichen Verh\u00e4ltnissen.<\/li>\n<\/ul>\n<\/td>\n<\/tr>\n<\/tbody>\n<\/table>\n<p><span style=\"color: #ffffff;\">.<\/span><\/p>\n<p>&nbsp;<\/p>\n","protected":false},"excerpt":{"rendered":"<p>Das Schleswig-Holsteinische Landessozialgericht hat mit Urteil vom 25.06.2015 (Az L 5 KR 125\/13) entschieden, dass die &#8222;Aufwandsentsch\u00e4digungen&#8220;, welche die Kreishandwerkerschaft Mittelholstein ihren Kreishandwerkermeister (Vorstandsvorsitzenden) in den Jahren von 2006 &#8211; [&#8230;]<\/p>\n","protected":false},"author":13,"featured_media":0,"comment_status":"closed","ping_status":"closed","sticky":false,"template":"","format":"standard","meta":{"ngg_post_thumbnail":0,"iawp_total_views":1,"footnotes":""},"categories":[69,68],"tags":[],"class_list":["post-15059","post","type-post","status-publish","format-standard","hentry","category-koerperschaften","category-recht"],"_links":{"self":[{"href":"https:\/\/iuzb.de\/index.php?rest_route=\/wp\/v2\/posts\/15059","targetHints":{"allow":["GET"]}}],"collection":[{"href":"https:\/\/iuzb.de\/index.php?rest_route=\/wp\/v2\/posts"}],"about":[{"href":"https:\/\/iuzb.de\/index.php?rest_route=\/wp\/v2\/types\/post"}],"author":[{"embeddable":true,"href":"https:\/\/iuzb.de\/index.php?rest_route=\/wp\/v2\/users\/13"}],"replies":[{"embeddable":true,"href":"https:\/\/iuzb.de\/index.php?rest_route=%2Fwp%2Fv2%2Fcomments&post=15059"}],"version-history":[{"count":1,"href":"https:\/\/iuzb.de\/index.php?rest_route=\/wp\/v2\/posts\/15059\/revisions"}],"predecessor-version":[{"id":15542,"href":"https:\/\/iuzb.de\/index.php?rest_route=\/wp\/v2\/posts\/15059\/revisions\/15542"}],"wp:attachment":[{"href":"https:\/\/iuzb.de\/index.php?rest_route=%2Fwp%2Fv2%2Fmedia&parent=15059"}],"wp:term":[{"taxonomy":"category","embeddable":true,"href":"https:\/\/iuzb.de\/index.php?rest_route=%2Fwp%2Fv2%2Fcategories&post=15059"},{"taxonomy":"post_tag","embeddable":true,"href":"https:\/\/iuzb.de\/index.php?rest_route=%2Fwp%2Fv2%2Ftags&post=15059"}],"curies":[{"name":"wp","href":"https:\/\/api.w.org\/{rel}","templated":true}]}}