{"id":15052,"date":"2016-05-27T07:01:22","date_gmt":"2016-05-27T05:01:22","guid":{"rendered":"http:\/\/www.iuzb.org\/wordpress\/?p=14248"},"modified":"2016-11-09T10:12:21","modified_gmt":"2016-11-09T09:12:21","slug":"bag-sonder%c2%adzahlungen-koennen-in-bestimmten-faellen-beim-mindestlohn-angerechnet-werden","status":"publish","type":"post","link":"https:\/\/iuzb.de\/?p=15052","title":{"rendered":"BAG: Sonder\u00adzahlungen k\u00f6nnen in bestimmten F\u00e4llen beim Mindestlohn angerechnet werden"},"content":{"rendered":"<h3>Bundesarbeitsgericht, Pressemitteilung <a href=\"http:\/\/juris.bundesarbeitsgericht.de\/cgi-bin\/rechtsprechung\/document.py?Gericht=bag&amp;Art=pm&amp;pm_nummer=0024\/16\" target=\"_blank\">Nr. 24\/16<\/a> vom 25. Mai 2016<\/h3>\n<blockquote>\n<p align=\"center\"><b> Erf\u00fcllung des gesetzlichen Mindestlohns <\/b><\/p>\n<div align=\"justify\">\n<p>Der Arbeitgeber schuldet den gesetzlichen Mindestlohn f\u00fcr jede tats\u00e4chlich geleistete Arbeitsstunde. Er erf\u00fcllt den Anspruch durch die im arbeitsvertraglichen Austauschverh\u00e4ltnis als Gegenleistung f\u00fcr Arbeit erbrachten Entgeltzahlungen, soweit diese dem Arbeitnehmer endg\u00fcltig verbleiben. Die Erf\u00fcllungswirkung fehlt nur solchen Zahlungen, die der Arbeitgeber ohne R\u00fccksicht auf tats\u00e4chliche Arbeitsleistung des Arbeitnehmers erbringt oder die auf einer besonderen gesetzlichen Zweckbestimmung (zB \u00a7 6 Abs. 5 ArbZG) beruhen.<\/p>\n<p>Das Arbeitsverh\u00e4ltnis der in Vollzeit besch\u00e4ftigten Kl\u00e4gerin bestimmt sich nach einem schriftlichen Arbeitsvertrag, der neben einem Monatsgehalt besondere Lohnzuschl\u00e4ge sowie Urlaubs- und Weihnachtsgeld vorsieht. Im Dezember 2014 schloss die Beklagte mit dem Betriebsrat eine Betriebsvereinbarung \u00fcber die Auszahlung der Jahressonderzahlungen. Seit Januar 2015 zahlt die Beklagte der Kl\u00e4gerin allmonatlich neben dem Bruttogehalt iHv. 1.391,36 Euro je 1\/12 des Urlaubs- und des Weihnachtsgelds, in der Summe 1.507,30 Euro brutto.<\/p>\n<p>Die Kl\u00e4gerin hat geltend gemacht, ihr Monatsgehalt und die Jahressonderzahlungen m\u00fcssten ebenso wie die vertraglich zugesagten Zuschl\u00e4ge f\u00fcr Mehr-, Nacht-, Sonn- und Feiertagsarbeit auf der Basis des gesetzlichen Mindestlohns iHv. 8,50 Euro brutto\/Stunde geleistet werden. Das Arbeitsgericht hat die Klage abgewiesen. Das Landesarbeitsgericht hat der Kl\u00e4gerin Nachtarbeitszuschl\u00e4ge iHv. 0,80 Euro brutto zugesprochen und im \u00dcbrigen die Berufung der Kl\u00e4gerin zur\u00fcckgewiesen.<\/p>\n<p>Die Revision der Kl\u00e4gerin ist erfolglos geblieben. Die Kl\u00e4gerin hat aufgrund des Mindestlohngesetzes keinen Anspruch auf erh\u00f6htes Monatsgehalt, erh\u00f6hte Jahressonderzahlungen sowie erh\u00f6hte Lohnzuschl\u00e4ge. Der gesetzliche Mindestlohn tritt als eigenst\u00e4ndiger Anspruch neben die bisherigen Anspruchsgrundlagen, ver\u00e4ndert diese aber nicht. Der nach den tats\u00e4chlich geleisteten Arbeitsstunden bemessene Mindestlohnanspruch der Kl\u00e4gerin f\u00fcr den Zeitraum Januar bis November 2015 ist erf\u00fcllt, denn auch den vorbehaltlos und unwiderruflich in jedem Kalendermonat zu 1\/12 geleisteten Jahressonderzahlungen kommt Erf\u00fcllungswirkung zu.<\/p>\n<p>Bundesarbeitsgericht<br \/>\nUrteil vom 25. Mai 2016 &#8211; 5 AZR 135\/16 &#8211;<\/p>\n<p>Vorinstanz: Landesarbeitsgericht Berlin-Brandenburg<br \/>\nUrteil vom 12. Januar 2016 &#8211; 19 Sa 1851\/15 &#8211; bei <a href=\"http:\/\/www.hensche.de\/Arbeitsrecht_Urteile_Anrechnung_Sonderzahlungen_auf_Mindestlohn.html\" target=\"_blank\">RA Kanzlei Hensche<\/a><\/p>\n<\/div>\n<\/blockquote>\n<div align=\"justify\"><\/div>\n<div align=\"justify\">Dies bedeutet, dass der Arbeitgeber Sonderzahlungen in bestimmten F\u00e4llen auf den Mindestlohn anrechnen kann. Und zwar dann, wenn die Sonderzahlungen verl\u00e4sslich erfolgen und wie ein Entgelt f\u00fcr tats\u00e4chliche Arbeits\u00adleistungen zu verstehen sind. Ist die Sonderzahlung hingegen an einen bestimmten Zweck gebunden, beispiels\u00adweise wie eine Pr\u00e4mie f\u00fcr langj\u00e4hrige Betriebs\u00adzugeh\u00f6rigkeit, so ist eine Anrechnung nicht m\u00f6glich. Es kommt also darauf an, den Zweck von Sonderzahlungen genau zu pr\u00fcfen.<\/div>\n<div align=\"justify\"><span style=\"color: #ffffff;\">.<\/span><\/div>\n<div align=\"justify\">Weiterf\u00fchrend:<\/div>\n<ul>\n<li>Besprechung unter anwaltsregister.de: <a href=\"http:\/\/www.anwaltsregister.de\/Rechtsratgeber\/Grundsatzurteil_des_BAG_Sonderzahlungen_koennen_beim_Mindestlohn_angerechnet_werden.d2536.html\" target=\"_blank\">Mindestlohn &#8211; Fragen und Antworten zum Grundsatz\u00adurteil des BAG<\/a><\/li>\n<\/ul>\n<p><span style=\"color: #ffffff;\">.<\/span><\/p>\n","protected":false},"excerpt":{"rendered":"<p>Bundesarbeitsgericht, Pressemitteilung Nr. 24\/16 vom 25. Mai 2016 Erf\u00fcllung des gesetzlichen Mindestlohns Der Arbeitgeber schuldet den gesetzlichen Mindestlohn f\u00fcr jede tats\u00e4chlich geleistete Arbeitsstunde. Er erf\u00fcllt den Anspruch durch die im [&#8230;]<\/p>\n","protected":false},"author":13,"featured_media":0,"comment_status":"closed","ping_status":"closed","sticky":false,"template":"","format":"standard","meta":{"ngg_post_thumbnail":0,"iawp_total_views":1,"footnotes":""},"categories":[163],"tags":[],"class_list":["post-15052","post","type-post","status-publish","format-standard","hentry","category-bag"],"_links":{"self":[{"href":"https:\/\/iuzb.de\/index.php?rest_route=\/wp\/v2\/posts\/15052","targetHints":{"allow":["GET"]}}],"collection":[{"href":"https:\/\/iuzb.de\/index.php?rest_route=\/wp\/v2\/posts"}],"about":[{"href":"https:\/\/iuzb.de\/index.php?rest_route=\/wp\/v2\/types\/post"}],"author":[{"embeddable":true,"href":"https:\/\/iuzb.de\/index.php?rest_route=\/wp\/v2\/users\/13"}],"replies":[{"embeddable":true,"href":"https:\/\/iuzb.de\/index.php?rest_route=%2Fwp%2Fv2%2Fcomments&post=15052"}],"version-history":[{"count":2,"href":"https:\/\/iuzb.de\/index.php?rest_route=\/wp\/v2\/posts\/15052\/revisions"}],"predecessor-version":[{"id":15101,"href":"https:\/\/iuzb.de\/index.php?rest_route=\/wp\/v2\/posts\/15052\/revisions\/15101"}],"wp:attachment":[{"href":"https:\/\/iuzb.de\/index.php?rest_route=%2Fwp%2Fv2%2Fmedia&parent=15052"}],"wp:term":[{"taxonomy":"category","embeddable":true,"href":"https:\/\/iuzb.de\/index.php?rest_route=%2Fwp%2Fv2%2Fcategories&post=15052"},{"taxonomy":"post_tag","embeddable":true,"href":"https:\/\/iuzb.de\/index.php?rest_route=%2Fwp%2Fv2%2Ftags&post=15052"}],"curies":[{"name":"wp","href":"https:\/\/api.w.org\/{rel}","templated":true}]}}