{"id":15041,"date":"2015-12-03T09:17:30","date_gmt":"2015-12-03T08:17:30","guid":{"rendered":"http:\/\/www.iuzb.org\/wordpress\/?p=13284"},"modified":"2015-12-03T09:17:30","modified_gmt":"2015-12-03T08:17:30","slug":"urlaubs%c2%adabgeltungs%c2%adanspruch-bei-tod-des-arbeitnehmers","status":"publish","type":"post","link":"https:\/\/iuzb.de\/?p=15041","title":{"rendered":"ArbG Berlin: Urlaubs\u00adabgeltungs\u00adanspruch bei Tod des Arbeitnehmers ist nach EU-Recht doch vererbbar"},"content":{"rendered":"<p style=\"text-align: justify;\">In Widerspruch zur Rechtsprechung des Bundes\u00adarbeits\u00adgerichts vom <a href=\"http:\/\/juris.bundesarbeitsgericht.de\/cgi-bin\/rechtsprechung\/document.py?Gericht=bag&amp;Art=en&amp;sid=e17b3ce7a0cd274004c5d02680fbe7f4&amp;nr=15420&amp;linked=pm&amp;titel=_Vererblichkeit_von_Urlaubsabgeltungsanspr%FCchen\" target=\"_blank\">20.09.2011<\/a>, hat die 56. Kammer des Arbeitsgerichts Berlin am 07.10.2015 entschieden, dass ein Urlaubsanspruch nicht mit dem Tod des Arbeitnehmers untergeht, sondern sich in einen Urlaubs\u00adabgeltungs\u00adanspruch zugunsten der Erben umwandelt.<\/p>\n<p style=\"text-align: justify;\">Hintergrund ist, dass die Kammer festgestellt hat, dass ein Erl\u00f6schen des Urlaubsanspruchs gegen Artikel 7 Abs. 2 der &#8222;Richtlinie <a href=\"https:\/\/www.google.de\/url?sa=t&amp;rct=j&amp;q=&amp;esrc=s&amp;source=web&amp;cd=2&amp;ved=0ahUKEwibwMGdob_JAhVLFCwKHREaDnAQFggmMAE&amp;url=http%3A%2F%2Fwww.gaa.baden-wuerttemberg.de%2Fservlet%2Fis%2F16487%2F1_1_1.pdf&amp;usg=AFQjCNEHyWR5p8TR2YLBDmzueP6DV_quPQ&amp;sig2=MA7Uyr23mj1PaCbmD4zJ2w&amp;cad=rja\" target=\"_blank\">2003\/88\/EG<\/a> des Europ\u00e4ischen Parlaments und des Rates vom 4. November 2003 \u00fcber bestimmte Aspekte der Arbeitszeitgestaltung&#8220;, in der vom Europ\u00e4ischen Gerichtshof durch <a href=\"https:\/\/www.google.de\/url?sa=t&amp;rct=j&amp;q=&amp;esrc=s&amp;source=web&amp;cd=2&amp;ved=0ahUKEwjW3Prvpr_JAhWha3IKHeCqAGUQFgglMAE&amp;url=http%3A%2F%2Fcuria.europa.eu%2Fjcms%2Fjcms%2FP_130325%2F&amp;usg=AFQjCNE0pOC8b14WtG6nCMBHsv8uztC7vQ&amp;sig2=SPoqn0RUUQdDBwz_1_RKeQ&amp;bvm=bv.108538919,d.bGQ&amp;cad=rja\" target=\"_blank\">Urteil vom 12. Juni 2014<\/a> erfolgten Auslegung widerspricht.<\/p>\n<p style=\"text-align: justify;\">Nach <a href=\"http:\/\/www.gesetze-im-internet.de\/burlg\/__7.html\">\u00a7 7<\/a> Abs. 4 Bundesurlaubsgesetz (BurlG) ist der Urlaub abzugelten, wenn er wegen der Beendigung des Arbeitsverh\u00e4ltnisses ganz oder teilweise nicht mehr gew\u00e4hrt werden k\u00f6nne. Diese Voraussetzungen seien bei dem Tod des Arbeitnehmers gegeben.<\/p>\n<p style=\"text-align: justify;\">Gegen das Urteil kann beim Landesarbeitsgericht Berlin-Brandenburg Berufung eingelegt werden.<\/p>\n<p style=\"text-align: justify;\"><span style=\"color: #ffffff;\">\u00a0<\/span><\/p>\n<p style=\"text-align: justify;\"><span style=\"color: #ffffff;\">.<\/span><\/p>\n<p>&nbsp;<\/p>\n","protected":false},"excerpt":{"rendered":"<p>In Widerspruch zur Rechtsprechung des Bundes\u00adarbeits\u00adgerichts vom 20.09.2011, hat die 56. Kammer des Arbeitsgerichts Berlin am 07.10.2015 entschieden, dass ein Urlaubsanspruch nicht mit dem Tod des Arbeitnehmers untergeht, sondern sich [&#8230;]<\/p>\n","protected":false},"author":13,"featured_media":0,"comment_status":"open","ping_status":"open","sticky":false,"template":"","format":"standard","meta":{"ngg_post_thumbnail":0,"iawp_total_views":0,"footnotes":""},"categories":[68],"tags":[],"class_list":["post-15041","post","type-post","status-publish","format-standard","hentry","category-recht"],"_links":{"self":[{"href":"https:\/\/iuzb.de\/index.php?rest_route=\/wp\/v2\/posts\/15041","targetHints":{"allow":["GET"]}}],"collection":[{"href":"https:\/\/iuzb.de\/index.php?rest_route=\/wp\/v2\/posts"}],"about":[{"href":"https:\/\/iuzb.de\/index.php?rest_route=\/wp\/v2\/types\/post"}],"author":[{"embeddable":true,"href":"https:\/\/iuzb.de\/index.php?rest_route=\/wp\/v2\/users\/13"}],"replies":[{"embeddable":true,"href":"https:\/\/iuzb.de\/index.php?rest_route=%2Fwp%2Fv2%2Fcomments&post=15041"}],"version-history":[{"count":0,"href":"https:\/\/iuzb.de\/index.php?rest_route=\/wp\/v2\/posts\/15041\/revisions"}],"wp:attachment":[{"href":"https:\/\/iuzb.de\/index.php?rest_route=%2Fwp%2Fv2%2Fmedia&parent=15041"}],"wp:term":[{"taxonomy":"category","embeddable":true,"href":"https:\/\/iuzb.de\/index.php?rest_route=%2Fwp%2Fv2%2Fcategories&post=15041"},{"taxonomy":"post_tag","embeddable":true,"href":"https:\/\/iuzb.de\/index.php?rest_route=%2Fwp%2Fv2%2Ftags&post=15041"}],"curies":[{"name":"wp","href":"https:\/\/api.w.org\/{rel}","templated":true}]}}