{"id":15039,"date":"2015-11-23T16:03:54","date_gmt":"2015-11-23T15:03:54","guid":{"rendered":"http:\/\/www.iuzb.org\/wordpress\/?p=13274"},"modified":"2016-11-09T10:12:04","modified_gmt":"2016-11-09T09:12:04","slug":"bag-keine-anrechnung-eines-vorausgegangenen-praktikums-auf-die-probezeit-im-berufsausbildungsverhaeltnis","status":"publish","type":"post","link":"https:\/\/iuzb.de\/?p=15039","title":{"rendered":"BAG: Keine Anrechnung eines vorausgegangenen Praktikums auf die Probezeit im Berufsausbildungsverh\u00e4ltnis"},"content":{"rendered":"<div align=\"justify\">\n<p><a href=\"http:\/\/www.gesetze-im-internet.de\/bbig_2005\/__20.html\" target=\"_blank\">\u00a7 20 Satz 1 Berufsbildungsgesetz<\/a> (BBiG) ordnet zwingend an, dass das Berufsausbildungsverh\u00e4ltnis mit einer Probezeit beginnt. Beide Vertragspartner sollen damit ausreichend Gelegenheit haben, die f\u00fcr die Ausbildung im konkreten Ausbildungsberuf wesentlichen Umst\u00e4nde eingehend zu pr\u00fcfen. Dies ist nur unter den Bedingungen des Berufsausbildungsverh\u00e4ltnisses mit seinen spezifischen Pflichten m\u00f6glich. Die Dauer eines vorausgegangenen Praktikums ist deshalb nicht auf die Probezeit in einem folgenden Berufsausbildungsverh\u00e4ltnis anzurechnen. Auf den Inhalt und die Zielsetzung des Praktikums kommt es nicht an.<\/p>\n<p>Der Kl\u00e4ger bewarb sich im Fr\u00fchjahr 2013 bei der Beklagten um eine Ausbildung zum Kaufmann im Einzelhandel. Die Beklagte versprach ihm die Aufnahme der Ausbildung zum 1.\u00a0August 2013. Zur \u00dcberbr\u00fcckung schlossen die Parteien einen \u201ePraktikantenvertrag\u201c mit einer Laufzeit bis zum 31.\u00a0Juli 2013. Nach dem gesonderten Berufsausbildungsvertrag begann anschlie\u00dfend die Ausbildung mit einer Probezeit von drei Monaten. Mit Schreiben vom 29.\u00a0Oktober 2013, welches dem Kl\u00e4ger am gleichen Tag zuging, k\u00fcndigte die Beklagte das Berufsausbildungsverh\u00e4ltnis zum 29.\u00a0Oktober 2013. Der Kl\u00e4ger h\u00e4lt die K\u00fcndigung f\u00fcr unwirksam. Sie sei erst nach Ablauf der Probezeit erkl\u00e4rt worden. Das dem Berufsausbildungsverh\u00e4ltnis vorausgegangene Praktikum sei auf die Probezeit anzurechnen. Die Beklagte habe sich bereits w\u00e4hrend des Praktikums ein vollst\u00e4ndiges Bild \u00fcber ihn machen k\u00f6nnen.<\/p>\n<p>Die Vorinstanzen haben die Klage abgewiesen. Die Revision hatte vor dem Sechsten Senat des Bundesarbeitsgerichts keinen Erfolg. Das Berufsausbildungsverh\u00e4ltnis konnte w\u00e4hrend der Probezeit gem\u00e4\u00df <a href=\"http:\/\/www.gesetze-im-internet.de\/bbig_2005\/__22.html\" target=\"_blank\">\u00a7 22 Abs. 1 BBiG<\/a> ohne Einhalten einer K\u00fcndigungsfrist gek\u00fcndigt werden. Die T\u00e4tigkeit des Kl\u00e4gers vor dem 1.\u00a0August 2013 ist nicht zu ber\u00fccksichtigen. Dasselbe w\u00fcrde auch dann gelten, wenn es sich hierbei nicht um ein Praktikum, sondern um ein Arbeitsverh\u00e4ltnis gehandelt h\u00e4tte <i>(vgl. BAG 16.\u00a0Dezember 2004 &#8211;\u00a06\u00a0AZR 127\/04\u00a0-)<\/i>.<\/p>\n<\/div>\n<p><i><span style=\"color: #ffffff;\">.<\/span><br \/>\n<\/i><\/p>\n<div align=\"justify\">Quelle: Bundesarbeitsgericht, Pressemitteilung Nr. <a href=\"http:\/\/juris.bundesarbeitsgericht.de\/cgi-bin\/rechtsprechung\/document.py?Gericht=bag&amp;Art=pm&amp;pm_nummer=0059\/15\" target=\"_blank\">59\/15<\/a><br \/>\nzum Urteil vom 19. November 2015 &#8211; 6 AZR 844\/14 &#8211;<\/div>\n<div align=\"justify\"><span style=\"color: #ffffff;\">.<\/span><\/div>\n<div align=\"justify\"><span style=\"color: #ffffff;\">.<\/span><\/div>\n","protected":false},"excerpt":{"rendered":"<p>\u00a7 20 Satz 1 Berufsbildungsgesetz (BBiG) ordnet zwingend an, dass das Berufsausbildungsverh\u00e4ltnis mit einer Probezeit beginnt. Beide Vertragspartner sollen damit ausreichend Gelegenheit haben, die f\u00fcr die Ausbildung im konkreten Ausbildungsberuf [&#8230;]<\/p>\n","protected":false},"author":13,"featured_media":0,"comment_status":"closed","ping_status":"closed","sticky":false,"template":"","format":"standard","meta":{"ngg_post_thumbnail":0,"iawp_total_views":0,"footnotes":""},"categories":[163],"tags":[],"class_list":["post-15039","post","type-post","status-publish","format-standard","hentry","category-bag"],"_links":{"self":[{"href":"https:\/\/iuzb.de\/index.php?rest_route=\/wp\/v2\/posts\/15039","targetHints":{"allow":["GET"]}}],"collection":[{"href":"https:\/\/iuzb.de\/index.php?rest_route=\/wp\/v2\/posts"}],"about":[{"href":"https:\/\/iuzb.de\/index.php?rest_route=\/wp\/v2\/types\/post"}],"author":[{"embeddable":true,"href":"https:\/\/iuzb.de\/index.php?rest_route=\/wp\/v2\/users\/13"}],"replies":[{"embeddable":true,"href":"https:\/\/iuzb.de\/index.php?rest_route=%2Fwp%2Fv2%2Fcomments&post=15039"}],"version-history":[{"count":1,"href":"https:\/\/iuzb.de\/index.php?rest_route=\/wp\/v2\/posts\/15039\/revisions"}],"predecessor-version":[{"id":15102,"href":"https:\/\/iuzb.de\/index.php?rest_route=\/wp\/v2\/posts\/15039\/revisions\/15102"}],"wp:attachment":[{"href":"https:\/\/iuzb.de\/index.php?rest_route=%2Fwp%2Fv2%2Fmedia&parent=15039"}],"wp:term":[{"taxonomy":"category","embeddable":true,"href":"https:\/\/iuzb.de\/index.php?rest_route=%2Fwp%2Fv2%2Fcategories&post=15039"},{"taxonomy":"post_tag","embeddable":true,"href":"https:\/\/iuzb.de\/index.php?rest_route=%2Fwp%2Fv2%2Ftags&post=15039"}],"curies":[{"name":"wp","href":"https:\/\/api.w.org\/{rel}","templated":true}]}}