{"id":15035,"date":"2015-11-16T18:10:26","date_gmt":"2015-11-16T17:10:26","guid":{"rendered":"http:\/\/www.iuzb.org\/wordpress\/?p=13213"},"modified":"2017-12-10T16:24:41","modified_gmt":"2017-12-10T15:24:41","slug":"wenn-die-achter-probleme-machen","status":"publish","type":"post","link":"https:\/\/iuzb.de\/?p=15035","title":{"rendered":"Wenn die &#8222;Achter&#8220; Probleme machen"},"content":{"rendered":"<p>n-tv Wissen:<\/p>\n<p>Dr. J\u00fcrgen Fedderwitz, Zahnarzt und stellvertretender Vorstandsvorsitzender der Kassenzahn\u00e4rztlichen Bundesvereinigung (KZBV) in einem Gespr\u00e4ch mit n-tv:<\/p>\n<ul>\n<li><a href=\"http:\/\/www.n-tv.de\/wissen\/Fakten_und_Mythen\/Weisheitszaehne-haben-keinen-Platz-mehr-article16337286.html\" target=\"_blank\" rel=\"noopener\">Wenn die &#8222;Achter&#8220; Probleme machen &#8211; Weisheitsz\u00e4hne haben keinen Platz mehr<\/a><\/li>\n<\/ul>\n<p><span style=\"color: #ffffff;\">.<\/span><\/p>\n<p><span style=\"color: #ffffff;\"><span style=\"color: #000000;\">Weiterf\u00fchrend:<\/span><br \/>\n<\/span><\/p>\n<ul>\n<li>KZBV: <a href=\"http:\/\/www.kzbv.de\/leitlinien.844.de.html\" target=\"_blank\" rel=\"noopener\">Leitlinien f\u00fcr die Zahn-, Mund- und Kieferheilkunde<br \/>\n<\/a>Mit: Operative Entfernung von Weisheitsz\u00e4hnen<\/li>\n<\/ul>\n<p><span style=\"color: #ffffff;\">.<\/span><\/p>\n","protected":false},"excerpt":{"rendered":"<p>n-tv Wissen: Dr. J\u00fcrgen Fedderwitz, Zahnarzt und stellvertretender Vorstandsvorsitzender der Kassenzahn\u00e4rztlichen Bundesvereinigung (KZBV) in einem Gespr\u00e4ch mit n-tv: Wenn die &#8222;Achter&#8220; Probleme machen &#8211; Weisheitsz\u00e4hne haben keinen Platz mehr . [&#8230;]<\/p>\n","protected":false},"author":13,"featured_media":0,"comment_status":"closed","ping_status":"closed","sticky":false,"template":"","format":"standard","meta":{"ngg_post_thumbnail":0,"iawp_total_views":0,"footnotes":""},"categories":[248,188],"tags":[],"class_list":["post-15035","post","type-post","status-publish","format-standard","hentry","category-leitlinien","category-medizin"],"_links":{"self":[{"href":"https:\/\/iuzb.de\/index.php?rest_route=\/wp\/v2\/posts\/15035","targetHints":{"allow":["GET"]}}],"collection":[{"href":"https:\/\/iuzb.de\/index.php?rest_route=\/wp\/v2\/posts"}],"about":[{"href":"https:\/\/iuzb.de\/index.php?rest_route=\/wp\/v2\/types\/post"}],"author":[{"embeddable":true,"href":"https:\/\/iuzb.de\/index.php?rest_route=\/wp\/v2\/users\/13"}],"replies":[{"embeddable":true,"href":"https:\/\/iuzb.de\/index.php?rest_route=%2Fwp%2Fv2%2Fcomments&post=15035"}],"version-history":[{"count":2,"href":"https:\/\/iuzb.de\/index.php?rest_route=\/wp\/v2\/posts\/15035\/revisions"}],"predecessor-version":[{"id":22557,"href":"https:\/\/iuzb.de\/index.php?rest_route=\/wp\/v2\/posts\/15035\/revisions\/22557"}],"wp:attachment":[{"href":"https:\/\/iuzb.de\/index.php?rest_route=%2Fwp%2Fv2%2Fmedia&parent=15035"}],"wp:term":[{"taxonomy":"category","embeddable":true,"href":"https:\/\/iuzb.de\/index.php?rest_route=%2Fwp%2Fv2%2Fcategories&post=15035"},{"taxonomy":"post_tag","embeddable":true,"href":"https:\/\/iuzb.de\/index.php?rest_route=%2Fwp%2Fv2%2Ftags&post=15035"}],"curies":[{"name":"wp","href":"https:\/\/api.w.org\/{rel}","templated":true}]}}