{"id":15030,"date":"2015-11-03T17:56:59","date_gmt":"2015-11-03T16:56:59","guid":{"rendered":"http:\/\/www.iuzb.org\/wordpress\/?p=13155"},"modified":"2016-11-19T20:57:07","modified_gmt":"2016-11-19T19:57:07","slug":"zfluechtlingshilfe-umzugsbericht-vom-lageso-turmstrasse","status":"publish","type":"post","link":"https:\/\/iuzb.de\/?p=15030","title":{"rendered":"zFl\u00fcchtlingshilfe: Umzugsbericht vom LaGeSo Turmstra\u00dfe &#8211; Dank an Frau Can und Herrn Dr. Jonitz"},"content":{"rendered":"<div id=\"attachment_16196\" style=\"width: 310px\" class=\"wp-caption alignright\"><a href=\"https:\/\/iuzb.de\/wp-content\/uploads\/2015\/11\/2015-11-03-DSC_5977-klein.jpg\" target=\"_blank\"><img loading=\"lazy\" decoding=\"async\" aria-describedby=\"caption-attachment-16196\" class=\"wp-image-16196 size-medium\" src=\"https:\/\/iuzb.de\/wp-content\/uploads\/2015\/11\/2015-11-03-DSC_5977-klein-300x236.jpg\" alt=\"2015-11-03-dsc_5977-klein\" width=\"300\" height=\"236\" srcset=\"https:\/\/iuzb.de\/wp-content\/uploads\/2015\/11\/2015-11-03-DSC_5977-klein-300x236.jpg 300w, https:\/\/iuzb.de\/wp-content\/uploads\/2015\/11\/2015-11-03-DSC_5977-klein-768x605.jpg 768w, https:\/\/iuzb.de\/wp-content\/uploads\/2015\/11\/2015-11-03-DSC_5977-klein-1024x807.jpg 1024w, https:\/\/iuzb.de\/wp-content\/uploads\/2015\/11\/2015-11-03-DSC_5977-klein.jpg 1600w\" sizes=\"auto, (max-width: 300px) 100vw, 300px\" \/><\/a><p id=\"caption-attachment-16196\" class=\"wp-caption-text\"><span style=\"font-size: 8pt;\">Koordinatorin Frau Can und \u00c4rztekammerpr\u00e4sident Herr Dr. Jonitz<\/span><\/p><\/div>\n<p style=\"text-align: justify;\">Herr Zahnarzt Dr. Helmut Dohmeier-de Haan berichtet vom zahn\u00e4rztlichen Ersthelferstandort in der Turmstra\u00dfe:<\/p>\n<p style=\"padding-left: 30px; text-align: justify;\">&#8222;Gestern ist die gesamte medizinische Station vom Haus C in das Haus M verlegt worden. Mit den tollen Helferinnen und Helfern ging das ratzfatz. Wir haben jetzt einen eigenen Raum und <a href=\"https:\/\/iuzb.de\/wp-content\/gallery\/2015-11-03-zfluechtlingshilfe-umzugsbericht-turmstrasse\/2015-11-02-bild-1.jpg\" target=\"_blank\">erste &#8222;Kunden&#8220; am Fenster.<\/a>&#8230; Jetzt m\u00fcssen wir sehen, was die n\u00e4chsten Tage bringen.&#8220;<\/p>\n<p style=\"text-align: justify;\">Und erg\u00e4nzend von Zahnarzt Herrn Gerhard Gneist:<\/p>\n<p style=\"padding-left: 30px; text-align: justify;\">&#8222;Heute besuchten uns, in unseren neuen R\u00e4umlichkeiten im LaGeSo, Frau Zehra Can, die Koordinatorin der Notversorgungsstelle. Frau Can organisiert im Auftrag der Caritas die medizinische Erstversorgung.<\/p>\n<p style=\"padding-left: 30px; text-align: justify;\">Neben Frau Can, der Pr\u00e4sident der \u00c4rztekammer Berlin, Dr. G\u00fcnther Jonitz.<\/p>\n<p style=\"padding-left: 30px; text-align: justify;\">Seit Beginn der Versorgung der Fl\u00fcchtlinge auf dem Gel\u00e4nde des LaGeSos, gab es eine gro\u00dfartige Zusammenarbeit mit den \u00c4rzten aller Fachgruppen, sowie auch mit der \u00c4rztekammer.&#8220;<\/p>\n<p><span style=\"color: #ffffff;\">.<\/span><\/p>\n<p>Weiterf\u00fchrend: rbb <a href=\"http:\/\/www.ardmediathek.de\/tv\/Abendschau\/Verbesserte-medizinische-Versorgung-am-L\/rbb-Fernsehen\/Video?documentId=31422882&amp;bcastId=3822076\" target=\"_blank\">Abendschaubericht<\/a> vom 02.11.2015<\/p>\n<p><span style=\"color: #ffffff;\">.<\/span><\/p>\nngg_shortcode_0_placeholder\n<p>&nbsp;<\/p>\n","protected":false},"excerpt":{"rendered":"<p>Herr Zahnarzt Dr. Helmut Dohmeier-de Haan berichtet vom zahn\u00e4rztlichen Ersthelferstandort in der Turmstra\u00dfe: &#8222;Gestern ist die gesamte medizinische Station vom Haus C in das Haus M verlegt worden. Mit den [&#8230;]<\/p>\n","protected":false},"author":13,"featured_media":0,"comment_status":"closed","ping_status":"closed","sticky":false,"template":"","format":"standard","meta":{"ngg_post_thumbnail":0,"iawp_total_views":0,"footnotes":""},"categories":[165],"tags":[],"class_list":["post-15030","post","type-post","status-publish","format-standard","hentry","category-fluechtlingshilfe"],"_links":{"self":[{"href":"https:\/\/iuzb.de\/index.php?rest_route=\/wp\/v2\/posts\/15030","targetHints":{"allow":["GET"]}}],"collection":[{"href":"https:\/\/iuzb.de\/index.php?rest_route=\/wp\/v2\/posts"}],"about":[{"href":"https:\/\/iuzb.de\/index.php?rest_route=\/wp\/v2\/types\/post"}],"author":[{"embeddable":true,"href":"https:\/\/iuzb.de\/index.php?rest_route=\/wp\/v2\/users\/13"}],"replies":[{"embeddable":true,"href":"https:\/\/iuzb.de\/index.php?rest_route=%2Fwp%2Fv2%2Fcomments&post=15030"}],"version-history":[{"count":5,"href":"https:\/\/iuzb.de\/index.php?rest_route=\/wp\/v2\/posts\/15030\/revisions"}],"predecessor-version":[{"id":16199,"href":"https:\/\/iuzb.de\/index.php?rest_route=\/wp\/v2\/posts\/15030\/revisions\/16199"}],"wp:attachment":[{"href":"https:\/\/iuzb.de\/index.php?rest_route=%2Fwp%2Fv2%2Fmedia&parent=15030"}],"wp:term":[{"taxonomy":"category","embeddable":true,"href":"https:\/\/iuzb.de\/index.php?rest_route=%2Fwp%2Fv2%2Fcategories&post=15030"},{"taxonomy":"post_tag","embeddable":true,"href":"https:\/\/iuzb.de\/index.php?rest_route=%2Fwp%2Fv2%2Ftags&post=15030"}],"curies":[{"name":"wp","href":"https:\/\/api.w.org\/{rel}","templated":true}]}}