{"id":15018,"date":"2015-10-08T11:44:10","date_gmt":"2015-10-08T10:44:10","guid":{"rendered":"http:\/\/www.iuzb.org\/wordpress\/?p=12931"},"modified":"2023-04-05T23:19:05","modified_gmt":"2023-04-05T21:19:05","slug":"zfh-statusberichte-von-den-standorten","status":"publish","type":"post","link":"https:\/\/iuzb.de\/?p=15018","title":{"rendered":"zFH: Statusberichte von den Standorten"},"content":{"rendered":"<p>Neue Berichte mit herzlichen Dank an die Berichterstatter:<\/p>\n<p><span style=\"color: #ffffff;\">.<\/span><\/p>\n<p><strong>08.10.2015 &#8211; ZA Dr. Peter Nachtweh &#8211; <b>Neuer zahn\u00e4rztlicher Ersthelferstandort Messehalle 26 nimmt ab Montag, 12. Oktober 2015 seinen Dienst auf<\/b><br \/>\n<\/strong><\/p>\n<div>\n<div class=\"spoiler-wrap\">\n\t\t\t\t<div class=\"spoiler-head folded\">Spoiler<\/div>\n\t\t\t\t<div class=\"spoiler-body\">Sehr geehrter Herr Ge&#8230;.,<\/p>\n<p>Herr Gneist, Herr und Frau Kr\u00e4ling, Herr Sava und ich haben heute Nachmittag in der Messehalle 26 eine Ortsbesichtigung durchgef\u00fchrt.<\/p>\n<p>Herr Sava wird noch zwei weitere Zahn\u00e4rzte mit ins Boot bringen, so dass wir glauben, dass die Mannschaft der Voruntersucher f\u00fcr den Anfang gebildet worden ist.<\/p>\n<p>Herr Gneist wird nach Bedarf auch noch untersuchen. Jedoch wird er sich weiterhin als Supervisor in den anderen Notunterk\u00fcnften um die zahn\u00e4rztliche Versorgung der Fl\u00fcchtlinge k\u00fcmmern. So hat er f\u00fcr den Standort Messe 26 einen \u00e4lteren zahn\u00e4rztlichen Untersuchungsstuhl organisiert, der in den n\u00e4chsten Tagen angeliefert werden wird. W\u00e4hrend das Team vor Ort mit dem Screening erst beginnen wollte, wenn der Stuhl geliefert worden ist, denke ich, dass wir in der n\u00e4chsten Woche starten k\u00f6nnten, weil wir eigentlich auch zuerst auf einem einfachen B\u00fcrostuhl untersuchen k\u00f6nnen, wie wir es auch schon an anderen Standorten praktiziert haben.<\/p>\n<ul>\n<li>Das Team wird am Sonntag um 10:00 Uhr den vorgesehenen Raum \u00fcbernehmen und einrichten mit den Dingen, die f\u00fcr eine Untersuchung obligat sind. Ich darf Sie also h\u00f6flich bitten, den Dienstplan f\u00fcr Messe 26 \/ ICC beginnend mit Montag, dem 12. Oktober zu \u00f6ffnen.<br \/>\n<span style=\"color: #ffffff\">.<\/span><\/li>\n<li>Als Weiterbehandler stehen vorerst nur Herr und Frau Kr\u00e4ling und ich zur Verf\u00fcgung. Wir werden uns ab sofort darum bem\u00fchen, in der n\u00e4heren Umgebung des Messegel\u00e4ndes, durch pers\u00f6nliche Kontakte neue Praxen f\u00fcr eine Weiterbehandlung zu gewinnen. Wir werden ausdr\u00fccklich die Zahnklinik in der A\u00dfmannshauserstra\u00dfe nicht in unsere \u00dcberlegungen miteinbeziehen.<br \/>\n<span style=\"color: #ffffff\">.<\/span><\/li>\n<li>Wenn Sie aus Ihrer Kenntnis der \u00d6rtlichkeit um den Theodor &#8211; Heuss &#8211; Platz herum unter den Neuzug\u00e4ngen, die in ihrer Praxis behandeln wollen, mir Tipps und Namen nennen k\u00f6nnten, w\u00e4re ich Ihnen sehr dankbar. Genauso k\u00f6nnten Sie den einen oder anderen Helfer zu uns umlenken, wenn er bisher noch nicht richtig zum Zuge gekommen ist.<\/li>\n<\/ul>\n<p>Herr Sava wird noch den E- Mail &#8211; Kontakt zu seinen beiden Kollegen herstellen. Ich glaube, Sie brauchen f\u00fcr diese Beiden kein Begr\u00fc\u00dfungsschreiben zu verfassen. Ich werde die Adressen in Ihren Verteiler geben.<\/p>\n<p>Ich bedanke mich bei allen und w\u00fcnsche einen guten Fu\u00dfballabend.<\/p>\n<p>Peter Nachtweh<\/p>\n<ul>\n<li><a href=\"https:\/\/docs.google.com\/spreadsheets\/d\/17gh_NiACNe2CJuS3Zw2U_nQWNdK6tI65evhf9T2ieQY\/edit?pli=1#gid=491678428\" target=\"_blank\" rel=\"noopener\">Dienstplan Messehalle 26<\/a> &#8211; Ersthelfer und Weiterbehandlungspraxen<\/li>\n<\/ul>\n<p><\/div>\n\t\t\t<\/div>\n<\/div>\n<p><span style=\"color: #ffffff;\">.<\/span><\/p>\n<p><strong>08.10.2015 &#8211; Z\u00c4 Sabine Schweden &#8211; Olympiapark<\/strong><\/p>\n<div>\n<p style=\"text-align: justify;\"><div class=\"spoiler-wrap\">\n\t\t\t\t<div class=\"spoiler-head folded\">Spoiler<\/div>\n\t\t\t\t<div class=\"spoiler-body\">Hallo lieber Herr Ge&#8230;.,<\/p>\n<p style=\"text-align: justify\">als Nachtrag zu meinem gestrigen Bericht muss ich leider noch mitteilen, dass die mobile Einheit am Olympiapark leider noch nicht eingesetzt werden kann!<\/p>\n<p style=\"text-align: justify\"><a href=\"https:\/\/iuzb.de\/wp-content\/uploads\/2015\/10\/2015-09-26-Olympiapark-1.jpg\" target=\"_blank\" rel=\"noopener\"><img loading=\"lazy\" decoding=\"async\" class=\"alignright size-medium wp-image-16206\" src=\"https:\/\/iuzb.de\/wp-content\/uploads\/2015\/10\/2015-09-26-Olympiapark-1-300x169.jpg\" alt=\"2015-09-26-olympiapark-1\" width=\"300\" height=\"169\" srcset=\"https:\/\/iuzb.de\/wp-content\/uploads\/2015\/10\/2015-09-26-Olympiapark-1-300x169.jpg 300w, https:\/\/iuzb.de\/wp-content\/uploads\/2015\/10\/2015-09-26-Olympiapark-1-768x432.jpg 768w, https:\/\/iuzb.de\/wp-content\/uploads\/2015\/10\/2015-09-26-Olympiapark-1-1024x576.jpg 1024w, https:\/\/iuzb.de\/wp-content\/uploads\/2015\/10\/2015-09-26-Olympiapark-1.jpg 1600w\" sizes=\"auto, (max-width: 300px) 100vw, 300px\" \/><\/a>Der Kollege, der die Funktionst\u00fcchtigkeit der Einheit &#8222;an seinem K\u00fcchentisch&#8220; getestet hat, hatte leider dort nicht die M\u00f6glichkeit \u00dcbertragungsinstrumente zum Check des Motors auszuf\u00fchren! Nur Absaug- und Kompressorfunktionen scheinen in Ordnung! Wir werden morgen fr\u00fch nochmal alles testen und m\u00fcssen dann sehen ob der technische Dienst des damaligen Verk\u00e4ufers der Einheit noch vor der ersten Inbetriebnahme des Ger\u00e4tes im Olympiapark eingeschaltet werden muss!<\/p>\n<p style=\"text-align: justify\">Es zeigt sich aber schon jetzt, dass f\u00fcr die sich st\u00e4ndig wiederholenden, notwendigen Wartungsarbeiten jedes Mal der technische Kundendienst des Dentaldepots hier t\u00e4tig werden muss&#8230;.!<\/p>\n<p style=\"text-align: justify\">Bis zur Abkl\u00e4rung also weiter versuchen mit Sonde\/Excavator o.\u00e4. zu trepanieren&#8230;<\/p>\n<p style=\"text-align: justify\">Dadurch, dass fast t\u00e4glich neue Menschen hier eintreffen, andere Menschen den Olympiapark zur Registrierung verlassen und danach nicht mehr hierhin zur\u00fcckkehren, geht den vor Ort t\u00e4tigen \u00c4rzten und Zahn\u00e4rzten die &#8222;Arbeit&#8220; nicht aus.<\/p>\n<p style=\"text-align: justify\">F\u00fcr alle Helfenden ist das Problem begleitende Dolmetscher\/Transporte\/Praxen bzw. Kliniken zu organisieren gleicherma\u00dfen aufwendig und belastend.<\/p>\n<p style=\"text-align: justify\">Wir k\u00f6nnen zwar mit unseren eigenen Mobiltelefonen telefonieren (wehe dem der keine Flatrate hat!) aber leider haben wir z.Zt. kein Internet oder ein &#8222;Stationstelefon&#8220; und auch keine Kraft die unser &#8222;B\u00fcro&#8220; organisiert und uns diesbez\u00fcglich den R\u00fccken freih\u00e4lt!<\/p>\n<p style=\"text-align: justify\"><a href=\"https:\/\/iuzb.de\/wp-content\/uploads\/2015\/10\/2015-10-05-Olympiapark-2.jpg\" target=\"_blank\" rel=\"noopener\"><img loading=\"lazy\" decoding=\"async\" class=\"alignright size-medium wp-image-16207\" src=\"https:\/\/iuzb.de\/wp-content\/uploads\/2015\/10\/2015-10-05-Olympiapark-2-300x168.jpg\" alt=\"2015-10-05-olympiapark-2\" width=\"300\" height=\"168\" srcset=\"https:\/\/iuzb.de\/wp-content\/uploads\/2015\/10\/2015-10-05-Olympiapark-2-300x168.jpg 300w, https:\/\/iuzb.de\/wp-content\/uploads\/2015\/10\/2015-10-05-Olympiapark-2-768x431.jpg 768w, https:\/\/iuzb.de\/wp-content\/uploads\/2015\/10\/2015-10-05-Olympiapark-2-1024x575.jpg 1024w, https:\/\/iuzb.de\/wp-content\/uploads\/2015\/10\/2015-10-05-Olympiapark-2.jpg 1600w\" sizes=\"auto, (max-width: 300px) 100vw, 300px\" \/><\/a>Eine logistische Meisterleistung aller am Olympiapark T\u00e4tigen:<\/p>\n<p style=\"text-align: justify\">In den letzten vier (4) Wochen wurden mehr als viertausendf\u00fcnfhundert (4500) Hilfsbed\u00fcrftige Menschen durch den Olympiapark &#8222;geschleust&#8220; ! Diese Zahl beruht auf der vorl\u00e4ufigen Auswertung des Betreibers der Anlage, w\u00e4re aber eher nach oben zu korrigieren. Sehr viele dieser Menschen haben medizinische\/zahnmedizinische Hilfe in unserem Sanibunker gesucht!<\/p>\n<p style=\"text-align: justify\">Selbstverst\u00e4ndlich d\u00fcrfen Sie die Fotos verwenden. Falls von Interesse h\u00e4nge ich noch ein Bild von mir w\u00e4hrend einer Behandlung an.<br \/>\n&#8211; ohne meine mit Licht ausgestattete Brille w\u00e4re eine &#8222;Arbeit&#8220; hier noch schwerer m\u00f6glich!<\/p>\n<p style=\"text-align: justify\">Da wir nur die in einer Umkleidekabine \u00fcbliche Deckenbeleuchtung zur Verf\u00fcgung haben, haben sich auch die anderen hier t\u00e4tigen Kollegen mit irgendeiner Art Kopfbeleuchtung ausgestattet&#8230;.<\/p>\n<p style=\"text-align: justify\">Der &#8222;Massagestuhl&#8220; l\u00e4sst sich in der H\u00f6he gar nicht, im R\u00fcckenbereich nur mit Hilfe in Sitz- oder Liegeposition verstellen (Hallo R\u00fccken!)&#8230;.aber besser als ein Gartenstuhl ist diese L\u00f6sung auf jeden Fall.<\/p>\n<p style=\"text-align: justify\">Herzlichst<\/p>\n<p style=\"text-align: justify\">Sabine Schweden<\/p>\n<ul>\n<li style=\"text-align: justify\">D<a href=\"https:\/\/docs.google.com\/spreadsheets\/d\/17gh_NiACNe2CJuS3Zw2U_nQWNdK6tI65evhf9T2ieQY\/edit?pli=1#gid=19702894\" target=\"_blank\" rel=\"noopener\">ienstplan Olympiapark<\/a> &#8211; Ersthelfer und Weiterbehandlungspraxen<\/li>\n<\/ul>\n<p><\/div>\n\t\t\t<\/div><\/p>\n<\/div>\n<p>&nbsp;<\/p>\n<p><strong>08.10.2015 &#8211; ZA Gerhard Gneist &#8211; Neuer LaGeSo Standort Bundesallee<\/strong><\/p>\n<div>\n<p style=\"text-align: justify;\"><div class=\"spoiler-wrap\">\n\t\t\t\t<div class=\"spoiler-head folded\">Spoiler<\/div>\n\t\t\t\t<div class=\"spoiler-body\">Ich war heute Morgen mit den Verantwortlichen zur Besichtigung in der Bundesallee 171, in dem ab den 15.10.2015!!!!!, die Registrierung der Fl\u00fcchtlinge stattfinden soll. Das LaGeSo in der Turmstra\u00dfe soll dann geschlossen werden.<\/p>\n<p style=\"text-align: justify\">Die Bundesallee 171 war ein altes Sparkassen Geb\u00e4ude, in dem die Vorst\u00e4nde, \u00fcber den D\u00e4chern von Berlin speisten. Alles hat noch 70-Jahre-Chic und wurde die letzten Jahre als Filmkulisse genutzt. Eine &#8222;coole Location&#8220;!!!!!<\/p>\n<ul style=\"text-align: justify\">\n<li>In dieses Geb\u00e4ude kommen nur die Menschen, aus ihren Not-Unterk\u00fcnften, die dort registriert werden.<\/li>\n<li>Keine Menschen sollen ohne Registrierung zur\u00fcck in ihre Unterk\u00fcnfte geschickt werden!!!!<\/li>\n<li>Es stehen im Erdgescho\u00df zwei R\u00e4ume zur \u00e4rztlichen Versorgung, im Erdgeschoss zur Verf\u00fcgung.<\/li>\n<\/ul>\n<p style=\"text-align: justify\"><strong>Ich bin der Meinung, dass wir Zahn\u00e4rzte nicht in der Bundesallee t\u00e4tig werden m\u00fcssen.<\/strong><\/p>\n<p style=\"text-align: justify\">Da die Menschen aus ihren Not-Unterk\u00fcnften mit Bussen und mit einem festen Termin zur Registrierung gebracht werden und anschlie\u00dfend wieder zur\u00fcck, halte ich es f\u00fcr notwendiger, die Menschen in ihren Unterk\u00fcnften zu screenen und gegebenenfalls von dort aus zu einer Weiterbehandlungspraxis zu schicken.<\/p>\n<p style=\"text-align: justify\">In den Unterk\u00fcnften haben die Fl\u00fcchtlinge viel Zeit und brauchen keine Angst zu haben, dass ihre \u201eNummer\u201c aufgerufen wird, w\u00e4hrend sie beim Zahnarzt sind.<\/p>\n<p style=\"text-align: justify\">Gerhard Gneist<\/p>\n<p style=\"text-align: justify\">Lieber Uwe, kannst Du meinen Bericht bitte versenden und um<strong> Stellungnahmen der anderen Helfer<\/strong> bitten.<br \/>\nLg<\/p>\n<p>Von meinem iPad gesendet<\/p>\n<p>Anmerkung Ge&#8230;.: <a href=\"http:\/\/www.tagesspiegel.de\/berlin\/fluechtlinge-in-berlin-die-zustaende-vor-dem-lageso-sind-lebensgefaehrlich\/12428050.html\" target=\"_blank\" rel=\"noopener\">Tagesspiegel<\/a> berichtet 08.10. um 22:07 Uhr:<br \/>\na) Bundesallee soll am 15. Oktober er\u00f6ffnet werden.<br \/>\nb) <strong>Die \u00fcberlastete Aufnahmestelle in Moabit soll zust\u00e4ndig f\u00fcr Fl\u00fcchtlinge bleiben, die l\u00e4nger als drei Monate in Berlin sind<\/strong>. In der Bundesallee sollen Neuank\u00f6mmlinge aufgenommen werden. Diese machen die H\u00e4lfte der Lageso-Besucher aus.<\/p>\n<p><\/div>\n\t\t\t<\/div><\/p>\n<\/div>\n<p><span style=\"color: #ffffff;\">.<\/span><\/p>\n","protected":false},"excerpt":{"rendered":"<p>Neue Berichte mit herzlichen Dank an die Berichterstatter: . 08.10.2015 &#8211; ZA Dr. Peter Nachtweh &#8211; Neuer zahn\u00e4rztlicher Ersthelferstandort Messehalle 26 nimmt ab Montag, 12. Oktober 2015 seinen Dienst auf [&#8230;]<\/p>\n","protected":false},"author":13,"featured_media":0,"comment_status":"closed","ping_status":"closed","sticky":false,"template":"","format":"standard","meta":{"ngg_post_thumbnail":0,"iawp_total_views":0,"footnotes":""},"categories":[165],"tags":[],"class_list":["post-15018","post","type-post","status-publish","format-standard","hentry","category-fluechtlingshilfe"],"_links":{"self":[{"href":"https:\/\/iuzb.de\/index.php?rest_route=\/wp\/v2\/posts\/15018","targetHints":{"allow":["GET"]}}],"collection":[{"href":"https:\/\/iuzb.de\/index.php?rest_route=\/wp\/v2\/posts"}],"about":[{"href":"https:\/\/iuzb.de\/index.php?rest_route=\/wp\/v2\/types\/post"}],"author":[{"embeddable":true,"href":"https:\/\/iuzb.de\/index.php?rest_route=\/wp\/v2\/users\/13"}],"replies":[{"embeddable":true,"href":"https:\/\/iuzb.de\/index.php?rest_route=%2Fwp%2Fv2%2Fcomments&post=15018"}],"version-history":[{"count":5,"href":"https:\/\/iuzb.de\/index.php?rest_route=\/wp\/v2\/posts\/15018\/revisions"}],"predecessor-version":[{"id":41896,"href":"https:\/\/iuzb.de\/index.php?rest_route=\/wp\/v2\/posts\/15018\/revisions\/41896"}],"wp:attachment":[{"href":"https:\/\/iuzb.de\/index.php?rest_route=%2Fwp%2Fv2%2Fmedia&parent=15018"}],"wp:term":[{"taxonomy":"category","embeddable":true,"href":"https:\/\/iuzb.de\/index.php?rest_route=%2Fwp%2Fv2%2Fcategories&post=15018"},{"taxonomy":"post_tag","embeddable":true,"href":"https:\/\/iuzb.de\/index.php?rest_route=%2Fwp%2Fv2%2Ftags&post=15018"}],"curies":[{"name":"wp","href":"https:\/\/api.w.org\/{rel}","templated":true}]}}