{"id":15017,"date":"2015-10-04T18:53:02","date_gmt":"2015-10-04T17:53:02","guid":{"rendered":"http:\/\/www.iuzb.org\/wordpress\/?p=12921"},"modified":"2016-11-22T17:06:43","modified_gmt":"2016-11-22T16:06:43","slug":"auskunftsanspruch-von-pressevertretern-richtet-sich-nicht-nur-gegen-die-exekutive-sondern-auch-gegen-die-legislative-und-zwar-auch-insoweit-als-diese-parlamentarische-aufgaben-wahrnimmt","status":"publish","type":"post","link":"https:\/\/iuzb.de\/?p=15017","title":{"rendered":"Auskunftsanspruch der Presse richtet sich nicht nur gegen die Exekutive, sondern auch gegen die Legislative, und zwar auch insoweit, als diese parlamentarische Aufgaben wahrnimmt"},"content":{"rendered":"<p>Verwaltungsgericht Berlin, Az 27 L 126.15 vom 27.09.2015:<\/p>\n<div class=\"docLayoutMarginTopMore\">\n<h4 class=\"doc\">Leitsatz<\/h4>\n<\/div>\n<div class=\"docLayoutMarginTop\">\n<div>\n<dl class=\"RspDL\">\n<dt><\/dt>\n<dd>\n<p style=\"text-align: justify;\">1) <strong>Der verfassungsunmittelbare Auskunftsanspruch von Pressevertretern richtet sich nicht nur gegen die Exekutive, sondern auch gegen die Legislative, und zwar auch insoweit, als diese parlamentarische Aufgaben wahrnimmt.<\/strong><\/p>\n<p style=\"text-align: justify;\">2) Das Interesse der Presse an der Auskunft dar\u00fcber, welche Parlamentarischen Gesch\u00e4ftsf\u00fchrer welcher Bundestagsfraktionen die Erteilung von Bundestagshausausweisen jeweils f\u00fcr Interessenvertreter welcher Verb\u00e4nde\/Organisationen\/Unternehmen bef\u00fcrwortet haben, \u00fcberwiegt die Interessen der betreffenden Parlamentarischen Gesch\u00e4ftsf\u00fchrer, deren Fraktionen und der Abgeordneten dieser Franktionen sowie der betreffenden Verb\u00e4nde\/Organisationen\/Unternehmen an der Vertraulichkeit jener Informationen.<\/p>\n<\/dd>\n<\/dl>\n<p style=\"text-align: justify;\"><span style=\"color: #ffffff;\">.<\/span><\/p>\n<p><a href=\"http:\/\/www.gerichtsentscheidungen.berlin-brandenburg.de\/jportal\/portal\/t\/vjw\/bs\/10\/page\/sammlung.psml?pid=Dokumentanzeige&amp;showdoccase=1&amp;js_peid=Trefferliste&amp;documentnumber=1&amp;numberofresults=32&amp;fromdoctodoc=yes&amp;doc.id=JURE150015155&amp;doc.part=L&amp;doc.price=0.0&amp;doc.hl=1#focuspoint\" target=\"_blank\">Urteil<\/a><\/p>\n<p><span style=\"color: #ffffff;\">.<\/span><\/p>\n<\/div>\n<\/div>\n","protected":false},"excerpt":{"rendered":"<p>Verwaltungsgericht Berlin, Az 27 L 126.15 vom 27.09.2015: Leitsatz 1) Der verfassungsunmittelbare Auskunftsanspruch von Pressevertretern richtet sich nicht nur gegen die Exekutive, sondern auch gegen die Legislative, und zwar auch [&#8230;]<\/p>\n","protected":false},"author":13,"featured_media":0,"comment_status":"closed","ping_status":"closed","sticky":false,"template":"","format":"standard","meta":{"ngg_post_thumbnail":0,"iawp_total_views":1,"footnotes":""},"categories":[108],"tags":[],"class_list":["post-15017","post","type-post","status-publish","format-standard","hentry","category-datenschutz-und-informationsfreiheit"],"_links":{"self":[{"href":"https:\/\/iuzb.de\/index.php?rest_route=\/wp\/v2\/posts\/15017","targetHints":{"allow":["GET"]}}],"collection":[{"href":"https:\/\/iuzb.de\/index.php?rest_route=\/wp\/v2\/posts"}],"about":[{"href":"https:\/\/iuzb.de\/index.php?rest_route=\/wp\/v2\/types\/post"}],"author":[{"embeddable":true,"href":"https:\/\/iuzb.de\/index.php?rest_route=\/wp\/v2\/users\/13"}],"replies":[{"embeddable":true,"href":"https:\/\/iuzb.de\/index.php?rest_route=%2Fwp%2Fv2%2Fcomments&post=15017"}],"version-history":[{"count":1,"href":"https:\/\/iuzb.de\/index.php?rest_route=\/wp\/v2\/posts\/15017\/revisions"}],"predecessor-version":[{"id":15589,"href":"https:\/\/iuzb.de\/index.php?rest_route=\/wp\/v2\/posts\/15017\/revisions\/15589"}],"wp:attachment":[{"href":"https:\/\/iuzb.de\/index.php?rest_route=%2Fwp%2Fv2%2Fmedia&parent=15017"}],"wp:term":[{"taxonomy":"category","embeddable":true,"href":"https:\/\/iuzb.de\/index.php?rest_route=%2Fwp%2Fv2%2Fcategories&post=15017"},{"taxonomy":"post_tag","embeddable":true,"href":"https:\/\/iuzb.de\/index.php?rest_route=%2Fwp%2Fv2%2Ftags&post=15017"}],"curies":[{"name":"wp","href":"https:\/\/api.w.org\/{rel}","templated":true}]}}