{"id":15011,"date":"2015-09-19T21:45:15","date_gmt":"2015-09-19T20:45:15","guid":{"rendered":"http:\/\/www.iuzb.org\/wordpress\/?p=12836"},"modified":"2016-11-19T21:21:39","modified_gmt":"2016-11-19T20:21:39","slug":"baby-elisabeth","status":"publish","type":"post","link":"https:\/\/iuzb.de\/?p=15011","title":{"rendered":"Baby Elisabeth"},"content":{"rendered":"<p>Bericht der Spandauer Zahn\u00e4rztin Frau Sabine Schweden vom zahn\u00e4rztlichen Ersthelferstandort am <a href=\"https:\/\/www.google.de\/maps\/place\/Glockenturmstra%C3%9Fe+3,+14053+Berlin\/@52.51332,13.22904,17z\/data=!3m1!4b1!4m2!3m1!1s0x47a8570462179851:0x2baab61759300782\" target=\"_blank\">Olympiapark<\/a>:<\/p>\n<div><span style=\"font-size: 14pt;\"><strong>Gestern ist &#8222;Elisabeth&#8220; angekommen!<\/strong><\/span><\/div>\n<div style=\"text-align: justify;\"><span style=\"color: #ffffff;\">.<\/span><\/div>\n<div style=\"text-align: justify;\">Mit dem ersten Fl\u00fcchtlingstransport gestern um 11.00 ist Baby Elisabeth und ihre Eltern angekommen. Das kleine M\u00e4dchen wurde auf der Flucht vor 8 Tagen geboren. Mama, Papa und Baby geht es gut. Die Eltern haben der kleinen neuen Erdenb\u00fcrgerin den Namen Elisabeth gegeben.<\/div>\n<div style=\"text-align: justify;\"><span style=\"color: #ffffff;\">.<\/span><\/div>\n<div style=\"text-align: justify;\">Ich war gleich heute fr\u00fch wieder bei der kleinen Familie und habe nach dem Baby geschaut. Alle sind \u00fcberaus gl\u00fccklich ein Dach \u00fcber dem Kopf zu haben!<\/div>\n<div style=\"text-align: justify;\"><span style=\"color: #ffffff;\">.<\/span><\/div>\n<div style=\"text-align: justify;\">F\u00fcr das beigef\u00fcgte Foto von Elisabeth und ihrem Papa liegt eine schriftliche Genehmigung zur Ver\u00f6ffentlichung des Bildes bei den Betreibern der Fl\u00fcchtlingsunterkunft (Albatrosggmbh) im &#8222;B\u00fcro&#8220; des Olympiapark vor!<\/div>\n<div style=\"text-align: justify;\"><span style=\"color: #ffffff;\">.<\/span><\/div>\n<div>\n<div style=\"text-align: justify;\">Herzlichst<\/div>\n<div>Sabine Schweden<\/div>\n<\/div>\n<div><span style=\"color: #ffffff;\">.<\/span><\/div>\n<div><a href=\"https:\/\/iuzb.de\/wp-content\/uploads\/2015\/09\/2015-09-18-Elisabeth-verkleinert.jpg\" target=\"_blank\"><img loading=\"lazy\" decoding=\"async\" class=\"alignnone size-large wp-image-16216\" src=\"https:\/\/iuzb.de\/wp-content\/uploads\/2015\/09\/2015-09-18-Elisabeth-verkleinert-1024x768.jpg\" alt=\"2015-09-18-elisabeth-verkleinert\" width=\"860\" height=\"645\" srcset=\"https:\/\/iuzb.de\/wp-content\/uploads\/2015\/09\/2015-09-18-Elisabeth-verkleinert-1024x768.jpg 1024w, https:\/\/iuzb.de\/wp-content\/uploads\/2015\/09\/2015-09-18-Elisabeth-verkleinert-300x225.jpg 300w, https:\/\/iuzb.de\/wp-content\/uploads\/2015\/09\/2015-09-18-Elisabeth-verkleinert-768x576.jpg 768w, https:\/\/iuzb.de\/wp-content\/uploads\/2015\/09\/2015-09-18-Elisabeth-verkleinert.jpg 1600w\" sizes=\"auto, (max-width: 860px) 100vw, 860px\" \/><\/a><\/div>\n<p>&nbsp;<\/p>\n","protected":false},"excerpt":{"rendered":"<p>Bericht der Spandauer Zahn\u00e4rztin Frau Sabine Schweden vom zahn\u00e4rztlichen Ersthelferstandort am Olympiapark: Gestern ist &#8222;Elisabeth&#8220; angekommen! . Mit dem ersten Fl\u00fcchtlingstransport gestern um 11.00 ist Baby Elisabeth und ihre Eltern [&#8230;]<\/p>\n","protected":false},"author":13,"featured_media":0,"comment_status":"closed","ping_status":"closed","sticky":false,"template":"","format":"standard","meta":{"ngg_post_thumbnail":0,"iawp_total_views":0,"footnotes":""},"categories":[165],"tags":[],"class_list":["post-15011","post","type-post","status-publish","format-standard","hentry","category-fluechtlingshilfe"],"_links":{"self":[{"href":"https:\/\/iuzb.de\/index.php?rest_route=\/wp\/v2\/posts\/15011","targetHints":{"allow":["GET"]}}],"collection":[{"href":"https:\/\/iuzb.de\/index.php?rest_route=\/wp\/v2\/posts"}],"about":[{"href":"https:\/\/iuzb.de\/index.php?rest_route=\/wp\/v2\/types\/post"}],"author":[{"embeddable":true,"href":"https:\/\/iuzb.de\/index.php?rest_route=\/wp\/v2\/users\/13"}],"replies":[{"embeddable":true,"href":"https:\/\/iuzb.de\/index.php?rest_route=%2Fwp%2Fv2%2Fcomments&post=15011"}],"version-history":[{"count":1,"href":"https:\/\/iuzb.de\/index.php?rest_route=\/wp\/v2\/posts\/15011\/revisions"}],"predecessor-version":[{"id":16217,"href":"https:\/\/iuzb.de\/index.php?rest_route=\/wp\/v2\/posts\/15011\/revisions\/16217"}],"wp:attachment":[{"href":"https:\/\/iuzb.de\/index.php?rest_route=%2Fwp%2Fv2%2Fmedia&parent=15011"}],"wp:term":[{"taxonomy":"category","embeddable":true,"href":"https:\/\/iuzb.de\/index.php?rest_route=%2Fwp%2Fv2%2Fcategories&post=15011"},{"taxonomy":"post_tag","embeddable":true,"href":"https:\/\/iuzb.de\/index.php?rest_route=%2Fwp%2Fv2%2Ftags&post=15011"}],"curies":[{"name":"wp","href":"https:\/\/api.w.org\/{rel}","templated":true}]}}