{"id":15010,"date":"2015-10-04T06:29:17","date_gmt":"2015-10-04T05:29:17","guid":{"rendered":"http:\/\/www.iuzb.org\/wordpress\/?p=12833"},"modified":"2016-11-19T21:13:01","modified_gmt":"2016-11-19T20:13:01","slug":"helfende-zahn-aerzte-im-pressespiegel","status":"publish","type":"post","link":"https:\/\/iuzb.de\/?p=15010","title":{"rendered":"Helfende Zahn-\u00c4rzte im Pressespiegel"},"content":{"rendered":"<p>Pressespiegel:<\/p>\n<table style=\"height: 396px;\" width=\"610\">\n<tbody>\n<tr>\n<td>01.10.2015<\/td>\n<td>zm<\/td>\n<td>In der Erstaufnahmestelle Berlin-Moabit &#8211; <a href=\"http:\/\/www.zm-online.de\/hefte\/Abseits-der-gewohnten-Standards_309867.html#6\" target=\"_blank\">lesen<\/a><\/td>\n<\/tr>\n<tr>\n<td>30.09.2015<\/td>\n<td>Dental Magazin<\/td>\n<td>Das alte Rathaus in Berlin-Wilmersdorf dient Zahnarzt Dr. Peter Nachtweh als Arbeitsplatz. In der Notunterkunft betreut er ehrenamtlich das zahnmedizinische Screening f\u00fcr Fl\u00fcchtlinge. Die improvisierten Bedingungen hier sind gut, sagt er. &#8211; <a href=\"http:\/\/www.dentalmagazin.de\/news\/Ehrenamtlich-fuer-Fluechtlinge-in-Berlin-im-Einsatz_309713.html#1\" target=\"_blank\">lesen<\/a><\/td>\n<\/tr>\n<tr>\n<td>23.09.2015<\/td>\n<td>Abendschau<\/td>\n<td>Fl\u00fcchtlinge und Qualifikation &#8211; Wie sollen Fl\u00fcchtlinge am Arbeitsmarkt integriert werden?<br \/>\nBeispiel: Ein KFO-Zahnarzt aus Syrien &#8211; <a href=\"https:\/\/www.rbb-online.de\/abendschau\/archiv\/20150923_1930\/fluechtlinge-am-arbeitsmarkt.html\" target=\"_blank\">ansehen<\/a><\/td>\n<\/tr>\n<tr>\n<td>18.09.2015<\/p>\n<p>&nbsp;<\/td>\n<td>zm<\/p>\n<p>&nbsp;<\/td>\n<td><strong>Zahn\u00e4rztekammer ruft Kollegen zur Mithilfe auf<\/strong><br \/>\nDr. Abdalbary Mihmud ist Syrer, betreibt in Berlin eine Zahnarztpraxis und engagiert sich seit f\u00fcnf Monaten ehrenamtlich f\u00fcr Fl\u00fcchtlinge. Im Gespr\u00e4ch berichtet \u00fcber desolate Gebisse sowie die Suche nach Helfern und Sachspenden. &#8211; <a href=\"http:\/\/www.zm-online.de\/home\/zahnmedizin\/Zahnaerztekammer-ruft-Kollegen-zur-Mithilfe-auf_308895.html\" target=\"_blank\">lesen<\/a><\/td>\n<\/tr>\n<tr>\n<td>14.09.2014<\/p>\n<p>&nbsp;<\/td>\n<td>TSP<\/p>\n<p>&nbsp;<\/td>\n<td><strong>Helles Deutschland<\/strong><br \/>\nAls er geh\u00f6rt hat, dass die medizinische Versorgung der Fl\u00fcchtlinge nicht einfach ist, hat Helmut Dohmeier-de Haan, 69, pensionierter Zahnarzt aus Sch\u00f6neberg, die Initiative ergriffen. &#8211; <a href=\"http:\/\/www.tagesspiegel.de\/berlin\/helles-deutschland\/12318610.html\" target=\"_blank\">lesen<\/a><\/td>\n<\/tr>\n<tr>\n<td>14.09.2015<\/p>\n<p>&nbsp;<\/td>\n<td>Spiegel<\/p>\n<p>&nbsp;<\/td>\n<td><strong>&#8222;Wir machen es, oder niemand macht es&#8220;<\/strong><br \/>\nAus dem Nichts haben ehrenamtliche Helfer in Berlin einen medizinischen Behandlungsraum f\u00fcr Fl\u00fcchtlinge aufgebaut. Eine tragende Rolle spielt \u00c4rztin Dinah Laubisch. &#8211; <a href=\"http:\/\/www.spiegel.de\/panorama\/fluechtlinge-wie-aerzte-in-berlin-ehrenamtlich-helfen-a-1052796.html\" target=\"_blank\">lesen<\/a><\/td>\n<\/tr>\n<tr>\n<td>11.09.2015<\/p>\n<p>&nbsp;<\/td>\n<td>zm<\/p>\n<p>&nbsp;<\/td>\n<td><strong>\u201eEin K\u00fcchenstuhl war unsere Behandlungseinheit\u201c<\/strong><br \/>\nDie Fl\u00fcchtlingswelle bringt den Berliner Senat an seine Grenzen. Wir waren in der Erstaufnahmestelle und haben mit dem Zahnarzt Dr. Helmut Dohmeier- de Haan \u00fcber seine Arbeit vor Ort gesprochen. &#8211; <a href=\"http:\/\/www.zm-online.de\/hilfsaktionen\/einsaetze\/Ein-Kuechenstuhl-war-unsere-Behandlungseinheit_307142.html#1\" target=\"_blank\">lesen<\/a><\/td>\n<\/tr>\n<\/tbody>\n<\/table>\n<p>&nbsp;<\/p>\n","protected":false},"excerpt":{"rendered":"<p>Pressespiegel: 01.10.2015 zm In der Erstaufnahmestelle Berlin-Moabit &#8211; lesen 30.09.2015 Dental Magazin Das alte Rathaus in Berlin-Wilmersdorf dient Zahnarzt Dr. Peter Nachtweh als Arbeitsplatz. In der Notunterkunft betreut er ehrenamtlich [&#8230;]<\/p>\n","protected":false},"author":13,"featured_media":0,"comment_status":"closed","ping_status":"closed","sticky":false,"template":"","format":"standard","meta":{"ngg_post_thumbnail":0,"iawp_total_views":1,"footnotes":""},"categories":[165],"tags":[],"class_list":["post-15010","post","type-post","status-publish","format-standard","hentry","category-fluechtlingshilfe"],"_links":{"self":[{"href":"https:\/\/iuzb.de\/index.php?rest_route=\/wp\/v2\/posts\/15010","targetHints":{"allow":["GET"]}}],"collection":[{"href":"https:\/\/iuzb.de\/index.php?rest_route=\/wp\/v2\/posts"}],"about":[{"href":"https:\/\/iuzb.de\/index.php?rest_route=\/wp\/v2\/types\/post"}],"author":[{"embeddable":true,"href":"https:\/\/iuzb.de\/index.php?rest_route=\/wp\/v2\/users\/13"}],"replies":[{"embeddable":true,"href":"https:\/\/iuzb.de\/index.php?rest_route=%2Fwp%2Fv2%2Fcomments&post=15010"}],"version-history":[{"count":1,"href":"https:\/\/iuzb.de\/index.php?rest_route=\/wp\/v2\/posts\/15010\/revisions"}],"predecessor-version":[{"id":16210,"href":"https:\/\/iuzb.de\/index.php?rest_route=\/wp\/v2\/posts\/15010\/revisions\/16210"}],"wp:attachment":[{"href":"https:\/\/iuzb.de\/index.php?rest_route=%2Fwp%2Fv2%2Fmedia&parent=15010"}],"wp:term":[{"taxonomy":"category","embeddable":true,"href":"https:\/\/iuzb.de\/index.php?rest_route=%2Fwp%2Fv2%2Fcategories&post=15010"},{"taxonomy":"post_tag","embeddable":true,"href":"https:\/\/iuzb.de\/index.php?rest_route=%2Fwp%2Fv2%2Ftags&post=15010"}],"curies":[{"name":"wp","href":"https:\/\/api.w.org\/{rel}","templated":true}]}}