{"id":15005,"date":"2015-09-05T20:40:49","date_gmt":"2015-09-05T19:40:49","guid":{"rendered":"http:\/\/www.iuzb.org\/wordpress\/?p=12683"},"modified":"2016-11-19T22:12:53","modified_gmt":"2016-11-19T21:12:53","slug":"fluechtlingshilfe-bericht-vom-weiterhin-schwierigen-standort-tiergarten","status":"publish","type":"post","link":"https:\/\/iuzb.de\/?p=15005","title":{"rendered":"Fl\u00fcchtlingshilfe: Bericht vom weiterhin schwierigen Standort Tiergarten"},"content":{"rendered":"<p>Nachfolgend der Bericht von Herrn Dr. Helmut Dohmeier-de Haan von Sonnabend, 05.09.2015 vom Standort Tiergarten\/Moabit (LaGeSo):<\/p>\n<p>&nbsp;<\/p>\n<p style=\"text-align: justify;\">Liebe Kolleginnen und Kollegen,<\/p>\n<p style=\"text-align: justify;\">heute (Samstag) befindet sich vor dem LaGeSo kein einziger Fl\u00fcchtling. Von freitags 18:00 Uhr bis montags 8:00 Uhr wird nicht registriert.<br \/>\n(Ich will das nicht werten, da ich die genauen Hintergr\u00fcnde nicht kenne aber angesichts der langen Wartezeiten von bis zu 10 Tagen wundert es mich schon!)<\/p>\n<p style=\"text-align: justify;\">Peter Nachtweh und ich haben uns die Situation auf dem leeren Gel\u00e4nde heute noch einmal angesehen und mussten \u00fcberraschend feststellen:<\/p>\n<ul style=\"text-align: justify;\">\n<li>Die drei von den Johannitern aufgestellten Zelte (eins davon wollten wir nutzen) sind in sich zusammengefallen. Sie werden durch einen st\u00e4ndigen Luftstrom stabilisiert. Durch das Abschalten des Stroms an den Wochenenden und Abends ist dies dann nicht mehr gew\u00e4hrleistet. Der Strom wird abgeschaltet, damit die Zelte nicht als Schlafst\u00e4tten genutzt werden k\u00f6nnen.<br \/>\n<span style=\"color: #ffffff;\">.<\/span><\/li>\n<li>Die am Freitag in \u201eunserem\u201c Zelt abgestellten St\u00fchle (der Stuhl mit Kopfst\u00fctze und der Behandlersessel) sind verschwunden bzw. jetzt an anderer Stelle gelagert (hoffentlich!). Die Zelte sind allerdings auch nicht abschlie\u00dfbar und das gesamte Gel\u00e4nde unterliegt offensichtlich auch keiner strengen Bewachung. Insgesamt befindet sich das Gel\u00e4nde in einem beklagenswerten Zustand voller M\u00fcll. Man kann nur hoffen, dass sich diese unw\u00fcrdige Situation bis Montag 8.00 Uhr wieder \u00e4ndert.<br \/>\n<span style=\"color: #ffffff;\">.<\/span><\/li>\n<li>Damit ist die angedachte und versuchte Umsetzung der r\u00e4umlichen Trennung der Untersuchungen unterschiedlicher Fachrichtungen zun\u00e4chst nicht umsetzbar. Diese L\u00f6sung hatte allerdings auch den Nachteil, dass bei der Behandlung und Untersuchung multimorbider Patienten &#8211; durch die r\u00e4umliche Entfernung von ca. 150 m &#8211; die Kommunikation mit den anderen Medizinern und jeweiligen Dolmetschern sehr erschwert gewesen w\u00e4re.<br \/>\n<span style=\"color: #ffffff;\">.<\/span><\/li>\n<li>Wir sind zu der \u00dcberzeugung gekommen, dass wir dennoch weiterhin einen eigenen zahnmedizinischen Untersuchungsraum in der N\u00e4he der vorhandenen medizinischen Station anstreben sollten. Da wir keinen unmittelbaren Zugang zu den Verantwortlichen f\u00fcr das Raummanagement im LaGeSo haben, gilt es in den n\u00e4chsten Tagen \u00fcber die Organisatoren von \u201e<a href=\"http:\/\/moabit-hilft.com\/\" target=\"_blank\">Moabit hilft<\/a>&#8220; (oder \u00fcber die Kontakte unserer Kammer bzw. KZV?), eine andere L\u00f6sung zu finden.<br \/>\n<span style=\"color: #ffffff;\">.<\/span><\/li>\n<li>Die angedachte Anmietung\/Kauf eines Containers oder eines stabilen Zeltes h\u00e4tten den gro\u00dfen Vorteil der Flexibilit\u00e4t, Unabh\u00e4ngigkeit und Wiederverwendbarkeit.<\/li>\n<\/ul>\n<p style=\"text-align: justify;\">In diesem Zusammenhang m\u00f6chte ich noch einmal betonen, dass nach unserer Einsch\u00e4tzung vor Ort die Notwendigkeit der Einrichtung eines vollst\u00e4ndig ausgestatteten Behandlungsraumes zurzeit mit zu vielen Unw\u00e4gbarkeiten verbunden ist. Keiner scheint genau zu wissen, wie lange die Erstregistrierung noch in Moabit verbleibt oder demn\u00e4chst an anderen Orten um zus\u00e4tzliche Kapazit\u00e4ten ausgeweitet wird. Soviel f\u00fcr heute.<\/p>\n<p style=\"text-align: justify;\">F\u00fcr Kommentare, Vorschl\u00e4ge und Anregungen immer dankbar!<\/p>\n<p style=\"text-align: justify;\">Ihr H. Dohmeier-de Haan<\/p>\n<p style=\"text-align: justify;\">\n<p><span style=\"color: #000000;\">\u00a0<\/span><\/p>\n<p><span style=\"color: #000000;\">ngg_shortcode_0_placeholder<\/span><\/p>\n<p>&nbsp;<\/p>\n","protected":false},"excerpt":{"rendered":"<p>Nachfolgend der Bericht von Herrn Dr. Helmut Dohmeier-de Haan von Sonnabend, 05.09.2015 vom Standort Tiergarten\/Moabit (LaGeSo): &nbsp; Liebe Kolleginnen und Kollegen, heute (Samstag) befindet sich vor dem LaGeSo kein einziger [&#8230;]<\/p>\n","protected":false},"author":13,"featured_media":0,"comment_status":"closed","ping_status":"closed","sticky":false,"template":"","format":"standard","meta":{"ngg_post_thumbnail":0,"iawp_total_views":1,"footnotes":""},"categories":[165],"tags":[],"class_list":["post-15005","post","type-post","status-publish","format-standard","hentry","category-fluechtlingshilfe"],"_links":{"self":[{"href":"https:\/\/iuzb.de\/index.php?rest_route=\/wp\/v2\/posts\/15005","targetHints":{"allow":["GET"]}}],"collection":[{"href":"https:\/\/iuzb.de\/index.php?rest_route=\/wp\/v2\/posts"}],"about":[{"href":"https:\/\/iuzb.de\/index.php?rest_route=\/wp\/v2\/types\/post"}],"author":[{"embeddable":true,"href":"https:\/\/iuzb.de\/index.php?rest_route=\/wp\/v2\/users\/13"}],"replies":[{"embeddable":true,"href":"https:\/\/iuzb.de\/index.php?rest_route=%2Fwp%2Fv2%2Fcomments&post=15005"}],"version-history":[{"count":1,"href":"https:\/\/iuzb.de\/index.php?rest_route=\/wp\/v2\/posts\/15005\/revisions"}],"predecessor-version":[{"id":16227,"href":"https:\/\/iuzb.de\/index.php?rest_route=\/wp\/v2\/posts\/15005\/revisions\/16227"}],"wp:attachment":[{"href":"https:\/\/iuzb.de\/index.php?rest_route=%2Fwp%2Fv2%2Fmedia&parent=15005"}],"wp:term":[{"taxonomy":"category","embeddable":true,"href":"https:\/\/iuzb.de\/index.php?rest_route=%2Fwp%2Fv2%2Fcategories&post=15005"},{"taxonomy":"post_tag","embeddable":true,"href":"https:\/\/iuzb.de\/index.php?rest_route=%2Fwp%2Fv2%2Ftags&post=15005"}],"curies":[{"name":"wp","href":"https:\/\/api.w.org\/{rel}","templated":true}]}}