{"id":15004,"date":"2015-09-05T16:02:07","date_gmt":"2015-09-05T15:02:07","guid":{"rendered":"http:\/\/www.iuzb.org\/wordpress\/?p=12675"},"modified":"2016-11-19T22:16:09","modified_gmt":"2016-11-19T21:16:09","slug":"fluechtlingshilfe-perspektiven-fuer-den-standort-wilmersdorf","status":"publish","type":"post","link":"https:\/\/iuzb.de\/?p=15004","title":{"rendered":"Fl\u00fcchtlingshilfe: Perspektiven f\u00fcr den Standort Wilmersdorf"},"content":{"rendered":"<p><strong>Nachfolgend der Bericht von Herrn Dr. Peter Nachtweh von Sonnabend, 05.09.2015 mit Schwerpunkt vom Standort Wilmersdorf:<\/strong><\/p>\n<p>&nbsp;<\/p>\n<p style=\"text-align: justify;\">Liebe Kolleginnen und Kollegen, liebe Helfer und Helferinnen, liebe Mitstreiter,<\/p>\n<p style=\"text-align: justify;\">heute war ich am Ruhetag des LaGeSo in der Turmstra\u00dfe zusammen mit Herrn Dr. Dohmeier, um eine Bestandsaufnahme und Zukunftsplanung f\u00fcr die n\u00e4chste Woche durchzuf\u00fchren.<\/p>\n<p style=\"text-align: justify;\">Herr Dohmeier hat eindrucksvolle Fotos gemacht. Er wird eine Rundmail f\u00fcr den Bereich Moabit abfassen und versenden. Ich beschr\u00e4nke mich wieder auf Wilmersdorf und berichte aus meiner Sicht.<\/p>\n<p style=\"text-align: justify;\">Morgen ziehen wir um, und zwar in einen anderen Trakt, der bisher vom ASB genutzt wurde. In Absprache mit unseren Nachbarn, den \u00c4rzten habe ich heute einen sch\u00f6nen bescheidenen Raum f\u00fcr uns reserviert.<\/p>\n<ul style=\"text-align: justify;\">\n<li>Ab Montag geht man also noch im Durchgang zum Hof direkt nach rechts, links werden die Spenden angenommen, bleibt im Erdgeschoss und sucht den letzten Behandlungsraum auf der linken Seite auf, genau gegen\u00fcber befinden sich die Toiletten.<\/li>\n<li>Alles wird gut, besonders dann, wenn endlich der Untersuchungsstuhl steht.<\/li>\n<li>Wir bekommen im Gang einen eigenen Wartebereich.<\/li>\n<li>Wir sollen und d\u00fcrfen unsere Zahnheilkunde unabh\u00e4ngig von den Belangen der Humanmediziner aus\u00fcben und auch organisieren.<\/li>\n<li>Die Mediziner w\u00fcrden aber gerne in der von uns nicht genutzten Zeit auch unser Sprechzimmer nutzen. Nat\u00fcrlich habe ich zugesagt.<\/li>\n<li>Unsere Sprechzeiten sind jetzt fest angek\u00fcndigt.<\/li>\n<li>Wer kann, der soll und darf daf\u00fcr sorgen, dass diese Ank\u00fcndigungen noch aufdringlicher und sichtbarer verbreitet werden. Unsere Z\u00c4K hat Piktogramme versprochen.<\/li>\n<\/ul>\n<p style=\"text-align: justify;\">Ich hatte dann heute noch die Gelegenheit mit <a href=\"http:\/\/www.rbb-online.de\/abendschau\/7plus\/wilmersdorf-ehrenamtliche-helfer-werden-alleingelassen.html\" target=\"_blank\">Philip Bertram<\/a>, dem Kopf von &#8222;Wilmersdorf hilft&#8220; zu sprechen. Unsere Themen waren der Transport unserer potentiellen Patienten in die Praxen und der Versicherungsschein, den angeblich alle Registrierten haben sollen, den aber niemand vorlegen kann. Herr Bertram hat auch Kontakt aufgenommen mit der BVG. Am Dienstag bekommt er Einzelfahrscheine und Gruppenfahrscheine in gro\u00dfer Anzahl von der BVG geschenkt. In einigen Monaten werden die Registrierten mit ihrem Unterlagenpaket auch eine Berlin-Card bekommen, mit der sie kostenfrei die Verkehrsmittel nutzen d\u00fcrfen.<\/p>\n<p style=\"text-align: justify;\">Ich werde morgen f\u00fcr unsere Belange zur \u00dcberbr\u00fcckung eine gewisse Anzahl von Fahrkarten kaufen, die auch nur f\u00fcr unsere Patienten und die Begleitperson bestimmt sind. Ich werde einen internen Vermerk schreiben, wo diese Fahrkarten versteckt sind. Wahrscheinlich liegen sie in dem Ordner. Bitte notieren, wie viele Sie f\u00fcr welche Fahrt ausgegeben haben. Danke.<\/p>\n<p style=\"text-align: justify;\">Zum Thema Versicherungsschein wird Herr Bertram sich organisatorisch einbringen und zusehen, dass die Heimbewohner bei ihren Unterlagen auch endlich den Zahnschein finden.<\/p>\n<p style=\"text-align: justify;\">Bemerkenswert ist noch das Angebot der Kollegin, Frau Dr. Svetlana Savic-Paltin, Blissestr. 12 im Nahbereich des Wohnheimes, das wir in ihrer Praxis behandeln d\u00fcrfen. Damit haben wir in direkter N\u00e4he einen weiteren Standort f\u00fcr die zahn\u00e4rztliche Behandlung ausgef\u00fchrt von Zahn\u00e4rzten und Zahn\u00e4rztinnen, die noch oder nicht mehr eine eigene Praxis haben.<\/p>\n<p style=\"text-align: justify;\">In der Zahnklinik f\u00e4llt im Rahmen einer Koordinierungskonferenz die Entscheidung, in welcher Form sich die Abteilungen an der Versorgung der voruntersuchten Fl\u00fcchtlinge beteiligen k\u00f6nnen. Die Zeichen stehen gut.<\/p>\n<p style=\"text-align: justify;\">Unter diesen Gesichtspunkten bedarf es gr\u00fcndlicher \u00dcberlegungen, ob wir im Zahn\u00e4rztlichen Dienst Wilmersdorf f\u00fcr wahrscheinlich viel Geld die alte KaVo Atlantica 678 A aktivieren sollen.<\/p>\n<p style=\"text-align: justify;\">Die gleichen Sorgen hat Herr Dr. Dohmeier in Moabit. Wenn eines Tages das LaGeSo aus der Turmstra\u00dfe in die Bundesalle abzieht, haben die Z\u00c4K, die KZV und das BHZ viel Geld nutzlos investiert. Die mobilen Gegenst\u00e4nde k\u00f6nnen wir mitnehmen, aber die Installationen sind quasi verloren.<\/p>\n<p style=\"text-align: justify;\">Ich w\u00fcnsche ALLEN ein gl\u00fcckliches und zufriedenes Wochenende<\/p>\n<p style=\"text-align: justify;\">Ihr Peter Nachtweh<\/p>\n<p style=\"text-align: justify;\"><span style=\"color: #ffffff;\">.<\/span><\/p>\n","protected":false},"excerpt":{"rendered":"<p>Nachfolgend der Bericht von Herrn Dr. Peter Nachtweh von Sonnabend, 05.09.2015 mit Schwerpunkt vom Standort Wilmersdorf: &nbsp; Liebe Kolleginnen und Kollegen, liebe Helfer und Helferinnen, liebe Mitstreiter, heute war ich [&#8230;]<\/p>\n","protected":false},"author":13,"featured_media":0,"comment_status":"closed","ping_status":"closed","sticky":false,"template":"","format":"standard","meta":{"ngg_post_thumbnail":0,"iawp_total_views":1,"footnotes":""},"categories":[165],"tags":[],"class_list":["post-15004","post","type-post","status-publish","format-standard","hentry","category-fluechtlingshilfe"],"_links":{"self":[{"href":"https:\/\/iuzb.de\/index.php?rest_route=\/wp\/v2\/posts\/15004","targetHints":{"allow":["GET"]}}],"collection":[{"href":"https:\/\/iuzb.de\/index.php?rest_route=\/wp\/v2\/posts"}],"about":[{"href":"https:\/\/iuzb.de\/index.php?rest_route=\/wp\/v2\/types\/post"}],"author":[{"embeddable":true,"href":"https:\/\/iuzb.de\/index.php?rest_route=\/wp\/v2\/users\/13"}],"replies":[{"embeddable":true,"href":"https:\/\/iuzb.de\/index.php?rest_route=%2Fwp%2Fv2%2Fcomments&post=15004"}],"version-history":[{"count":1,"href":"https:\/\/iuzb.de\/index.php?rest_route=\/wp\/v2\/posts\/15004\/revisions"}],"predecessor-version":[{"id":16228,"href":"https:\/\/iuzb.de\/index.php?rest_route=\/wp\/v2\/posts\/15004\/revisions\/16228"}],"wp:attachment":[{"href":"https:\/\/iuzb.de\/index.php?rest_route=%2Fwp%2Fv2%2Fmedia&parent=15004"}],"wp:term":[{"taxonomy":"category","embeddable":true,"href":"https:\/\/iuzb.de\/index.php?rest_route=%2Fwp%2Fv2%2Fcategories&post=15004"},{"taxonomy":"post_tag","embeddable":true,"href":"https:\/\/iuzb.de\/index.php?rest_route=%2Fwp%2Fv2%2Ftags&post=15004"}],"curies":[{"name":"wp","href":"https:\/\/api.w.org\/{rel}","templated":true}]}}