{"id":15003,"date":"2015-09-03T23:59:10","date_gmt":"2015-09-03T22:59:10","guid":{"rendered":"http:\/\/www.iuzb.org\/wordpress\/?p=12665"},"modified":"2016-11-19T22:17:02","modified_gmt":"2016-11-19T21:17:02","slug":"zahnaerztekammer-berlin-hilft-fluechtlingen","status":"publish","type":"post","link":"https:\/\/iuzb.de\/?p=15003","title":{"rendered":"Zahn\u00e4rztekammer Berlin hilft Fl\u00fcchtlingen"},"content":{"rendered":"<p style=\"text-align: justify;\">Pressemitteilung der Zahn\u00e4rztekammer Berlin:<\/p>\n<p style=\"text-align: justify;\"><span style=\"font-size: 14pt;\"><strong>Zahn\u00e4rztekammer Berlin hilft Fl\u00fcchtlingen<\/strong><\/span><br \/>\n<span style=\"font-size: 14pt;\"> <strong>Berliner Zahn\u00e4rztinnen und Zahn\u00e4rzte organisieren zahnmedizinische Behandlung vor Ort<\/strong><\/span><\/p>\n<p style=\"text-align: justify;\">Berlin, 03.09.2015 \u2013 Die Zahn\u00e4rztekammer Berlin hat am 02.09.2015 unter der Leitung des Pr\u00e4sidenten der Zahn\u00e4rztekammer Berlin, Dr. Wolfgang Schmiedel, zu einem \u201eRunden Tisch\u201c zur zahnmedizinischen Erstversorgung von Fl\u00fcchtlingen eingeladen. Neben bereits ehrenamtlich t\u00e4tigen Zahn\u00e4rztinnen und Zahn\u00e4rzten beteiligten sich auch Vertreterinnen und Vertreter der Kassenzahn\u00e4rztlichen Vereinigung Berlin und des \u00d6ffentlichen Gesundheitsdienstes. Nachdem sich bereits viele Zahn\u00e4rztinnen und Zahn\u00e4rzte engagieren, haben die Teilnehmerinnen und Teilnehmer vereinbart, dass eine zentrale, schnelle und unb\u00fcrokratische Hilfe f\u00fcr alle Fl\u00fcchtlinge in Berlin erm\u00f6glicht wird. Hierf\u00fcr werden neben den Behandlungsm\u00f6glichkeiten bei allen niedergelassenen Zahn\u00e4rztinnen und Zahn\u00e4rzten neue zahnmedizinische Behandlungszentren auch f\u00fcr nicht registrierte Fl\u00fcchtlinge in Moabit und Wilmersdorf aktuell eingerichtet. Dar\u00fcber hinaus koordiniert die Zahn\u00e4rztekammer Berlin das ehrenamtliche Engagement der Zahn\u00e4rztinnen und Zahn\u00e4rzte in den derzeit 63 Berliner Fl\u00fcchtlingsunterk\u00fcnften.<\/p>\n<p style=\"text-align: justify;\">\u201eWir d\u00fcrfen unsere Augen vor der Not der zu uns gefl\u00fcchteten Menschen nicht verschlie\u00dfen. Mit dieser wichtigen Lotsenfunktion der ehrenamtlich t\u00e4tigen Zahn\u00e4rztinnen und Zahn\u00e4rzte unterst\u00fctzt die Zahn\u00e4rztekammer gemeinsam mit der Kassenzahn\u00e4rztlichen Vereinigung die Menschen vor Ort und hilft bei der Weiterleitung an niedergelassene Kolleginnen und Kollegen\u201c, so Dr. Wolfgang Schmiedel, Pr\u00e4sident der Zahn\u00e4rztekammer Berlin. In den Einrichtungen erfolgt eine Erstuntersuchung der Hilfsbed\u00fcrftigen. Das notwendige Untersuchungsmaterial organisiert die Zahn\u00e4rztekammer Berlin. \u201eIch bitte alle Kolleginnen und Kollegen und Teams in den Praxen: Helfen Sie mit, bringen Sie sich ein. Jede Hilfe z\u00e4hlt \u2013 pers\u00f6nlich, finanziell oder durch zahnmedizinische Sachspenden.\u201c<\/p>\n<p style=\"text-align: justify;\">Zahn\u00e4rztinnen, Zahn\u00e4rzte, Praxismitarbeiterinnen und -mitarbeiter haben unter der E-Mail-Adresse <a href=\"mailto:fluechtlingshilfe@zaek-berlin.de\" target=\"_blank\">fluechtlingshilfe@zaek-berlin.de<\/a> die M\u00f6glichkeit, das eigene Engagement im pers\u00f6nlichen Einsatz oder durch (Sach-)Spenden bei der Zahn\u00e4rztekammer Berlin zentral aufnehmen zu lassen.<\/p>\n<p style=\"text-align: justify;\"><strong>Die Zahn\u00e4rztekammer Berlin<\/strong><br \/>\nist die Vertretung aller rund 5.600 Zahn\u00e4rztinnen und Zahn\u00e4rzte im Land Berlin in berufsrechtlichen und berufsethischen Anliegen sowie allen Fragen der Berufsaus\u00fcbung. Sie sorgt f\u00fcr die Fortbildung der Zahn\u00e4rzte sowie f\u00fcr die Ausbildung des Fachpersonals und sichert damit eine hochwertige zahn\u00e4rztliche Versorgung ihrer Patienten. Die Zahn\u00e4rztekammer Berlin setzt sich aktiv f\u00fcr die Mundgesundheit der Bev\u00f6lkerung ein und ist Ansprechpartnerin f\u00fcr die Belange der Patienten. Die Zahn\u00e4rztekammer Berlin ist eine K\u00f6rperschaft des \u00f6ffentlichen Rechts.www.zaek-berlin.de<\/p>\n<p>Pressekontakt:<br \/>\nKornelia Kostetzko<br \/>\nPressereferentin<br \/>\nZahn\u00e4rztekammer Berlin<br \/>\nStallstra\u00dfe 1 \u250210585 Berlin<br \/>\nTel. (030) 34 808 142 \u2502 Fax (030) 34 808 242<br \/>\npresse@zaek-berlin.de \u2502 www.zaek-berlin.de<\/p>\n","protected":false},"excerpt":{"rendered":"<p>Pressemitteilung der Zahn\u00e4rztekammer Berlin: Zahn\u00e4rztekammer Berlin hilft Fl\u00fcchtlingen Berliner Zahn\u00e4rztinnen und Zahn\u00e4rzte organisieren zahnmedizinische Behandlung vor Ort Berlin, 03.09.2015 \u2013 Die Zahn\u00e4rztekammer Berlin hat am 02.09.2015 unter der Leitung des [&#8230;]<\/p>\n","protected":false},"author":13,"featured_media":0,"comment_status":"closed","ping_status":"closed","sticky":false,"template":"","format":"standard","meta":{"ngg_post_thumbnail":0,"iawp_total_views":0,"footnotes":""},"categories":[165,46],"tags":[],"class_list":["post-15003","post","type-post","status-publish","format-standard","hentry","category-fluechtlingshilfe","category-zahnaerztekammer-berlin"],"_links":{"self":[{"href":"https:\/\/iuzb.de\/index.php?rest_route=\/wp\/v2\/posts\/15003","targetHints":{"allow":["GET"]}}],"collection":[{"href":"https:\/\/iuzb.de\/index.php?rest_route=\/wp\/v2\/posts"}],"about":[{"href":"https:\/\/iuzb.de\/index.php?rest_route=\/wp\/v2\/types\/post"}],"author":[{"embeddable":true,"href":"https:\/\/iuzb.de\/index.php?rest_route=\/wp\/v2\/users\/13"}],"replies":[{"embeddable":true,"href":"https:\/\/iuzb.de\/index.php?rest_route=%2Fwp%2Fv2%2Fcomments&post=15003"}],"version-history":[{"count":2,"href":"https:\/\/iuzb.de\/index.php?rest_route=\/wp\/v2\/posts\/15003\/revisions"}],"predecessor-version":[{"id":16229,"href":"https:\/\/iuzb.de\/index.php?rest_route=\/wp\/v2\/posts\/15003\/revisions\/16229"}],"wp:attachment":[{"href":"https:\/\/iuzb.de\/index.php?rest_route=%2Fwp%2Fv2%2Fmedia&parent=15003"}],"wp:term":[{"taxonomy":"category","embeddable":true,"href":"https:\/\/iuzb.de\/index.php?rest_route=%2Fwp%2Fv2%2Fcategories&post=15003"},{"taxonomy":"post_tag","embeddable":true,"href":"https:\/\/iuzb.de\/index.php?rest_route=%2Fwp%2Fv2%2Ftags&post=15003"}],"curies":[{"name":"wp","href":"https:\/\/api.w.org\/{rel}","templated":true}]}}