{"id":15002,"date":"2015-09-03T10:28:56","date_gmt":"2015-09-03T09:28:56","guid":{"rendered":"http:\/\/www.iuzb.org\/wordpress\/?p=12661"},"modified":"2023-04-05T23:17:39","modified_gmt":"2023-04-05T21:17:39","slug":"flkuechtlingshilfe-bericht-von-herrn-dr-nachtweh-vom-koordinierungsgespraech-in-der-zahnaerztekammer-berlin-vom-02-09-2015","status":"publish","type":"post","link":"https:\/\/iuzb.de\/?p=15002","title":{"rendered":"Fl\u00fcchtlingshilfe: Bericht von Herrn Dr. Nachtweh vom Koordinierungsgespr\u00e4ch in der Zahn\u00e4rztekammer Berlin vom 02.09.2015"},"content":{"rendered":"<p>Eingeladen hatten die KZV und die Z\u00c4K. Unsere Initiative war vertreten durch Herrn Sommer, Herrn Dohmeier, Herrn Gneist und durch mich. Herr Dr. Fischdick und die beiden Mitarbeiterin der KZV und der Z\u00c4K f\u00fcr die \u00d6ffentlichkeitsarbeit waren ebenfalls anwesend.<\/p>\n<p>Nach einigen kurzen Bemerkungen zur Lage vor der LaGeSo und im Rathaus Wilmersdorf, war sich die Versammlung einig, dass heute vorrangig unter Ber\u00fccksichtigung der aktuellen Situation der Fl\u00fcchtlinge vor und in den \u00c4mtern Entscheidungen zu treffen sind.<\/p>\n<ul>\n<li><strong>Im LaGeSo<\/strong> wird in den n\u00e4chsten vier bis sechs Wochen ein zahn\u00e4rztliches Behandlungszentrum geschaffen, in dem dann vor Ort aktiv behandelt werden kann. Die R\u00e4ume sind vorhanden, die Einrichtungsgegenst\u00e4nde werden gekauft, gespendet, gesponsert. F\u00fcr die \u00dcbergangszeit wird in einem Zelt eine mobile zahn\u00e4rztliche Einheit aufgestellt, die unter akzeptablen Bedingungen ein Screening, aber auch in kleinem Umfang eine Notbehandlung erm\u00f6glicht. Die zahn\u00e4rztlichen Behandler und die zahn\u00e4rztlichen Helferinnen rekrutieren sich aus dem vorhandenen Kreis und werden erg\u00e4nzt durch weitere Freiwillige, die sich hoffentlich nach den neuesten Aufrufen der beiden K\u00f6rperschaften melden werden. Es muss weiterhin davon ausgegangen werden, dass die Behandlungen kostenfrei erfolgen m\u00fcssen, weil die Problematik des nicht vorhandenen gr\u00fcnen Scheines erkannt worden ist und auch \u00fcber verschiedene Konstellationen der Abhilfe gesprochen worden ist. Jedoch kann dieses Thema nur auf h\u00f6herer Ebene behandelt werden. Die KZV hat diese Gespr\u00e4che zugesagt. Sie wird sich bem\u00fchen, unsere Vorstellungen zu realisieren.<\/li>\n<\/ul>\n<ul>\n<li><strong>Im Rathaus Wilmersdorf<\/strong> haben wir ja nun bereits ein eigenes Sprechzimmer erhalten. Hier haben wir gute Aussichten, in n\u00e4chster Zeit ebenfalls einen Behandlungsstuhl zu erhalten, der ein besseres Screening erlaubt.<br \/>\nFrau Dr. Neubelt vom zahn\u00e4rztlichen Dienst hat noch einmal bekr\u00e4ftigt, dass in ihrem Haus, also in direkter N\u00e4he zum Rathaus Wilmersdorf, mit geringem Aufwand eine Behandlungssituation geschaffen werden kann, die der einer zahn\u00e4rztlichen Praxis entspricht. Herr Christian Sommer und ich werden in den n\u00e4chsten Tagen das Angebot unter die Lupe nehmen. Mit der Schaffung einer zus\u00e4tzlichen Behandlungsm\u00f6glichkeit haben dann auch diejenigen Kolleginnen und Kollegen und zahn\u00e4rztlichen Helferinnen eine Chance \u00fcber das Screening und Verweisen hinaus aktiv zu werden, die nicht in eigener Praxis t\u00e4tig sind, oder deren Praxis unverh\u00e4ltnism\u00e4\u00dfig weit weg vom Rathaus Wilmersdorf liegt.<\/li>\n<\/ul>\n<ul>\n<li><strong>Die von uns geschaffenen Strukturen bleiben erhalten<\/strong>. Sie werden in der Zukunft auch genutzt werden, wenn mehr feste Behandlungseinrichtungen geschaffen worden sind, weil der Zustrom der Fl\u00fcchtlinge aus den Kriegsgebieten nicht abrei\u00dfen wird. Jedoch ist die gesamte Berliner Zahn\u00e4rzteschaft aufgerufen, auch die Fl\u00fcchtlinge, die in etwa 64 Wohnheimen in Berlin verteilt leben, wenn n\u00f6tig zu behandeln. Hier spielt die Frage nach dem gr\u00fcnen Versicherungsschein eine untergeordnete Rolle.<\/li>\n<\/ul>\n<ul>\n<li>Besonderes Augenmerk verdienen die Kinder und Jugendlichen, die aus den Krisengebieten kommend, einen hohen Kariesbefall aufweisen.<\/li>\n<\/ul>\n<ul>\n<li>Beachten Sie bitte neben unseren Aufrufen in den n\u00e4chsten Tagen auch die offiziellen Verlautbarungen und Pressemitteilungen der beiden K\u00f6rperschaften.<\/li>\n<\/ul>\n<ul>\n<li>Wir bitten weiterhin um Ihre Unterst\u00fctzung, damit ausreichende M\u00f6glichkeiten bestehen, die Behandlungsbed\u00fcrftigen, die im ersten Screening erfasst worden sind und die wirklich als Notf\u00e4lle eingestuft worden sind, nach wenigen Tagen zu behandeln.<\/li>\n<\/ul>\n<ul>\n<li><strong>Nutzen Sie unsere neu konfigurierten <\/strong><strong>Dienstpl\u00e4ne*<\/strong> und das neu geschaffene <strong>Forum<\/strong> zum Gedankenaustausch und zur Kommunikation.<\/li>\n<\/ul>\n<p>Mit kollegialen Gr\u00fc\u00dfen<\/p>\n<p>Peter Nachtweh<\/p>\n<p>&nbsp;<\/p>\n<p>*Abrufbar \u00fcber xxx.xxxxxx@iuzb.xxx<\/p>\n","protected":false},"excerpt":{"rendered":"<p>Eingeladen hatten die KZV und die Z\u00c4K. Unsere Initiative war vertreten durch Herrn Sommer, Herrn Dohmeier, Herrn Gneist und durch mich. Herr Dr. Fischdick und die beiden Mitarbeiterin der KZV [&#8230;]<\/p>\n","protected":false},"author":13,"featured_media":0,"comment_status":"closed","ping_status":"closed","sticky":false,"template":"","format":"standard","meta":{"ngg_post_thumbnail":0,"iawp_total_views":1,"footnotes":""},"categories":[165],"tags":[],"class_list":["post-15002","post","type-post","status-publish","format-standard","hentry","category-fluechtlingshilfe"],"_links":{"self":[{"href":"https:\/\/iuzb.de\/index.php?rest_route=\/wp\/v2\/posts\/15002","targetHints":{"allow":["GET"]}}],"collection":[{"href":"https:\/\/iuzb.de\/index.php?rest_route=\/wp\/v2\/posts"}],"about":[{"href":"https:\/\/iuzb.de\/index.php?rest_route=\/wp\/v2\/types\/post"}],"author":[{"embeddable":true,"href":"https:\/\/iuzb.de\/index.php?rest_route=\/wp\/v2\/users\/13"}],"replies":[{"embeddable":true,"href":"https:\/\/iuzb.de\/index.php?rest_route=%2Fwp%2Fv2%2Fcomments&post=15002"}],"version-history":[{"count":2,"href":"https:\/\/iuzb.de\/index.php?rest_route=\/wp\/v2\/posts\/15002\/revisions"}],"predecessor-version":[{"id":41894,"href":"https:\/\/iuzb.de\/index.php?rest_route=\/wp\/v2\/posts\/15002\/revisions\/41894"}],"wp:attachment":[{"href":"https:\/\/iuzb.de\/index.php?rest_route=%2Fwp%2Fv2%2Fmedia&parent=15002"}],"wp:term":[{"taxonomy":"category","embeddable":true,"href":"https:\/\/iuzb.de\/index.php?rest_route=%2Fwp%2Fv2%2Fcategories&post=15002"},{"taxonomy":"post_tag","embeddable":true,"href":"https:\/\/iuzb.de\/index.php?rest_route=%2Fwp%2Fv2%2Ftags&post=15002"}],"curies":[{"name":"wp","href":"https:\/\/api.w.org\/{rel}","templated":true}]}}