{"id":15001,"date":"2015-09-02T12:10:01","date_gmt":"2015-09-02T11:10:01","guid":{"rendered":"http:\/\/www.iuzb.org\/wordpress\/?p=12642"},"modified":"2016-11-09T18:36:29","modified_gmt":"2016-11-09T17:36:29","slug":"kzv-berlin-zahnmedizinische-notfall-versorgung-von-fluechtlingen-und-migranten","status":"publish","type":"post","link":"https:\/\/iuzb.de\/?p=15001","title":{"rendered":"KZV und Z\u00c4K zur Fl\u00fcchtlingshilfe"},"content":{"rendered":"<p>&nbsp;<\/p>\n<p><span style=\"font-size: 10pt;\">Z\u00c4K Berlin, 02.09.2015:\u00a0<\/span><\/p>\n<ul>\n<li><span style=\"font-size: 14pt;\"><a href=\"http:\/\/www.zaek-berlin.de\/zahnaerzte\/aktuelles\/aktuelles-detail\/article\/7\/zahnmedizinische-erstversorgung-von-fluechtlingen.html?no_cache=1&amp;cHash=b7de6cafaa2b758754b81ae9f7e86cfe\" target=\"_blank\">Zahnmedizinische Erstversorgung von Fl\u00fcchtlingen<br \/>\n<\/a><\/span><strong>Helfen Sie mit, engagieren Sie sich! Informationen erhalten Sie bei der Zahn\u00e4rztekammer Berlin.<\/strong><\/li>\n<\/ul>\n<p>&nbsp;<\/p>\n<p><span style=\"font-size: 18pt;\"><span style=\"font-size: 10pt;\">KZV Berlin, 01.09.2015: <\/span><\/span><\/p>\n<ul>\n<li><span style=\"font-size: 14pt;\"><a href=\"http:\/\/www.kzv-berlin.de\/fileadmin\/user_upload\/Publikationen\/Rundschreiben\/2015\/Sonderrundschreiben_2015_09_01.pdf\" target=\"_blank\">Zahnmedizinische Notfall-Versorgung von Fl\u00fcchtlingen und Migranten<\/a><\/span><\/li>\n<\/ul>\n<p><span style=\"color: #ffffff;\">.<\/span><\/p>\n<p><span style=\"color: #ffffff;\">.<\/span><\/p>\n","protected":false},"excerpt":{"rendered":"<p>&nbsp; Z\u00c4K Berlin, 02.09.2015:\u00a0 Zahnmedizinische Erstversorgung von Fl\u00fcchtlingen Helfen Sie mit, engagieren Sie sich! Informationen erhalten Sie bei der Zahn\u00e4rztekammer Berlin. &nbsp; KZV Berlin, 01.09.2015: Zahnmedizinische Notfall-Versorgung von Fl\u00fcchtlingen und [&#8230;]<\/p>\n","protected":false},"author":13,"featured_media":0,"comment_status":"open","ping_status":"open","sticky":false,"template":"","format":"standard","meta":{"ngg_post_thumbnail":0,"iawp_total_views":0,"footnotes":""},"categories":[165,45,46],"tags":[],"class_list":["post-15001","post","type-post","status-publish","format-standard","hentry","category-fluechtlingshilfe","category-kzv-berlin","category-zahnaerztekammer-berlin"],"_links":{"self":[{"href":"https:\/\/iuzb.de\/index.php?rest_route=\/wp\/v2\/posts\/15001","targetHints":{"allow":["GET"]}}],"collection":[{"href":"https:\/\/iuzb.de\/index.php?rest_route=\/wp\/v2\/posts"}],"about":[{"href":"https:\/\/iuzb.de\/index.php?rest_route=\/wp\/v2\/types\/post"}],"author":[{"embeddable":true,"href":"https:\/\/iuzb.de\/index.php?rest_route=\/wp\/v2\/users\/13"}],"replies":[{"embeddable":true,"href":"https:\/\/iuzb.de\/index.php?rest_route=%2Fwp%2Fv2%2Fcomments&post=15001"}],"version-history":[{"count":1,"href":"https:\/\/iuzb.de\/index.php?rest_route=\/wp\/v2\/posts\/15001\/revisions"}],"predecessor-version":[{"id":15149,"href":"https:\/\/iuzb.de\/index.php?rest_route=\/wp\/v2\/posts\/15001\/revisions\/15149"}],"wp:attachment":[{"href":"https:\/\/iuzb.de\/index.php?rest_route=%2Fwp%2Fv2%2Fmedia&parent=15001"}],"wp:term":[{"taxonomy":"category","embeddable":true,"href":"https:\/\/iuzb.de\/index.php?rest_route=%2Fwp%2Fv2%2Fcategories&post=15001"},{"taxonomy":"post_tag","embeddable":true,"href":"https:\/\/iuzb.de\/index.php?rest_route=%2Fwp%2Fv2%2Ftags&post=15001"}],"curies":[{"name":"wp","href":"https:\/\/api.w.org\/{rel}","templated":true}]}}